{"id":100171,"date":"2024-10-03T12:12:14","date_gmt":"2024-10-03T12:12:14","guid":{"rendered":"https:\/\/kamucalisani.net\/?p=100171"},"modified":"2024-10-03T12:12:14","modified_gmt":"2024-10-03T12:12:14","slug":"canli-anlatim-yari-finalde-ispanyanin-rakibi-fransa-euro-2024te-dev-mac-2","status":"publish","type":"post","link":"https:\/\/kamucalisani.net\/index.php\/2024\/10\/03\/canli-anlatim-yari-finalde-ispanyanin-rakibi-fransa-euro-2024te-dev-mac-2\/","title":{"rendered":"Canl\u0131 Anlat\u0131m:                         Yar\u0131 finalde \u0130spanya&#8217;n\u0131n rakibi Fransa! EURO 2024&#8217;te dev ma\u00e7"},"content":{"rendered":"<p><p>\u0130spanya, 2024 Avrupa \u015eampiyonas\u0131 Yar\u0131 Final ma\u00e7\u0131nda Fransa ile kar\u015f\u0131 kar\u015f\u0131ya geliyor. Heyecan dolu m\u00fcsabakada Slavko Vincic d\u00fcd\u00fck \u00e7al\u0131yor. Zorlu m\u00fccadele Allianz Arena&#8217;da oynan\u0131yor.<\/p>\n<section>\n<div>\n<div> <img decoding=\"async\" src=\"https:\/\/kamucalisani.net\/wp-content\/uploads\/2024\/10\/canli-anlatim-RlwDwuTB.jpg\"\/><\/img> <\/p>\n<p> EURO 2024&#8217;te erken final heyecan\u0131 <\/p>\n<\/div>\n<div> <span>22:00<\/span> <span>09 Temmuz 2024<\/span> <\/p>\n<div> \u0130LK D\u00dcD\u00dcK GELD\u0130 <\/div>\n<div>\n<p>Slavko Vincic&#8217;in ilk d\u00fcd\u00fc\u011f\u00fc sonras\u0131 \u0130spanya &#8211; Fransa ma\u00e7\u0131 ba\u015flad\u0131. Santra vuru\u015fu sonras\u0131 oyun hareketlendi!<\/p>\n<\/div>\n<div>\n<div>\n<div> <span> <img decoding=\"async\" src=\"https:\/\/kamucalisani.net\/wp-content\/uploads\/2024\/10\/canli-anlatim-axFsAc7n.jpg\"\/><\/img> <\/span> <\/div>\n<\/p><\/div>\n<\/p><\/div>\n<\/p><\/div>\n<div> <span>20:14<\/span> <span>09 Temmuz 2024<\/span> <\/p>\n<div> \u0130SPANYA&#8217;NIN 11&#8217;\u0130 BELL\u0130 OLDU <\/div>\n<div>\n<p><strong>\u0130spanya Teknik Direkt\u00f6r\u00fc Luis de la Fuente, Fransa ma\u00e7\u0131 11&#8217;ini belirledi. \u0130spanya&#8217;n\u0131n Fransa kar\u015f\u0131s\u0131ndaki 11&#8217;i \u015fu \u015fekilde:<\/strong><\/p>\n<p>Unai Simon, Jesus Navas, Nacho, Laporte, Cucurella, Rodri, Fabian Ruiz, Dani Olmo, Lamine Yamal, Nico Williams, Morata.<\/p>\n<\/div>\n<div>\n<div>\n<div> <span> <img decoding=\"async\" src=\"https:\/\/kamucalisani.net\/wp-content\/uploads\/2024\/10\/canli-anlatim-axFsAc7n.jpg\"\/><\/img> <\/span> <\/div>\n<\/p><\/div>\n<\/p><\/div>\n<\/p><\/div>\n<div> <span>20:14<\/span> <span>09 Temmuz 2024<\/span> <\/p>\n<div> FRANSA&#8217;NIN 11&#8217;\u0130 BELL\u0130 OLDU <\/div>\n<div>\n<p><strong>Fransa Teknik Direkt\u00f6r\u00fc Didier Deschamps, \u0130spanya ma\u00e7\u0131 11&#8217;ini belirledi. Fransa&#8217;n\u0131n \u0130spanya ma\u00e7\u0131 11&#8217;i \u015fu \u015fekilde:<\/strong><\/p>\n<p>Maignan, Kounde, Upamecano, Saliba, Theo Hernandez, N&#8217;Golo Kante, Tchouameni, Adrien Rabiot, Ousmane Dembele, Randal Kolo Muani, Mbappe.<\/p>\n<\/div>\n<div>\n<div>\n<div> <span> <img decoding=\"async\" src=\"https:\/\/kamucalisani.net\/wp-content\/uploads\/2024\/10\/canli-anlatim-axFsAc7n.jpg\"\/><\/img> <\/span> <\/div>\n<\/p><\/div>\n<\/p><\/div>\n<\/p><\/div>\n<div> <span>18:17<\/span> <span>09 Temmuz 2024<\/span> <\/p>\n<div> MA\u00c7IN HAKEM KADROSU <\/div>\n<div>\n<p>\u0130spanya ile Fransa aras\u0131ndaki m\u00fcthi\u015f m\u00fcsabakada Slovenya Futbol Federasyonu&#8217;ndan Slavko Vincic d\u00fcd\u00fck \u00e7alacak. Slavko Vincic&#8217;in yard\u0131mc\u0131l\u0131klar\u0131n\u0131 Tomaz Klancnik ile Andraz Kovacic \u00fcstlenecek.<\/p>\n<p>VAR&#8217;da Nejc Kajtazovic, AVAR&#8217;da ise Paolo Valeri ile Massimiliano Irrati g\u00f6rev alacak.<\/p>\n<\/div>\n<div>\n<div>\n<div> <span> <img decoding=\"async\" src=\"https:\/\/kamucalisani.net\/wp-content\/uploads\/2024\/10\/canli-anlatim-axFsAc7n.jpg\"\/><\/img> <\/span> <\/div>\n<\/p><\/div>\n<\/p><\/div>\n<\/p><\/div>\n<div> <span>18:17<\/span> <span>09 Temmuz 2024<\/span> <\/p>\n<div> ALLIANZ ARENA&#8217;DA OYNANACAK <\/div>\n<div>\n<p>\u0130spanya ile Fransa aras\u0131ndaki heyecan dolu kar\u015f\u0131la\u015fma 22.00&#8217;de ba\u015flayacak. Kritik m\u00fcsabaka Allianz Arena&#8217;da oynanacak.<\/p>\n<p>M\u00fcthi\u015f m\u00fccadelenin canl\u0131 anlat\u0131m\u0131 SKORER&#8217;de olacak.<\/p>\n<\/div>\n<div>\n<div>\n<div> <span> <img decoding=\"async\" src=\"https:\/\/kamucalisani.net\/wp-content\/uploads\/2024\/10\/canli-anlatim-axFsAc7n.jpg\"\/><\/img> <\/span> <\/div>\n<\/p><\/div>\n<\/p><\/div>\n<\/p><\/div>\n<div> <span>18:16<\/span> <span>09 Temmuz 2024<\/span> <\/p>\n<div> TRT 1&#8217;DE YAYINLANACAK <\/div>\n<div>\n<p>\u0130spanya &#8211; Fransa ma\u00e7\u0131 22.00&#8217;de ba\u015flayacak. Allianz Arena&#8217;daki m\u00fcsabaka TRT 1 ekranlar\u0131ndan canl\u0131 olarak yay\u0131nlanacak.<\/p>\n<p>M\u00fcthi\u015f m\u00fcsabakan\u0131n canl\u0131 anlat\u0131m\u0131n\u0131 SKORER&#8217;den takip edebilirsiniz.<\/p>\n<\/div>\n<div>\n<div>\n<div> <span> <img decoding=\"async\" src=\"https:\/\/kamucalisani.net\/wp-content\/uploads\/2024\/10\/canli-anlatim-axFsAc7n.jpg\"\/><\/img> <\/span> <\/div>\n<\/p><\/div>\n<\/p><\/div>\n<\/p><\/div>\n<\/p><\/div>\n<div>\n<div> <img decoding=\"async\" src=\"https:\/\/kamucalisani.net\/wp-content\/uploads\/2024\/10\/canli-anlatim-HSqIvjRf.jpg\"\/><\/img> <\/p>\n<p><b>Canl\u0131 Anlat\u0131m \u00d6zeti<\/b><\/p>\n<\/div>\n<ul>\n<li> <img decoding=\"async\" src=\"https:\/\/kamucalisani.net\/wp-content\/uploads\/2024\/10\/canli-anlatim-2JWnXeGD.jpg\"\/><\/img> \u0130LK D\u00dcD\u00dcK GELD\u0130 <\/li>\n<li> <img decoding=\"async\" src=\"https:\/\/kamucalisani.net\/wp-content\/uploads\/2024\/10\/canli-anlatim-2JWnXeGD.jpg\"\/><\/img> \u0130SPANYA&#8217;NIN 11&#8217;\u0130 BELL\u0130 OLDU <\/li>\n<li> <img decoding=\"async\" src=\"https:\/\/kamucalisani.net\/wp-content\/uploads\/2024\/10\/canli-anlatim-2JWnXeGD.jpg\"\/><\/img> FRANSA&#8217;NIN 11&#8217;\u0130 BELL\u0130 OLDU <\/li>\n<li> <img decoding=\"async\" src=\"https:\/\/kamucalisani.net\/wp-content\/uploads\/2024\/10\/canli-anlatim-2JWnXeGD.jpg\"\/><\/img> MA\u00c7IN HAKEM KADROSU <\/li>\n<li> <img decoding=\"async\" src=\"https:\/\/kamucalisani.net\/wp-content\/uploads\/2024\/10\/canli-anlatim-2JWnXeGD.jpg\"\/><\/img> ALLIANZ ARENA&#8217;DA OYNANACAK <\/li>\n<li> <img decoding=\"async\" src=\"https:\/\/kamucalisani.net\/wp-content\/uploads\/2024\/10\/canli-anlatim-2JWnXeGD.jpg\"\/><\/img> TRT 1&#8217;DE YAYINLANACAK <\/li>\n<\/ul><\/div>\n<\/section>\n<p><\/p>\n<p>Kaynak :\u00a0<span style=\"background-color: rgb(255, 249, 236); color: rgb(55, 58, 60); font-size: 14px;\">http:\/\/www.milliyet.com.tr\/skorer\/live-yari-finalde-ispanyanin-rakibi-fransa-euro-2024te-dev-mac-7153544<\/span><\/p>\n","protected":false},"excerpt":{"rendered":"<p>2024 Avrupa \u015eampiyonas\u0131 Yar\u0131 Final ma\u00e7\u0131nda \u0130spanya ile Fransa kozlar\u0131n\u0131 payla\u015f\u0131yor.<\/p>\n","protected":false},"author":1,"featured_media":100172,"comment_status":"open","ping_status":"open","sticky":false,"template":"","format":"standard","meta":{"footnotes":""},"categories":[7],"tags":[974,214,1228,2457],"class_list":["post-100171","post","type-post","status-publish","format-standard","has-post-thumbnail","hentry","category-spor","tag-11i","tag-fransa","tag-ispanya","tag-musabaka"],"_links":{"self":[{"href":"https:\/\/kamucalisani.net\/index.php\/wp-json\/wp\/v2\/posts\/100171","targetHints":{"allow":["GET"]}}],"collection":[{"href":"https:\/\/kamucalisani.net\/index.php\/wp-json\/wp\/v2\/posts"}],"about":[{"href":"https:\/\/kamucalisani.net\/index.php\/wp-json\/wp\/v2\/types\/post"}],"author":[{"embeddable":true,"href":"https:\/\/kamucalisani.net\/index.php\/wp-json\/wp\/v2\/users\/1"}],"replies":[{"embeddable":true,"href":"https:\/\/kamucalisani.net\/index.php\/wp-json\/wp\/v2\/comments?post=100171"}],"version-history":[{"count":1,"href":"https:\/\/kamucalisani.net\/index.php\/wp-json\/wp\/v2\/posts\/100171\/revisions"}],"predecessor-version":[{"id":100187,"href":"https:\/\/kamucalisani.net\/index.php\/wp-json\/wp\/v2\/posts\/100171\/revisions\/100187"}],"wp:featuredmedia":[{"embeddable":true,"href":"https:\/\/kamucalisani.net\/index.php\/wp-json\/wp\/v2\/media\/100172"}],"wp:attachment":[{"href":"https:\/\/kamucalisani.net\/index.php\/wp-json\/wp\/v2\/media?parent=100171"}],"wp:term":[{"taxonomy":"category","embeddable":true,"href":"https:\/\/kamucalisani.net\/index.php\/wp-json\/wp\/v2\/categories?post=100171"},{"taxonomy":"post_tag","embeddable":true,"href":"https:\/\/kamucalisani.net\/index.php\/wp-json\/wp\/v2\/tags?post=100171"}],"curies":[{"name":"wp","href":"https:\/\/api.w.org\/{rel}","templated":true}]}}