{"id":100224,"date":"2024-10-03T14:36:09","date_gmt":"2024-10-03T14:36:09","guid":{"rendered":"https:\/\/kamucalisani.net\/?p=100224"},"modified":"2024-10-03T14:36:09","modified_gmt":"2024-10-03T14:36:09","slug":"disisleri-bakanligindan-israile-tepki-filistin-halkini-topyekun-yok-etmeyi-amacladiginin-somut-birer-kaniti","status":"publish","type":"post","link":"https:\/\/kamucalisani.net\/index.php\/2024\/10\/03\/disisleri-bakanligindan-israile-tepki-filistin-halkini-topyekun-yok-etmeyi-amacladiginin-somut-birer-kaniti\/","title":{"rendered":"D\u0131\u015fi\u015fleri Bakanl\u0131\u011f\u0131&#8217;ndan \u0130srail&#8217;e tepki! &#8216;Filistin halk\u0131n\u0131 topyek\u00fbn yok etmeyi ama\u00e7lad\u0131\u011f\u0131n\u0131n somut birer kan\u0131t\u0131&#8217;"},"content":{"rendered":"<p><p>D\u0131\u015fi\u015fleri Bakanl\u0131\u011f\u0131ndan, yap\u0131lan yaz\u0131l\u0131 a\u00e7\u0131klamada, \u201c\u0130srail\u2019in, Gazze\u2019nin Han Yunus kentinde Filistinlilerin s\u0131\u011f\u0131nd\u0131\u011f\u0131 bir okulda onlarca masum sivili katletmesini lanetliyoruz. Han Yunus\u2019ta ortaya \u00e7\u0131kar\u0131lan toplu mezarlar ve son 4 g\u00fcnde buradaki d\u00f6rt okulun hedef al\u0131nmas\u0131, \u0130srail\u2019in Filistin halk\u0131n\u0131 topyek\u00fbn yok etmeyi ama\u00e7lad\u0131\u011f\u0131n\u0131n somut birer kan\u0131t\u0131d\u0131r. Bu sald\u0131r\u0131lar, Netanyahu H\u00fck\u00fcmetinin ate\u015fkes m\u00fczakerelerini baltalamay\u0131 hedefledi\u011fini de g\u00f6stermi\u015ftir. \u0130srailli yetkililer, insanl\u0131\u011f\u0131n t\u00fcm de\u011ferlerini ve uluslararas\u0131 hukuku hi\u00e7e sayan bu eylemlerinden \u00f6t\u00fcr\u00fc kanun \u00f6n\u00fcnde hesap vereceklerdir\u201d ifadelerine yer verildi.<\/p>\n<p><strong>\u0130SRA\u0130L OKULA SALDIRDI<\/strong><\/p>\n<p>\u0130srail&#8217;in Gazze \u015eeridi&#8217;nin Han Yunus kentinde yerlerinden edilmi\u015f Filistinlilerin s\u0131\u011f\u0131nd\u0131\u011f\u0131 okulun kap\u0131s\u0131na d\u00fczenledi\u011fi sald\u0131r\u0131da 25 Filistinli \u00f6ld\u00fc, 53&#8217;ten fazla ki\u015fi yaraland\u0131. Filistin Sa\u011fl\u0131k Bakanl\u0131\u011f\u0131ndan yap\u0131lan yaz\u0131l\u0131 a\u00e7\u0131klamada, &#8220;\u0130\u015fgalciler Han Yunus kentinin do\u011fusundaki Abesan beldesinde yerinden edilmi\u015f ki\u015filerin bar\u0131nd\u0131\u011f\u0131 bir okulu hedef alarak i\u011fren\u00e7 bir katliam ger\u00e7ekle\u015ftirdi.&#8221; ifadelerine yer verildi.<\/p>\n<p>Sald\u0131r\u0131da ilk belirlemelere g\u00f6re 25 ki\u015finin \u00f6ld\u00fc\u011f\u00fc, 53&#8217;ten fazla ki\u015finin yaraland\u0131\u011f\u0131 belirtildi.<\/p>\n<p>Filistin K\u0131z\u0131lay\u0131ndan yap\u0131lan yaz\u0131l\u0131 a\u00e7\u0131klamada, ilk yard\u0131m ekiplerinin yaral\u0131lar\u0131 kentteki Nas\u0131r ve El-Emel hastanelerine nakletmek i\u00e7in \u00e7al\u0131\u015ft\u0131\u011f\u0131 aktar\u0131ld\u0131.<\/p>\n<p>Ayr\u0131ca Filistin K\u0131z\u0131lay\u0131 \u0130srail&#8217;in Han Yunus&#8217;un merkezindeki Ebu Hamid Kav\u015fa\u011f\u0131&#8217;n\u0131 bombalamas\u0131 sonucu \u00f6len ve yaralananlar oldu\u011funu a\u00e7\u0131klad\u0131.<\/p>\n<p>Yakla\u015f\u0131k 2,3 milyon ki\u015finin ya\u015fad\u0131\u011f\u0131 Gazze&#8217;de, zorunlu g\u00f6\u00e7 Filistinlilerin hayat\u0131n\u0131n bir par\u00e7as\u0131 halinde geldi. Sald\u0131r\u0131lar\u0131n ba\u015flad\u0131\u011f\u0131 7 Ekim 2023&#8217;ten bu yana Gazze&#8217;deki Filistinlilerin yakla\u015f\u0131k 2 milyonu zorla yerinden edildi.<\/p>\n<p>\u0130srail ordusunun sald\u0131r\u0131lar\u0131 nedeniyle milyonlarca Filistinli, defalarca g\u00f6\u00e7 etmek zorunda kald\u0131.<\/p>\n<p>Sald\u0131r\u0131lardan ka\u00e7arak Gazze&#8217;nin g\u00fcneyindeki HanYunus ve Refah&#8217;a s\u0131\u011f\u0131nan Filistinlileri defalarca yerinden eden \u0130srail, b\u00f6lge halk\u0131n\u0131 zorunlu g\u00f6\u00e7e s\u00fcr\u00fcklemeye devam ediyor.<\/p>\n<p>\u0130srail Ordu S\u00f6zc\u00fcs\u00fc Avichay Adraee de 1 Temmuz&#8217;da X sosyal medya platformundan yapt\u0131\u011f\u0131 a\u00e7\u0131klamada, Filistinlilerden Han Yunuskentinin do\u011fusundaki b\u00f6lgeleri g\u00fcvenlikleri i\u00e7in acilen bo\u015faltmalar\u0131n\u0131 istemi\u015fti.<\/p>\n\n<p><\/p>\n<p>Kaynak :\u00a0<span style=\"background-color: rgb(255, 249, 236); color: rgb(55, 58, 60); font-size: 14px;\">http:\/\/www.milliyet.com.tr\/gundem\/disisleri-bakanligindan-israile-tepki-filistin-halkini-topyek-n-yok-etmeyi-amacladiginin-somut-birer-kaniti-7153642<\/span><\/p>\n","protected":false},"excerpt":{"rendered":"<p>D\u0131\u015fi\u015fleri Bakanl\u0131\u011f\u0131, \u201c\u0130srail\u2019in, Gazze\u2019nin Han Yunus kentinde Filistinlilerin s\u0131\u011f\u0131nd\u0131\u011f\u0131 bir okulda onlarca masum sivili katletmesini lanetliyoruz\u201d a\u00e7\u0131klamas\u0131nda bulundu.<\/p>\n","protected":false},"author":1,"featured_media":100225,"comment_status":"open","ping_status":"open","sticky":false,"template":"","format":"standard","meta":{"footnotes":""},"categories":[3],"tags":[646,663,6533,620],"class_list":["post-100224","post","type-post","status-publish","format-standard","has-post-thumbnail","hentry","category-guncel","tag-filistin","tag-gazze","tag-han-yunus","tag-israil"],"_links":{"self":[{"href":"https:\/\/kamucalisani.net\/index.php\/wp-json\/wp\/v2\/posts\/100224","targetHints":{"allow":["GET"]}}],"collection":[{"href":"https:\/\/kamucalisani.net\/index.php\/wp-json\/wp\/v2\/posts"}],"about":[{"href":"https:\/\/kamucalisani.net\/index.php\/wp-json\/wp\/v2\/types\/post"}],"author":[{"embeddable":true,"href":"https:\/\/kamucalisani.net\/index.php\/wp-json\/wp\/v2\/users\/1"}],"replies":[{"embeddable":true,"href":"https:\/\/kamucalisani.net\/index.php\/wp-json\/wp\/v2\/comments?post=100224"}],"version-history":[{"count":1,"href":"https:\/\/kamucalisani.net\/index.php\/wp-json\/wp\/v2\/posts\/100224\/revisions"}],"predecessor-version":[{"id":100226,"href":"https:\/\/kamucalisani.net\/index.php\/wp-json\/wp\/v2\/posts\/100224\/revisions\/100226"}],"wp:featuredmedia":[{"embeddable":true,"href":"https:\/\/kamucalisani.net\/index.php\/wp-json\/wp\/v2\/media\/100225"}],"wp:attachment":[{"href":"https:\/\/kamucalisani.net\/index.php\/wp-json\/wp\/v2\/media?parent=100224"}],"wp:term":[{"taxonomy":"category","embeddable":true,"href":"https:\/\/kamucalisani.net\/index.php\/wp-json\/wp\/v2\/categories?post=100224"},{"taxonomy":"post_tag","embeddable":true,"href":"https:\/\/kamucalisani.net\/index.php\/wp-json\/wp\/v2\/tags?post=100224"}],"curies":[{"name":"wp","href":"https:\/\/api.w.org\/{rel}","templated":true}]}}