{"id":100329,"date":"2024-10-03T17:24:06","date_gmt":"2024-10-03T17:24:06","guid":{"rendered":"https:\/\/kamucalisani.net\/?p=100329"},"modified":"2024-10-03T17:24:06","modified_gmt":"2024-10-03T17:24:06","slug":"srebrenitsa-soykiriminina-iliskin-karar-resmi-gazetede","status":"publish","type":"post","link":"https:\/\/kamucalisani.net\/index.php\/2024\/10\/03\/srebrenitsa-soykiriminina-iliskin-karar-resmi-gazetede\/","title":{"rendered":"Srebrenitsa Soyk\u0131r\u0131m\u0131n\u0131&#8217;na ili\u015fkin karar Resmi Gazete&#8217;de"},"content":{"rendered":"<p><p>&#8220;Srebrenitsa Soyk\u0131r\u0131m\u0131n\u0131 Uluslararas\u0131 D\u00fc\u015f\u00fcnme ve Anma G\u00fcn\u00fc&#8217;ne ili\u015fkin Cumhurba\u015fkanl\u0131\u011f\u0131 Genelgesi&#8221; Resmi Gazete&#8217;de<br \/>Cumhurba\u015fkan\u0131 Recep Tayyip Erdo\u011fan imzas\u0131yla yay\u0131mlanan genelgede, 11 Temmuz 1995&#8217;te Bosna Hersek&#8217;te 8 binden fazla insan\u0131n katledilmesi nedeniyle Uluslararas\u0131 Adalet Divan\u0131 taraf\u0131ndan Avrupa&#8217;da ya\u015fanan ve \u0130kinci D\u00fcnya Sava\u015f\u0131&#8217;ndan sonraki en b\u00fcy\u00fck soyk\u0131r\u0131m olarak nitelendirilen Srebrenitsa soyk\u0131r\u0131m\u0131n\u0131n, insanl\u0131k tarihine kara bir leke olarak ge\u00e7ti\u011fi belirtildi.<\/p>\n<p>Birle\u015fmi\u015f Milletler Genel Kurulu taraf\u0131ndan 23 May\u0131s 2024 tarihli kararla 11 Temmuz&#8217;un &#8220;Srebrenitsa Soyk\u0131r\u0131m\u0131n\u0131 Uluslararas\u0131 D\u00fc\u015f\u00fcnme ve Anma G\u00fcn\u00fc&#8221; olarak kabul edildi\u011fi an\u0131msat\u0131lan genelgede, bu kararda tarihsel bir olay olarak Srebrenitsa soyk\u0131r\u0131m\u0131ndan sorumlu olanlar da dahil olmak \u00fczere uluslararas\u0131 mahkemeler taraf\u0131ndan sava\u015f su\u00e7lar\u0131, insanl\u0131\u011fa kar\u015f\u0131 su\u00e7lar ve soyk\u0131r\u0131mdan h\u00fck\u00fcm giyenleri y\u00fccelten eylemlerin \u00e7ekincesiz \u015fekilde k\u0131nand\u0131\u011f\u0131 ve \u00fcye devletlere soyk\u0131r\u0131m\u0131n inkar\u0131n\u0131n, \u00e7arp\u0131t\u0131lmas\u0131n\u0131n ve gelecekte benzer olaylar\u0131n meydana gelmesinin \u00f6nlenmesi i\u00e7in uygun programlar\u0131n e\u011fitim m\u00fcfredat\u0131na dahil edilmesinin tavsiye edildi\u011fi hat\u0131rlat\u0131ld\u0131.<\/p>\n<p><em><strong>Genelgede, \u015fu ifadelere yer verildi:<\/strong><\/em><\/p>\n<p>&#8220;Bu kapsamda Srebrenitsa&#8217;daki soyk\u0131r\u0131m kurbanlar\u0131n\u0131n an\u0131s\u0131na ve onuruna d\u00fczenlenecek \u00f6zel anma etkinlikleri, e\u011fitim ve halk\u0131 bilin\u00e7lendirme faaliyetleri vas\u0131tas\u0131yla t\u00fcm d\u00fcnyada fark\u0131ndal\u0131k olu\u015fturmak i\u00e7in kabul edilen 11 Temmuz G\u00fcn\u00fc, ac\u0131lar\u0131n payla\u015f\u0131lmas\u0131, soyk\u0131r\u0131m\u0131n ve insanl\u0131\u011fa kar\u015f\u0131 i\u015flenen su\u00e7lar\u0131n k\u0131nanmas\u0131 amac\u0131yla \u00fclkemizde de &#8216;Srebrenitsa Soyk\u0131r\u0131m\u0131n\u0131 Uluslararas\u0131 D\u00fc\u015f\u00fcnme ve Anma G\u00fcn\u00fc&#8217; olarak yad edilecektir.<\/p>\n<p>11 Temmuz Srebrenitsa Soyk\u0131r\u0131m\u0131n\u0131 Uluslararas\u0131 D\u00fc\u015f\u00fcnme ve Anma G\u00fcn\u00fc kapsam\u0131nda d\u00fczenlenecek etkinlikler D\u0131\u015fi\u015fleri Bakanl\u0131\u011f\u0131 koordinasyonunda ilgili kamu kurum ve kurulu\u015flar\u0131yla birlikte y\u00fcr\u00fct\u00fclecektir. Bu \u00e7er\u00e7evede tertiplenecek etkinliklerin en iyi \u015fekilde ger\u00e7ekle\u015ftirilebilmesi i\u00e7in ihtiya\u00e7 duyulacak her t\u00fcrl\u00fc destek ve yard\u0131m\u0131n t\u00fcm kamu kurum ve kurulu\u015flar\u0131nca geciktirilmeksizin yerine getirilmesi hususunda bilgilerini ve gere\u011fini rica ederim.&#8221;<\/p>\n\n<p><\/p>\n<p>Kaynak :\u00a0<span style=\"background-color: rgb(255, 249, 236); color: rgb(55, 58, 60); font-size: 14px;\">http:\/\/www.milliyet.com.tr\/gundem\/srebrenitsa-soykiriminina-iliskin-karar-resmi-gazetede-7153683<\/span><\/p>\n","protected":false},"excerpt":{"rendered":"<p>11 Temmuz Srebrenitsa Soyk\u0131r\u0131m\u0131n\u0131 Uluslararas\u0131 D\u00fc\u015f\u00fcnme ve Anma G\u00fcn\u00fc ile ilgili Cumhurba\u015fkanl\u0131\u011f\u0131 Genelgesi&#8221; Resmi Gazete&#8217;de yay\u0131mland\u0131.<\/p>\n","protected":false},"author":1,"featured_media":100330,"comment_status":"open","ping_status":"open","sticky":false,"template":"","format":"standard","meta":{"footnotes":""},"categories":[3],"tags":[6535,4145,2277],"class_list":["post-100329","post","type-post","status-publish","format-standard","has-post-thumbnail","hentry","category-guncel","tag-anma","tag-soykirim","tag-uluslararasi"],"_links":{"self":[{"href":"https:\/\/kamucalisani.net\/index.php\/wp-json\/wp\/v2\/posts\/100329","targetHints":{"allow":["GET"]}}],"collection":[{"href":"https:\/\/kamucalisani.net\/index.php\/wp-json\/wp\/v2\/posts"}],"about":[{"href":"https:\/\/kamucalisani.net\/index.php\/wp-json\/wp\/v2\/types\/post"}],"author":[{"embeddable":true,"href":"https:\/\/kamucalisani.net\/index.php\/wp-json\/wp\/v2\/users\/1"}],"replies":[{"embeddable":true,"href":"https:\/\/kamucalisani.net\/index.php\/wp-json\/wp\/v2\/comments?post=100329"}],"version-history":[{"count":1,"href":"https:\/\/kamucalisani.net\/index.php\/wp-json\/wp\/v2\/posts\/100329\/revisions"}],"predecessor-version":[{"id":100331,"href":"https:\/\/kamucalisani.net\/index.php\/wp-json\/wp\/v2\/posts\/100329\/revisions\/100331"}],"wp:featuredmedia":[{"embeddable":true,"href":"https:\/\/kamucalisani.net\/index.php\/wp-json\/wp\/v2\/media\/100330"}],"wp:attachment":[{"href":"https:\/\/kamucalisani.net\/index.php\/wp-json\/wp\/v2\/media?parent=100329"}],"wp:term":[{"taxonomy":"category","embeddable":true,"href":"https:\/\/kamucalisani.net\/index.php\/wp-json\/wp\/v2\/categories?post=100329"},{"taxonomy":"post_tag","embeddable":true,"href":"https:\/\/kamucalisani.net\/index.php\/wp-json\/wp\/v2\/tags?post=100329"}],"curies":[{"name":"wp","href":"https:\/\/api.w.org\/{rel}","templated":true}]}}