{"id":100362,"date":"2024-10-03T19:24:06","date_gmt":"2024-10-03T19:24:06","guid":{"rendered":"https:\/\/kamucalisani.net\/?p=100362"},"modified":"2024-10-03T19:24:06","modified_gmt":"2024-10-03T19:24:06","slug":"trabzonspor-attila-szalaide-orta-yolu-bulamadi","status":"publish","type":"post","link":"https:\/\/kamucalisani.net\/index.php\/2024\/10\/03\/trabzonspor-attila-szalaide-orta-yolu-bulamadi\/","title":{"rendered":"Trabzonspor, Attila Szalai&#8217;de orta yolu bulamad\u0131!"},"content":{"rendered":"<p><p>Transferin h\u0131zl\u0131 kul\u00fcb\u00fc Trabzonspor, Attila Szalai\u2019de problemle kar\u015f\u0131la\u015ft\u0131. Denis Dragus, Borna Barisic, John Lundstram, Anthony Nwakaeme, Ozan Tufan ve Cihan \u00c7anak\u2019\u0131 renklerine ba\u011flayan Karadeniz ekibi, Szalai i\u00e7in y\u00fcr\u00fct\u00fclen g\u00f6r\u00fc\u015fmelerde Hoffenheim\u2019le maddi konularda anla\u015fma sa\u011flayamad\u0131.<\/p>\n<p>Bordo-mavililer, 26 ya\u015f\u0131ndaki Macar stoperi sat\u0131n alma opsiyonuyla birlikte kiralamak \u00fczere Hoffenheim\u2019e resmi teklif yapt\u0131. Ancak Alman kul\u00fcb\u00fc ile kiralama \u00fccreti ve muhtemel bonservis bedeli konusunda yap\u0131lan g\u00f6r\u00fc\u015fmelerde anla\u015fmazl\u0131k oldu\u011fu ortaya \u00e7\u0131kt\u0131.<\/p>\n<p>Szalai\u2019nin durumunu de\u011ferlendiren Teknik Direkt\u00f6r Abdullah Avc\u0131, \u201cAttila Szalai, T\u00fcrkiye\u2019de oynam\u0131\u015f, ilgilendi\u011fimiz bir oyuncu oldu ama Trabzonspor\u2019un ekonomisine uygun hareket ediyoruz. Bu transfer durmu\u015f vaziyette. Devam\u0131 yok \u015fu an i\u00e7in. S\u00fcre\u00e7 yar\u0131n ne olur, ertesi g\u00fcn ne olur bilemiyoruz ama \u015fu an i\u00e7in durdu\u201d dedi.<\/p>\n<p>Nijeryal\u0131 golc\u00fc Paul Onuachu i\u00e7in g\u00f6r\u00fc\u015fmelerin devam etti\u011fini bildiren Avc\u0131, \u201cOnuachu ile 3-4 g\u00fcn evvel konu\u015ftuk. O da bizimle olmak istiyor. \u015eu an itibar\u0131yla oldu da diyemiyorum olmaz da diyemiyorum. Ba\u015fkan bu konuyla ilgili \u00e7ok u\u011fra\u015f\u0131yor. Biraz sab\u0131rl\u0131 olaca\u011f\u0131z\u201d diye konu\u015ftu.<\/p>\n<p><strong>\u0130LK RAK\u0130P SZEGED<\/strong><\/p>\n<p>Yeni sezona Macaristan\u2019da haz\u0131rlanan Trabzonspor d\u00fcn \u00e7ift antrenman yapt\u0131. Bordo-mavili futbolcular\u0131n, Teknik Direkt\u00f6r Abdullah Avc\u0131 y\u00f6netiminde ger\u00e7ekle\u015fen idmanlarda, kondisyon ve taktik a\u011f\u0131rl\u0131kl\u0131 \u00e7al\u0131\u015fmalar \u00fczerinde durdu\u011fu aktar\u0131ld\u0131. Karadeniz ekibi kamptaki ilk haz\u0131rl\u0131k s\u0131nav\u0131na bug\u00fcn \u00e7\u0131kacak. Macar ekibi Szeged Csanad ile oynanacak kar\u015f\u0131la\u015fma saat 18.00\u2019de ba\u015flayacak.<\/p>\n\n<p><\/p>\n<p>Kaynak :\u00a0<span style=\"background-color: rgb(255, 249, 236); color: rgb(55, 58, 60); font-size: 14px;\">http:\/\/www.milliyet.com.tr\/skorer\/trabzonspor-attila-szalaide-orta-yolu-bulamadi-7153626<\/span><\/p>\n","protected":false},"excerpt":{"rendered":"<p>Trabzonspor, Macar stoper i\u00e7in Hoffenheim\u2019le y\u00fcr\u00fct\u00fclen g\u00f6r\u00fc\u015fmeleri ask\u0131ya ald\u0131. Abdullah Avc\u0131, \u201cBu transfer durmu\u015f vaziyette. Yar\u0131n ne olur bilemiyoruz ama \u015fu an i\u00e7in durdu\u201d dedi.<\/p>\n","protected":false},"author":1,"featured_media":100363,"comment_status":"open","ping_status":"open","sticky":false,"template":"","format":"standard","meta":{"footnotes":""},"categories":[7],"tags":[],"class_list":["post-100362","post","type-post","status-publish","format-standard","has-post-thumbnail","hentry","category-spor"],"_links":{"self":[{"href":"https:\/\/kamucalisani.net\/index.php\/wp-json\/wp\/v2\/posts\/100362","targetHints":{"allow":["GET"]}}],"collection":[{"href":"https:\/\/kamucalisani.net\/index.php\/wp-json\/wp\/v2\/posts"}],"about":[{"href":"https:\/\/kamucalisani.net\/index.php\/wp-json\/wp\/v2\/types\/post"}],"author":[{"embeddable":true,"href":"https:\/\/kamucalisani.net\/index.php\/wp-json\/wp\/v2\/users\/1"}],"replies":[{"embeddable":true,"href":"https:\/\/kamucalisani.net\/index.php\/wp-json\/wp\/v2\/comments?post=100362"}],"version-history":[{"count":1,"href":"https:\/\/kamucalisani.net\/index.php\/wp-json\/wp\/v2\/posts\/100362\/revisions"}],"predecessor-version":[{"id":100364,"href":"https:\/\/kamucalisani.net\/index.php\/wp-json\/wp\/v2\/posts\/100362\/revisions\/100364"}],"wp:featuredmedia":[{"embeddable":true,"href":"https:\/\/kamucalisani.net\/index.php\/wp-json\/wp\/v2\/media\/100363"}],"wp:attachment":[{"href":"https:\/\/kamucalisani.net\/index.php\/wp-json\/wp\/v2\/media?parent=100362"}],"wp:term":[{"taxonomy":"category","embeddable":true,"href":"https:\/\/kamucalisani.net\/index.php\/wp-json\/wp\/v2\/categories?post=100362"},{"taxonomy":"post_tag","embeddable":true,"href":"https:\/\/kamucalisani.net\/index.php\/wp-json\/wp\/v2\/tags?post=100362"}],"curies":[{"name":"wp","href":"https:\/\/api.w.org\/{rel}","templated":true}]}}