{"id":100474,"date":"2024-10-04T01:24:06","date_gmt":"2024-10-04T01:24:06","guid":{"rendered":"https:\/\/kamucalisani.net\/?p=100474"},"modified":"2024-10-04T01:24:06","modified_gmt":"2024-10-04T01:24:06","slug":"terore-karsi-nato-gayretini-artirmali","status":"publish","type":"post","link":"https:\/\/kamucalisani.net\/index.php\/2024\/10\/04\/terore-karsi-nato-gayretini-artirmali\/","title":{"rendered":"Ter\u00f6re kar\u015f\u0131 NATO gayretini art\u0131rmal\u0131"},"content":{"rendered":"<p><p><strong>Asl\u0131han Altay Karata\u015f &#8211;\u00a0<\/strong>Cumhurba\u015fkan\u0131 Recep Tayyip Erdo\u011fan, NATO Devlet ve H\u00fck\u00fcmet Ba\u015fkanlar\u0131 Zirvesi\u2019ne kat\u0131lmak i\u00e7in Washington\u2019a hareketinden \u00f6nce Esenbo\u011fa Havaliman\u0131\u2019nda bas\u0131n toplant\u0131s\u0131 d\u00fczenledi. Gazetecilerin sorular\u0131n\u0131 da yan\u0131tlayan Erdo\u011fan \u00f6zetle \u015funlar\u0131 s\u00f6yledi:<\/p>\n<p><strong>Z\u0130RVEDEN BEKLENT\u0130M\u0130Z:<\/strong> Zirvede NATO\u2019nun cayd\u0131r\u0131c\u0131l\u0131k ve savunma yap\u0131lanmas\u0131n\u0131 tahkim etmek, m\u00fcttefiklerin imkan ve kabiliyetlerini g\u00fc\u00e7lendirmek amac\u0131yla isti\u015farelerde bulunaca\u011f\u0131z. NATO\u2019nun kurulu\u015funun 75. y\u0131l d\u00f6n\u00fcm\u00fcne tekab\u00fcl etmesi hasebiyle zirvemiz ayr\u0131 bir anlam ta\u015f\u0131yor. Ge\u00e7en sene Vilnius\u2019ta ald\u0131\u011f\u0131m\u0131z kararlar\u0131n takibini yapaca\u011f\u0131z.<\/p>\n<p><strong>TER\u00d6RE D\u0130KKAT \u00c7EKECE\u011e\u0130Z:<\/strong> Ter\u00f6rle m\u00fccadele ve m\u00fcttefikler aras\u0131nda savunma sanayi ticareti \u00f6n\u00fcndeki engellerin kald\u0131r\u0131lmas\u0131 konusunda Vilnius\u2019ta ald\u0131\u011f\u0131m\u0131z kararlar\u0131n uygulanmas\u0131 bu bak\u0131mdan m\u00fchimdir. Yapaca\u011f\u0131m\u0131z g\u00f6r\u00fc\u015fmelerde ba\u015fta yak\u0131n \u00e7evremiz olmak \u00fczere, d\u00fcnyada artan ter\u00f6r tehdidine dikkat \u00e7ekece\u011fiz. Ter\u00f6r \u00f6rg\u00fctleriyle kararl\u0131 ve b\u00fct\u00fcnc\u00fcl bir m\u00fccadele y\u00fcr\u00fct\u00fclmesi noktas\u0131nda NATO\u2019nun gayretlerinin artt\u0131r\u0131lmas\u0131 gerekti\u011finin de alt\u0131n\u0131 \u00e7izece\u011fiz.<\/p>\n<p><strong>EL\u0130M\u0130Z\u0130 TA\u015eIN ALTINA KOYDUK:<\/strong> T\u00fcrkiye\u2019nin Ukrayna\u2019n\u0131n toprak b\u00fct\u00fcnl\u00fc\u011f\u00fcne, egemenli\u011fine ve ba\u011f\u0131ms\u0131zl\u0131\u011f\u0131na olan ba\u011fl\u0131l\u0131\u011f\u0131 ve deste\u011fi herkesin malumudur. Ukrayna\u2019y\u0131 desteklemek i\u00e7in at\u0131lacak ad\u0131mlar\u0131 tasarlarken, NATO\u2019nun sava\u015f\u0131n taraf\u0131 haline getirilmemesi y\u00f6n\u00fcndeki ilkeli duru\u015fumuzu da muhafaza ediyoruz. Adil bir bar\u0131\u015f\u0131n kaybedeninin olmayaca\u011f\u0131n\u0131 ilk g\u00fcnden beri ifade ettik. Bu u\u011furda \u0130stanbul S\u00fcreci ba\u015fta olmak \u00fczere \u00f6nce ate\u015fkesi temin, ard\u0131ndan da kal\u0131c\u0131 bar\u0131\u015fa giden yolu a\u00e7mak i\u00e7in elimizi ba\u015f\u0131ndan itibaren ta\u015f\u0131n alt\u0131na koyduk.<\/p>\n<p><strong>\u0130LK 5 M\u00dcTTEF\u0130KTEN B\u0130R\u0130Y\u0130Z:<\/strong> Washington zirvesi, Avrupa Atlantik b\u00f6lgesinin g\u00fcvenli\u011findeki merkezi rol\u00fcn NATO\u2019ya ait oldu\u011fu hakikatini bir bir kez daha kayda ge\u00e7irecektir. T\u00fcrkiye, NATO\u2019nun misyonlar\u0131na ve harekatlar\u0131na en fazla katk\u0131 sa\u011flayan ilk be\u015f m\u00fcttefikten biridir. K\u00fclfet payla\u015f\u0131m\u0131 noktas\u0131nda \u00fczerimize d\u00fc\u015feni fazlas\u0131yla yap\u0131yoruz. Karada, denizde ve havada geli\u015ftirdi\u011fimiz imkan ve kabiliyetlerle, NATO\u2019nun bel kemi\u011fi \u00fclkelerin ba\u015f\u0131nda yer al\u0131yoruz.<\/p>\n<p><strong>GAZZE\u2019Y\u0130 G\u00dcNDEME TA\u015eIYACA\u011eIZ:<\/strong> Ortak de\u011ferlerimizin samimiyet testinden ge\u00e7mekte oldu\u011fu Gazze\u2019de Filistin halk\u0131na y\u00f6nelik s\u00fcre giden katliamlar\u0131 g\u00fcndeme ta\u015f\u0131yaca\u011f\u0131z. Bu vahim tablo kar\u015f\u0131s\u0131nda uluslararas\u0131 camian\u0131n \u0130srail\u2019i durdurmakta yetersiz kald\u0131\u011f\u0131n\u0131 ve Filistin\u2019de adil, kal\u0131c\u0131 bar\u0131\u015f tesis edilmeden k\u00fcresel vicdan\u0131n rahat bir nefes almas\u0131n\u0131n m\u00fcmk\u00fcn olmayaca\u011f\u0131n\u0131 vurgulayaca\u011f\u0131z.<\/p>\n<p><strong>YAKLA\u015eIMIMIZ AYNI KONUMA GELD\u0130:<\/strong>(\u015eu\u015fa\u2019daki TDT Zirvesi ve KKTC\u2019nin tam \u00fcyeli\u011fi) KKTC bizim nezdimizde zaten T\u00fcrk devletlerinin tam \u00fcyesi konumundad\u0131r. Bu konuda ba\u015fta Azerbaycan olmak \u00fczere onlar\u0131n yakla\u015f\u0131m\u0131 da bizimle hemen hemen ayn\u0131 konuma gelmi\u015ftir. Son \u015eu\u015fa zirvesinde malum Kuzey K\u0131br\u0131s orada bulundu. Bundan sonraki s\u00fcre\u00e7te bizler, Kuzey K\u0131br\u0131s\u2019\u0131 burada tam \u00fcye noktas\u0131na nas\u0131l ta\u015f\u0131r\u0131z, bunun gayreti i\u00e7erisindeyiz.<\/p>\n<p><strong>KONUMUMUZU G\u00dc\u00c7LEND\u0130R\u0130YORUZ:<\/strong> (NATO\u2019da Rutte d\u00f6nemi) \u015eu an itibar\u0131yla NATO\u2019nun ilk 5 \u00fclkesinden bir tanesiyiz. Bunu mali destek, ayr\u0131ca NATO\u2019ya g\u00fc\u00e7 katma noktas\u0131nda s\u00f6yl\u00fcyorum. Bu art\u0131k NATO \u00fcyesi \u00fclkelerin hepsinin yakla\u015f\u0131m\u0131d\u0131r ve T\u00fcrkiye\u2019ye bak\u0131\u015f\u0131 da hepsinin b\u00f6yledir. NATO\u2019daki bu konumumuzu aynen g\u00fc\u00e7lendirerek devam ettirece\u011fiz. Yeni Genel Sekreter olarak Rutte\u2019nin oraya geli\u015finde T\u00fcrkiye\u2019nin rol\u00fc \u00fcst d\u00fczeyde olmu\u015ftur.<\/p>\n<p><strong>TER\u00d6RLE M\u00dcCADELEDE BEKLENT\u0130LER:<\/strong> (T\u00fcrkiye\u2019nin ter\u00f6rle m\u00fccadelede NATO\u2019dan beklentisi) NATO\u2019yla bu noktada istedi\u011fimiz konumda m\u0131y\u0131z? A\u00e7\u0131k, samimi s\u00f6yl\u00fcyorum. \u0130\u015fte \u015fu anda bunlar\u0131 a\u015fman\u0131n gayreti i\u00e7erisindeyiz. \u00d6zellikle \u0130srail-Filistin konusunda istedi\u011fimizi, bekledi\u011fimizi hen\u00fcz alabilmi\u015f de\u011filiz. Temennim odur ki, Amerika\u2019daki g\u00f6r\u00fc\u015fmelerimizde in\u015fallah bunlar\u0131 tekrar g\u00fcndeme getirip, bekledi\u011fimiz neticeyi de al\u0131r\u0131z.<\/p>\n<div>\n<div> <img decoding=\"async\" src=\"https:\/\/kamucalisani.net\/wp-content\/uploads\/2024\/10\/terore-karsi-nato-gayretini-artirmali-0-axdlVuJJ.jpg\"\/><\/img> <\/div>\n<\/p><\/div>\n<\/p>\n<p><em><strong>Cumhurba\u015fkan\u0131 Erdo\u011fan ve e\u015fi Emine Erdo\u011fan\u2019\u0131 ABD\u2019de konaklayacaklar\u0131 otelin \u00f6n\u00fcnde kar\u015f\u0131layan T\u00fcrk vatanda\u015flar\u0131, sevgi g\u00f6sterisinde bulundu.<\/strong><\/em><\/p>\n<p><strong>Yo\u011fun temaslar<\/strong><\/p>\n<p>Cumhurba\u015fkan\u0131 Erdo\u011fan\u2019\u0131n zirvede yo\u011fun bir ikili g\u00f6r\u00fc\u015fme program\u0131 bulunuyor. Aralar\u0131nda Avrupa Birli\u011fi\u2019nin d\u00f6nem ba\u015fkanl\u0131\u011f\u0131n\u0131 \u00fcstlenen Macaristan\u2019\u0131n Ba\u015fbakan\u2019\u0131 Viktor Orban olmak \u00fczere, Yunanistan Ba\u015fbakan\u0131 Kyryakos Mit\u00e7otakis\u2019i, Almanya Ba\u015fbakan\u2019\u0131 Olaf Scholz\u2019u ve Birle\u015fik Krall\u0131k Ba\u015fbakan\u2019\u0131 Keir Starmer\u2019i kabul etmesi beklenirken, gayri resmi ve sosyal yemek ortamlar\u0131nda da zirveye kat\u0131lan liderler ve partner \u00fclkelerin temsilcileriyle de g\u00f6r\u00fc\u015fmesi bekleniyor.<\/p>\n<p>\u00a0<\/p>\n\n<p><\/p>\n<p>Kaynak :\u00a0<span style=\"background-color: rgb(255, 249, 236); color: rgb(55, 58, 60); font-size: 14px;\">http:\/\/www.milliyet.com.tr\/gundem\/terore-karsi-nato-gayretini-artirmali-7153705<\/span><\/p>\n","protected":false},"excerpt":{"rendered":"<p>Cumhurba\u015fkan\u0131 Erdo\u011fan, NATO Zirvesi\u2019nde yapaca\u011f\u0131 g\u00f6r\u00fc\u015fmelerde d\u00fcnyada artan ter\u00f6r tehdidine dikkat \u00e7ekece\u011fini belirterek, \u201cTer\u00f6r \u00f6rg\u00fctleriyle kararl\u0131 ve b\u00fct\u00fcnc\u00fcl bir m\u00fccadele y\u00fcr\u00fct\u00fclmesi noktas\u0131nda NATO gayretlerini art\u0131rmal\u0131\u201d dedi.<\/p>\n","protected":false},"author":1,"featured_media":100475,"comment_status":"open","ping_status":"open","sticky":false,"template":"","format":"standard","meta":{"footnotes":""},"categories":[3],"tags":[593,705,231,221],"class_list":["post-100474","post","type-post","status-publish","format-standard","has-post-thumbnail","hentry","category-guncel","tag-erdogan","tag-nato","tag-teror","tag-turk"],"_links":{"self":[{"href":"https:\/\/kamucalisani.net\/index.php\/wp-json\/wp\/v2\/posts\/100474","targetHints":{"allow":["GET"]}}],"collection":[{"href":"https:\/\/kamucalisani.net\/index.php\/wp-json\/wp\/v2\/posts"}],"about":[{"href":"https:\/\/kamucalisani.net\/index.php\/wp-json\/wp\/v2\/types\/post"}],"author":[{"embeddable":true,"href":"https:\/\/kamucalisani.net\/index.php\/wp-json\/wp\/v2\/users\/1"}],"replies":[{"embeddable":true,"href":"https:\/\/kamucalisani.net\/index.php\/wp-json\/wp\/v2\/comments?post=100474"}],"version-history":[{"count":1,"href":"https:\/\/kamucalisani.net\/index.php\/wp-json\/wp\/v2\/posts\/100474\/revisions"}],"predecessor-version":[{"id":100477,"href":"https:\/\/kamucalisani.net\/index.php\/wp-json\/wp\/v2\/posts\/100474\/revisions\/100477"}],"wp:featuredmedia":[{"embeddable":true,"href":"https:\/\/kamucalisani.net\/index.php\/wp-json\/wp\/v2\/media\/100475"}],"wp:attachment":[{"href":"https:\/\/kamucalisani.net\/index.php\/wp-json\/wp\/v2\/media?parent=100474"}],"wp:term":[{"taxonomy":"category","embeddable":true,"href":"https:\/\/kamucalisani.net\/index.php\/wp-json\/wp\/v2\/categories?post=100474"},{"taxonomy":"post_tag","embeddable":true,"href":"https:\/\/kamucalisani.net\/index.php\/wp-json\/wp\/v2\/tags?post=100474"}],"curies":[{"name":"wp","href":"https:\/\/api.w.org\/{rel}","templated":true}]}}