{"id":100605,"date":"2024-10-04T07:48:07","date_gmt":"2024-10-04T07:48:07","guid":{"rendered":"https:\/\/kamucalisani.net\/?p=100605"},"modified":"2024-10-04T07:48:07","modified_gmt":"2024-10-04T07:48:07","slug":"galatasarayda-okan-buruk-2-futbolcunun-ustunu-cizdi-kerem-akturkoglundan-yesil-isik","status":"publish","type":"post","link":"https:\/\/kamucalisani.net\/index.php\/2024\/10\/04\/galatasarayda-okan-buruk-2-futbolcunun-ustunu-cizdi-kerem-akturkoglundan-yesil-isik\/","title":{"rendered":"Galatasaray&#8217;da Okan Buruk, 2 futbolcunun \u00fcst\u00fcn\u00fc \u00e7izdi! Kerem Akt\u00fcrko\u011flu&#8217;ndan ye\u015fil \u0131\u015f\u0131k"},"content":{"rendered":"<p><p>\u015eu ana kadar kadrosunu Fenerbah\u00e7e\u2019nin golc\u00fcs\u00fc Michy Batshuayi ile g\u00fc\u00e7lendiren, Doue\u2019yi de kampa getirmeye haz\u0131rlanan Galatasaray i\u00e7in transfer mevsimi daha yeni ba\u015flam\u0131\u015f g\u00f6r\u00fcn\u00fcyor. \u00d6te yandan Okan Buruk 2 ismin \u00fcst\u00fcn\u00fc \u00e7izdi.<\/p>\n<p><strong>TRANSFER YAPILACAK B\u00d6LGELER BELL\u0130 OLDU<\/strong><br \/>Sar\u0131-K\u0131rm\u0131z\u0131l\u0131lar bundan sonraki s\u00fcre\u00e7te \u00e7ok kaliteli bir orta saha oyuncusunun yan\u0131 s\u0131ra bir de 10 numara transferi yapacak. Galatasaray ayr\u0131ca sol bek, yedek sa\u011f bek, yerli bir h\u00fccumcu, bir de kanat takviyesi gibi geni\u015f \u00e7apl\u0131 bir operasyon planl\u0131yor.<\/p>\n<div>\n<div> <img decoding=\"async\" src=\"https:\/\/kamucalisani.net\/wp-content\/uploads\/2024\/10\/galatasarayda-okan-buruk-2-futbolcunun-ustunu-cizdi-kerem-akturkoglundan-yesil-isik-0-V5vUBmeG.jpg\"\/><\/img> <\/div>\n<\/p><\/div>\n<\/p>\n<p><strong>OKAN BURUK HAL\u0130L DERV\u0130\u015eO\u011eLU VE KAZIMCAN KARATA\u015e&#8217;IN \u00dcST\u00dcN\u00dc \u00c7\u0130ZD\u0130<\/strong><br \/>Kiral\u0131k oyuncular\u0131n da geri d\u00f6nmesiyle birlikte Galatasaray\u2019daki toplam oyuncu say\u0131s\u0131 da ciddi \u015fekilde artm\u0131\u015f durumda. Yaz kamp\u0131 kalabal\u0131k ge\u00e7se de Okan Buruk kamp sonunda bir\u00e7ok oyuncuyla yollar\u0131n ayr\u0131lmas\u0131n\u0131 istiyor. Kamp s\u00fcreci bu kararda etkin rol oynayacak. Ancak Buruk \u015fimdiden birka\u00e7 ismin \u00fczerini \u00e7izdi. Bu oyuncular\u0131n ba\u015f\u0131nda Halil ve Kaz\u0131mcan geliyor. \u0130ki gence de S\u00fcper Lig kul\u00fcplerinden teklifler var. \u00d6zellikle Ey\u00fcpspor, Halil konusunda \u0131srarc\u0131. Galatasaray Y\u00f6netimi, iki oyuncunun transferi i\u00e7in de kolayl\u0131k sa\u011flayacak.<\/p>\n<div>\n<div> <img decoding=\"async\" src=\"https:\/\/kamucalisani.net\/wp-content\/uploads\/2024\/10\/galatasarayda-okan-buruk-2-futbolcunun-ustunu-cizdi-kerem-akturkoglundan-yesil-isik-1-Gg5wYNCB.jpg\"\/><\/img> <\/div>\n<\/p><\/div>\n<\/p>\n<p><strong>MERTENS&#8217;\u0130N \u0130TALYA PLANI<\/strong><br \/>Normal \u015fartlar alt\u0131nda geride b\u0131rakt\u0131\u011f\u0131m\u0131z sezon aktif futbol hayat\u0131na nokta koymay\u0131 d\u00fc\u015f\u00fcnen Dries Mertens, hem son d\u00f6nemdeki \u00fcst\u00fcn performans\u0131 hem de kul\u00fcb\u00fcn \u0131srar\u0131 \u00fczerine 1 y\u0131ll\u0131k yeni s\u00f6zle\u015fme imzalad\u0131. Bel\u00e7ikal\u0131 y\u0131ld\u0131z\u0131n, kontrat\u0131 bittikten sonra da Galatasaray\u2019da teknik heyete dahil olmas\u0131 isteniyor. Ancak Mertens\u2019in bu kez T\u00fcrkiye\u2019den ayr\u0131lma konusunda kararl\u0131 oldu\u011fu \u00f6\u011frenildi. Gelecek y\u0131llarda Mertens\u2019in, ailesiyle birlikte hayat\u0131n\u0131 \u0130talya\u2019da s\u00fcrd\u00fcrmek istedi\u011fi ifade ediliyor.<\/p>\n<div>\n<div> <img decoding=\"async\" src=\"https:\/\/kamucalisani.net\/wp-content\/uploads\/2024\/10\/galatasarayda-okan-buruk-2-futbolcunun-ustunu-cizdi-kerem-akturkoglundan-yesil-isik-2-u7Y1kxg1.jpg\"\/><\/img> <\/div>\n<\/p><\/div>\n<\/p>\n<p><strong>KEREM YOL AYRIMINDA<\/strong><br \/>Yeni sezonda Kerem Akt\u00fcrko\u011flu\u2019nun Galatasaray formas\u0131 giymeyece\u011fi iddia ediliyor. EURO 2024 performans\u0131 da beklentilerin alt\u0131nda kalan Milli y\u0131ld\u0131z\u0131n, buna kar\u015f\u0131n bir s\u00fcredir hem Avrupa\u2019dan hem de Suudi Arabistan\u2019dan bir\u00e7ok kul\u00fcple dirsek temas\u0131nda oldu\u011fu \u00f6\u011frenildi. Bu kul\u00fcplerden biri de \u0130spanya\u2019n\u0131n k\u00f6kl\u00fc ekiplerinden Real Sociedad. La Liga temsilcisinin, Kerem\u2019in bonservisine 12 milyon Euro ay\u0131rd\u0131\u011f\u0131, resmi g\u00f6r\u00fc\u015fmelerin \u00f6n\u00fcm\u00fczdeki haftadan itibaren ba\u015flayaca\u011f\u0131, gen\u00e7 oyuncunun ise bu transfere turnuva \u00f6ncesi ye\u015fil \u0131\u015f\u0131k yakt\u0131\u011f\u0131 belirlendi.<\/p>\n<div>\n<div> <img decoding=\"async\" src=\"https:\/\/kamucalisani.net\/wp-content\/uploads\/2024\/10\/galatasarayda-okan-buruk-2-futbolcunun-ustunu-cizdi-kerem-akturkoglundan-yesil-isik-3-i6wxxIgS.jpg\"\/><\/img> <\/div>\n<\/p><\/div>\n<\/p>\n<p><strong>EM\u0130N BAYRAM AYRILMAK \u0130ST\u0130YOR<\/strong><br \/>Okan Buruk\u2019un stoper rotasyonunda mutlaka yer vermek istedi\u011fi Emin Bayram, d\u00fczenli forma s\u00f6z\u00fc alamad\u0131\u011f\u0131 i\u00e7in ayr\u0131l\u0131k konusunda \u0131srarc\u0131. Westerlo ve Galatasaray y\u00f6netimleri aras\u0131nda bonservis g\u00f6r\u00fc\u015fmeleri s\u00fcr\u00fcyor. Sar\u0131K\u0131rm\u0131z\u0131l\u0131lar, taraftar tepkisi sonras\u0131 ilk g\u00f6r\u00fc\u015fmelerden geri ad\u0131m atarken, \u015fu anki beklentinin 7-8 milyon Euro band\u0131nda oldu\u011fu, s\u00f6zle\u015fmeye de bir sonraki sat\u0131\u015f i\u00e7in y\u00fczde 50 k\u00e2r pay\u0131 ekletilmesinin planland\u0131\u011f\u0131 \u00f6\u011frenildi. Ge\u00e7en sezon kiral\u0131k oynad\u0131\u011f\u0131 Bel\u00e7ika\u2019da defalarca haftan\u0131n 11\u2019ine se\u00e7ilen 20 ya\u015f\u0131ndaki stoperin hedefi A Milli Tak\u0131m\u2019da oynamak ve bunun i\u00e7in yine ilk 11 garantisi istiyor.<\/p>\n\n<p><\/p>\n<p>Kaynak :\u00a0<span style=\"background-color: rgb(255, 249, 236); color: rgb(55, 58, 60); font-size: 14px;\">http:\/\/www.milliyet.com.tr\/skorer\/galatasarayda-okan-buruk-2-futbolcunun-ustunu-cizdi-kerem-akturkoglundan-yesil-isik-7153716<\/span><\/p>\n","protected":false},"excerpt":{"rendered":"<p>Transferde \u00e7al\u0131\u015fmalar\u0131n\u0131 s\u00fcrd\u00fcren Galatasaray&#8217;da kiral\u0131ktan d\u00f6nen oyuncularla birlikte toplam oyuncu say\u0131s\u0131 ciddi \u015fekilde artt\u0131. Teknik Direkt\u00f6r Okan Buruk 2 oyuncunun \u00fcst\u00fcn\u00fc \u00e7izdi.<\/p>\n","protected":false},"author":1,"featured_media":100606,"comment_status":"open","ping_status":"open","sticky":false,"template":"","format":"standard","meta":{"footnotes":""},"categories":[7],"tags":[1312,257,967,589],"class_list":["post-100605","post","type-post","status-publish","format-standard","has-post-thumbnail","hentry","category-spor","tag-buruk","tag-galatasaray","tag-oyuncu","tag-transfer"],"_links":{"self":[{"href":"https:\/\/kamucalisani.net\/index.php\/wp-json\/wp\/v2\/posts\/100605","targetHints":{"allow":["GET"]}}],"collection":[{"href":"https:\/\/kamucalisani.net\/index.php\/wp-json\/wp\/v2\/posts"}],"about":[{"href":"https:\/\/kamucalisani.net\/index.php\/wp-json\/wp\/v2\/types\/post"}],"author":[{"embeddable":true,"href":"https:\/\/kamucalisani.net\/index.php\/wp-json\/wp\/v2\/users\/1"}],"replies":[{"embeddable":true,"href":"https:\/\/kamucalisani.net\/index.php\/wp-json\/wp\/v2\/comments?post=100605"}],"version-history":[{"count":1,"href":"https:\/\/kamucalisani.net\/index.php\/wp-json\/wp\/v2\/posts\/100605\/revisions"}],"predecessor-version":[{"id":100611,"href":"https:\/\/kamucalisani.net\/index.php\/wp-json\/wp\/v2\/posts\/100605\/revisions\/100611"}],"wp:featuredmedia":[{"embeddable":true,"href":"https:\/\/kamucalisani.net\/index.php\/wp-json\/wp\/v2\/media\/100606"}],"wp:attachment":[{"href":"https:\/\/kamucalisani.net\/index.php\/wp-json\/wp\/v2\/media?parent=100605"}],"wp:term":[{"taxonomy":"category","embeddable":true,"href":"https:\/\/kamucalisani.net\/index.php\/wp-json\/wp\/v2\/categories?post=100605"},{"taxonomy":"post_tag","embeddable":true,"href":"https:\/\/kamucalisani.net\/index.php\/wp-json\/wp\/v2\/tags?post=100605"}],"curies":[{"name":"wp","href":"https:\/\/api.w.org\/{rel}","templated":true}]}}