{"id":100779,"date":"2024-10-04T15:00:10","date_gmt":"2024-10-04T15:00:10","guid":{"rendered":"https:\/\/kamucalisani.net\/?p=100779"},"modified":"2024-10-04T15:00:10","modified_gmt":"2024-10-04T15:00:10","slug":"taf-baskani-fatih-cintimardan-madalya-sozu","status":"publish","type":"post","link":"https:\/\/kamucalisani.net\/index.php\/2024\/10\/04\/taf-baskani-fatih-cintimardan-madalya-sozu\/","title":{"rendered":"TAF Ba\u015fkan\u0131 Fatih \u00c7intimar&#8217;dan madalya s\u00f6z\u00fc"},"content":{"rendered":"<p><p>Fransa\u2019n\u0131n ba\u015fkenti Paris\u2019te 26 Temmuz-11 A\u011fustos tarihleri aras\u0131nda d\u00fczenlenecek 33\u2019\u00fcnc\u00fc Yaz Olimpiyatlar\u0131nda T\u00fcrkiye\u2019yi atletizmde 16 sporcu temsil edecek. Paralimpik Oyunlar\u0131\u2019nda ise 4 sporcu T\u00fcrkiye i\u00e7in ter d\u00f6kecek. Olimpiyat oyunlar\u0131 \u00f6ncesinde T\u00fcrkiye Atletizm Federasyonu Ba\u015fkan\u0131 Fatih \u00c7intimar, Demir\u00f6ren Haber Ajans\u0131\u2019na (DHA) \u00f6zel a\u00e7\u0131klamalarda bulundu.<\/p>\n<p>Gen\u00e7 sporcular\u0131n olimpiyatlar i\u00e7in b\u00fcy\u00fck bir \u00f6nem arz etti\u011fini belirten Fatih \u00c7intimar, &#8220;Sporcu kafilemiz i\u00e7erisinde Yasmani Copello hari\u00e7 sporcular\u0131m\u0131z\u0131n tamam\u0131 gen\u00e7 \u00e7ocuklar. Olimpiyatlara giden sporcu listemize bakarak k\u0131sa bir analiz yapacak olursak; gen\u00e7 sporcular\u0131m\u0131zdan Salih Korkmaz olimpiyatlara kat\u0131lan en favori sporculardan birisi. Orada en iyi \u015fekilde y\u00fcr\u00fcyece\u011fine inan\u0131yorum. Yasmani Capelo olimpiyat ve d\u00fcnya madalyal\u0131 tecr\u00fcbeli bir sporcumuz. Kendisi, tak\u0131m\u0131n b\u00fcy\u00fc\u011f\u00fc pozisyonda bir sporcu. Ondan da burada performans\u0131n\u0131n en iyi noktada olmas\u0131n\u0131 arzu ediyoruz. Berke Ak\u00e7am, \u015fu an 400 metre engel bran\u015f\u0131nda 48 saniye ko\u015fabilen Avrupa\u2019daki 3-4 sporcudan birisi. Avrupa \u015eampiyonas\u0131\u2019nda da son anda 5\u2019inci oldu. Yasmani\u2018den sonra bu alan\u0131 doldurabilecek sporcumuz olacak. Ben eminim ki olimpiyatta da final ko\u015fmak i\u00e7in her t\u00fcrl\u00fc \u00e7abay\u0131 sarf edecek. \u00c7\u00fcnk\u00fc 400 engelde \u00f6zellikle son 3 y\u0131ld\u0131r d\u00fcnyada inan\u0131lmaz bir geli\u015fme var. Biz \u015fu anda 400 engellide 2 sporcuyla olimpiyata kat\u0131l\u0131yoruz. Bu bizim bu bran\u015ftaki g\u00fcc\u00fcm\u00fcz\u00fc g\u00f6steriyor. \u0130n\u015fallah 400 engelde bu alan\u0131 hem Yasmani hem Berke yine forse edecek. Olimpiyatta bu iki sporcumuzun da final grubunda olabilmesi can\u0131 g\u00f6n\u00fclden arzumuzdur. En az\u0131ndan bir sporcumuz da orada final ko\u015faca\u011f\u0131z. Tabii Berke, gen\u00e7 olmas\u0131 hasebiyle de \u00f6n\u00fcm\u00fczdeki d\u00f6nemlerin bu bran\u015fta hem Avrupa hem d\u00fcnyada madalya umudumuz olabilecek bir sporcumuz\u201d diye konu\u015ftu.<\/p>\n<p><strong>\u201cSPORCULARIMIZ Y\u00dcZLER\u0130 G\u00dcLD\u00dcRECEK\u201d<\/strong><\/p>\n<p>Paris\u2019te T\u00fcrkiye\u2019yi temsil edecek sporcular\u0131n y\u00fczleri g\u00fcld\u00fcrece\u011fini umut etti\u011fini s\u00f6yleyen \u00c7intimar, \u201cSporcumuz Tu\u011fba Dan\u0131\u015fmaz, son derece g\u00fczel bir ivme ve g\u00fczel bir programla hep ileriye do\u011fru giden bir ivmesi var. Bu ivmeyi olimpiyatta da s\u00fcrd\u00fcrece\u011fine inan\u0131yorum. Avrupa\u2019daki ba\u015far\u0131y\u0131 olimpiyatta da ger\u00e7ekle\u015ftirece\u011fini d\u00fc\u015f\u00fcn\u00fcyorum. Ersu \u015ea\u015fma da ayn\u0131 \u015fekilde \u015fu an Almanya\u2019da antrenmanlar\u0131na devam ediyor. Gen\u00e7 sporcumuzun herhangi bir psikolojik da\u011f\u0131lma ya\u015famamas\u0131 i\u00e7in olimpiyata kadar annesini de yan\u0131na g\u00f6nderece\u011fiz. Annesi de onunla birlikte olimpiyata kadar, kampta Ersu\u2019nun yan\u0131nda kalacak. Mental olarak sporcumuza destek olacak. T\u00fcm sporcular\u0131m\u0131zla Paris\u2019te y\u00fcz\u00fcm\u00fcz g\u00fclecek diye umut ediyorum\u201d ifadelerini kulland\u0131.<\/p>\n<p><strong>\u201cC\u0130DD\u0130 B\u0130R HAZIRLIK S\u00dcREC\u0130 YA\u015eADIK\u201d<\/strong><\/p>\n<p>Pandemiden sonra ciddi bir haz\u0131rl\u0131k s\u00fcreci ya\u015fad\u0131klar\u0131n\u0131 kaydeden \u00c7intimar, \u201cTokyo Olimpiyatlar\u0131\u2019ndan sonra 3 y\u0131ll\u0131k bir s\u00fcrede bir sonraki olimpiyata haz\u0131rl\u0131k a\u015famam\u0131z oldu. Haz\u0131rl\u0131k s\u00fcrecini yaparken gen\u00e7 bir jenerasyonla olimpiyatlara haz\u0131rl\u0131klar\u0131m\u0131z\u0131 devam ettirdik. Bu s\u00fcre\u00e7te bizim hedefimiz olimpiyatlara 20\u2019nin \u00fcst\u00fcnde kota ile gidebilmekti. Ancak bug\u00fcn 20 kota ile olimpiyatlara kat\u0131l\u0131yoruz. Burada baz\u0131 \u015fanss\u0131zl\u0131klar\u0131m\u0131z oldu. Bunlarla alakal\u0131 olarak \u00f6zellikle kota yar\u0131\u015fmalar\u0131 esnas\u0131nda hasta olan ve sakatl\u0131k ya\u015fayan birka\u00e7 sporcumuz oldu. 2 sporcumuz ise ranking sisteminde ya\u015fanan sorunlar nedeniyle elendiler. Bunlar tabii bizim \u015fans\u0131zl\u0131klar\u0131m\u0131z. Olimpiyatlar i\u00e7in tedbirli olarak tutulan fakat cezas\u0131 bulunmayan sporcumuz Sultan Haydar\u2019\u0131n da olimpiyatlarda yar\u0131\u015fmas\u0131n\u0131 bekliyoruz. Yar\u0131\u015fmas\u0131na izin verilebilir de verilmeyebilir de. Ya\u015fanan bu aksilikler d\u0131\u015f\u0131nda di\u011fer 16 sporcumuz olimpik, 4 sporcumuz da Paralimpik olmak \u00fczere olimpiyata haz\u0131r pozisyonda \u00e7al\u0131\u015fmalar\u0131na devam ediyor. Bir\u00e7ok madalya ile \u00fclkemize d\u00f6nece\u011fiz\u201d dedi.<\/p>\n<p>Fransa\u2019n\u0131n ba\u015fkenti Paris\u2019te yap\u0131lacak olan 33\u2019\u00fcnc\u00fc Yaz Olimpiyatlar\u0131nda T\u00fcrkiye\u2019yi, atletizmde bran\u015f\u0131nda temsil edecek milli tak\u0131m kadrosu \u015fu \u015fekilde:<\/p>\n<p>\u201cTu\u011fba Dan\u0131\u015fmaz \u00fc\u00e7 ad\u0131m atlama, Buse Sava\u015fkan y\u00fcksek atlama, Emel Dereli g\u00fclle atma, Eda Tu\u011fsuz cirit atma, Meryem Bekmez 20 kilometre y\u00fcr\u00fcy\u00fc\u015f, Ay\u015fe Tekdal ve Mazlum Demir maraton y\u00fcr\u00fcy\u00fc\u015f kar\u0131\u015f\u0131k bayrak, Kayhan \u00d6zer 100 metre, Berke Ak\u00e7am ve Yasman\u0131 Copello Escobar 400 metre engel, Salih Kokmaz 20 kilometre y\u00fcr\u00fcy\u00fc\u015f, Ersu \u015ea\u015fma s\u0131r\u0131kla atlama, Necati Er \u00fc\u00e7 ad\u0131m atlama, \u00d6zkan Baltac\u0131 \u00e7eki\u00e7 atma, Alperen Acet y\u00fcksek atlama, Kaan Kigen \u00d6zbilen maraton.\u201d<\/p>\n<p>26 A\u011fustos, 8 Eyl\u00fcl 2024 tarihleri aras\u0131nda yap\u0131lacak olan Paralimpik Oyunlar\u0131\u2019nda ise T\u00fcrkiye\u2019yi atletizmde 4 sporcu temsil edecek. T53 Engel S\u0131n\u0131f\u0131nda Hamide Do\u011fang\u00fcn 100-400-800 metre, F57 Engel S\u0131n\u0131f\u0131nda Muhammed Khalvandi Cirit Atma, T47 Engel S\u0131n\u0131f\u0131nda Abdullah Ilgaz Y\u00fcksek Atlama, F40 Engel S\u0131n\u0131f\u0131nda ise Rabia Cirit G\u00fclle Atmada temsil edecekler.<\/p>\n\n<p><\/p>\n<p>Kaynak :\u00a0<span style=\"background-color: rgb(255, 249, 236); color: rgb(55, 58, 60); font-size: 14px;\">http:\/\/www.milliyet.com.tr\/skorer\/taf-baskani-fatih-cintimardan-madalya-sozu-7153811<\/span><\/p>\n","protected":false},"excerpt":{"rendered":"<p>T\u00fcrkiye Atletizm Federasyonu Ba\u015fkan\u0131 Fatih \u00c7intimar, Paris 2024 Yaz Olimpiyat Oyunlar\u0131 \u00f6ncesi umut dolu konu\u015ftu.<\/p>\n","protected":false},"author":1,"featured_media":100780,"comment_status":"open","ping_status":"open","sticky":false,"template":"","format":"standard","meta":{"footnotes":""},"categories":[7],"tags":[4646,2644,2187,1781,1636],"class_list":["post-100779","post","type-post","status-publish","format-standard","has-post-thumbnail","hentry","category-spor","tag-4646","tag-atlama","tag-engel","tag-olimpiyat","tag-sporcu"],"_links":{"self":[{"href":"https:\/\/kamucalisani.net\/index.php\/wp-json\/wp\/v2\/posts\/100779","targetHints":{"allow":["GET"]}}],"collection":[{"href":"https:\/\/kamucalisani.net\/index.php\/wp-json\/wp\/v2\/posts"}],"about":[{"href":"https:\/\/kamucalisani.net\/index.php\/wp-json\/wp\/v2\/types\/post"}],"author":[{"embeddable":true,"href":"https:\/\/kamucalisani.net\/index.php\/wp-json\/wp\/v2\/users\/1"}],"replies":[{"embeddable":true,"href":"https:\/\/kamucalisani.net\/index.php\/wp-json\/wp\/v2\/comments?post=100779"}],"version-history":[{"count":1,"href":"https:\/\/kamucalisani.net\/index.php\/wp-json\/wp\/v2\/posts\/100779\/revisions"}],"predecessor-version":[{"id":100781,"href":"https:\/\/kamucalisani.net\/index.php\/wp-json\/wp\/v2\/posts\/100779\/revisions\/100781"}],"wp:featuredmedia":[{"embeddable":true,"href":"https:\/\/kamucalisani.net\/index.php\/wp-json\/wp\/v2\/media\/100780"}],"wp:attachment":[{"href":"https:\/\/kamucalisani.net\/index.php\/wp-json\/wp\/v2\/media?parent=100779"}],"wp:term":[{"taxonomy":"category","embeddable":true,"href":"https:\/\/kamucalisani.net\/index.php\/wp-json\/wp\/v2\/categories?post=100779"},{"taxonomy":"post_tag","embeddable":true,"href":"https:\/\/kamucalisani.net\/index.php\/wp-json\/wp\/v2\/tags?post=100779"}],"curies":[{"name":"wp","href":"https:\/\/api.w.org\/{rel}","templated":true}]}}