{"id":100844,"date":"2024-10-04T18:00:11","date_gmt":"2024-10-04T18:00:11","guid":{"rendered":"https:\/\/kamucalisani.net\/?p=100844"},"modified":"2024-10-04T18:00:11","modified_gmt":"2024-10-04T18:00:11","slug":"neslim-inanc-gungen-operasyonunda-yeni-detaylar-polisleri-dans-ederek-karsiladi","status":"publish","type":"post","link":"https:\/\/kamucalisani.net\/index.php\/2024\/10\/04\/neslim-inanc-gungen-operasyonunda-yeni-detaylar-polisleri-dans-ederek-karsiladi\/","title":{"rendered":"Neslim-\u0130nan\u00e7 G\u00fcngen operasyonunda yeni detaylar: Polisleri dans ederek kar\u015f\u0131lad\u0131"},"content":{"rendered":"<p><p>\u00a0\u0130stanbul Mali Su\u00e7larla M\u00fccadele \u015eube M\u00fcd\u00fcrl\u00fc\u011f\u00fc ekiplerince, K\u00fc\u00e7\u00fck\u00e7ekmece Cumhuriyet Ba\u015fsavc\u0131l\u0131\u011f\u0131 koordinesinde &#8220;su\u00e7 i\u015flemek amac\u0131yla \u00f6rg\u00fct kurma&#8221;, &#8220;su\u00e7tan kaynaklanan mal varl\u0131\u011f\u0131n\u0131n de\u011ferlerini aklama&#8221;, &#8220;resmi belgede sahtecilik&#8221; ve &#8220;nitelikli doland\u0131r\u0131c\u0131l\u0131k&#8221; su\u00e7lar\u0131na y\u00f6nelik \u00e7al\u0131\u015fma kapsam\u0131nda 25 ilde d\u00fcn sabah d\u00fczenlenen operasyonlar kapsam\u0131nda 54 ki\u015fi yakaland\u0131.<\/p>\n<p>Operasyon kapsam\u0131nda sosyal medya fenomeni olarak bilinen g\u00fczellik merkezleri sahibi Neslihan G\u00fcngen ve e\u015fi \u0130nan\u00e7 G\u00fcngen&#8217;in de g\u00f6zalt\u0131na al\u0131nd\u0131.<\/p>\n<div>\n<div> <img decoding=\"async\" src=\"https:\/\/kamucalisani.net\/wp-content\/uploads\/2024\/10\/neslim-inanc-gungen-operasyonunda-yeni-detaylar-polisleri-dans-ederek-karsiladi-0-ABs5rpBN.jpg\"\/><\/img> <\/div>\n<\/p><\/div>\n<\/p>\n<p>Ankara&#8217;da 2 bin lira kar\u015f\u0131l\u0131\u011f\u0131nda sahte ustal\u0131k belgeleri d\u00fczenlendi\u011fi, bu belgelerin 20 bin lira kar\u015f\u0131l\u0131\u011f\u0131nda franchise olarak tabir edilen bayilere sat\u0131ld\u0131klar\u0131 belirlendi. Yine bu bayilerin \u00e7o\u011funun sisteme kay\u0131tl\u0131 belgelerinin mevcut olmad\u0131\u011f\u0131 tespit edilmedi.<\/p>\n<p>\u00c7al\u0131\u015fmalarda herhangi bir \u00f6zelli\u011fi olmayan yumak ipler ile marketten al\u0131nan s\u0131radan nemlendirici kremlere marka etiketi bas\u0131larak &#8220;kolajen ip tedavisi&#8221;, &#8220;gen\u00e7le\u015ftirme ip tedavisi&#8221; gibi \u015fekillerde pazarlamalar yap\u0131ld\u0131\u011f\u0131 saptand\u0131.<\/p>\n<p>\u00a0 <\/p>\n<div>\n<div> <img decoding=\"async\" src=\"https:\/\/kamucalisani.net\/wp-content\/uploads\/2024\/10\/neslim-inanc-gungen-operasyonunda-yeni-detaylar-polisleri-dans-ederek-karsiladi-1-sdg3hiEv.jpg\"\/><\/img> <\/div>\n<\/p><\/div>\n<\/p>\n<p><strong>1,5 M\u0130LYAR L\u0130RALIK HESAP HAREKET\u0130 <\/strong><\/p>\n<p>\u0130ncelemelerde bayilik anla\u015fmas\u0131 yapmak isteyen ki\u015filerden isim hakk\u0131 ad\u0131 alt\u0131nda y\u00fcksek mebla\u011fda para talebinde bulunuldu\u011fu ve bu \u00f6demelerin banka kanal\u0131yla de\u011fil, ta\u015f\u0131n\u0131r veya ta\u015f\u0131nmaz mallar\u0131n devri \u015feklinde ger\u00e7ekle\u015ftirildi\u011fi anla\u015f\u0131ld\u0131.<\/p>\n<p>Yap\u0131lan \u00e7al\u0131\u015fmalarda Neslihan G\u00fcngen ve \u0130nan\u00e7 G\u00fcngen taraf\u0131ndan y\u00f6netilen \u015firketler aras\u0131nda 1,5 milyar liral\u0131k hesap hareketi oldu\u011fu da tespit edildi.<\/p>\n<div>\n<div> <img decoding=\"async\" src=\"https:\/\/kamucalisani.net\/wp-content\/uploads\/2024\/10\/neslim-inanc-gungen-operasyonunda-yeni-detaylar-polisleri-dans-ederek-karsiladi-2-kgsqQysb.jpg\"\/><\/img> <\/div>\n<\/p><\/div>\n<\/p>\n<p><strong>55. \u015e\u00dcPHEL\u0130: VERG\u0130 M\u00dcFETT\u0130\u015e\u0130<\/strong><\/p>\n<p><em><strong>CNN T\u00dcRK \u0130stihbarat Haber M\u00fcd\u00fcr\u00fc Nihat Uluda\u011f, bu operasyonlarla ilgili \u00e7arp\u0131c\u0131 detaylar\u0131 canl\u0131 yay\u0131nda aktard\u0131.<\/strong><\/em><\/p>\n<p>&#8220;D\u00fcn ak\u015fam saatlerinde \u00f6nemli bir gelime ya\u015fand\u0131. G\u00fcngen ailesine ait \u015firketlerde 1.5 milyon liral\u0131k bir para trafi\u011fi vard\u0131. Mali \u015fube ekipleri bu durumu hayat\u0131n ola\u011fan ak\u0131\u015f\u0131na ters olarak yorumluyordu. Peki burada bir para trafi\u011fi mi vard\u0131? \u0130\u015fte bunu soru\u015fturmakla g\u00f6revli vergi m\u00fcfetti\u015finin de \u00f6zellikle Neslihan G\u00fcngen ile kay\u0131t d\u0131\u015f\u0131 g\u00f6r\u00fc\u015fmeler ve bulu\u015fmalar yapt\u0131\u011f\u0131 tespit edildi. Bu olay\u0131 soru\u015fturmakla g\u00f6revli vergi m\u00fcfetti\u015fi de g\u00f6zalt\u0131na al\u0131nd\u0131. Operasyonun olaca\u011f\u0131 g\u00fcn vergi m\u00fcfetti\u015fi tatildeymi\u015f. Otel odas\u0131na d\u00f6nd\u00fc\u011f\u00fc an yakaland\u0131. \u015e\u00f6yle bir ilgin\u00e7 daha detay var. G\u00fcngen \u00e7iftinin para trafi\u011fi oldu\u011fu \u015firketler e\u015fi \u0130nan\u00e7 G\u00fcngen&#8217;in \u00fczerine oldu\u011fu tespit edilmi\u015f. Yani vergi m\u00fcfetti\u015finin Neslihan G\u00fcngen ile g\u00f6r\u00fc\u015fece\u011fi bir durum yok. Su\u00e7lu mu de\u011fil mi, soru\u015fturma sonunda belli olacak.&#8221;<\/p>\n<div>\n<div> <img decoding=\"async\" src=\"https:\/\/kamucalisani.net\/wp-content\/uploads\/2024\/10\/neslim-inanc-gungen-operasyonunda-yeni-detaylar-polisleri-dans-ederek-karsiladi-3-jKTncOss.jpg\"\/><\/img> <\/div>\n<\/p><\/div>\n<\/p>\n<p><strong>POL\u0130SLER\u0130 DANS EDEREK KAR\u015eILADI<\/strong><\/p>\n<p>&#8220;Mali \u015fube ekiplerinin aylar s\u00fcren teknik ve fiziki takip \u00e7al\u0131\u015fmas\u0131 vard\u0131. Neslim yani Neslihan G\u00fcngen g\u00f6zalt\u0131na al\u0131n\u0131rken o gece bir e\u011flence merkezinde e\u011flendi\u011fi, g\u00f6zalt\u0131 i\u015flemleri s\u0131ras\u0131nda polisi dans ederek kar\u015f\u0131lad\u0131\u011f\u0131. Ancak emniyete g\u00f6t\u00fcr\u00fcl\u00fcrken a\u011flama krizine girdi\u011fi belirtiliyor. San\u0131r\u0131m alkol\u00fcn etkisi ge\u00e7iyor ondan dolay\u0131&#8221;<\/p>\n<div>\n<div> <img decoding=\"async\" src=\"https:\/\/kamucalisani.net\/wp-content\/uploads\/2024\/10\/neslim-inanc-gungen-operasyonunda-yeni-detaylar-polisleri-dans-ederek-karsiladi-4-4DfF2AWs.jpg\"\/><\/img> <\/div>\n<\/p><\/div>\n<\/p>\n<p><strong>&#8216;KAMU G\u00d6REVL\u0130S\u0130NDEN ET\u0130K OLMAYAN B\u0130R DAVRANI\u015e&#8217;<\/strong><\/p>\n<p><em><strong>Operasyonun hukuki boyutunu de\u011ferlendiren Avukat Zafer \u0130\u015feri&#8217;nin a\u00e7\u0131klamalar\u0131 \u015f\u00f6yle;<\/strong><\/em><\/p>\n<p>&#8220;Bir su\u00e7un varl\u0131\u011f\u0131n\u0131 incelemekle g\u00f6revli bir kamu g\u00f6revlisinin etik kar\u015f\u0131lanamayaca\u011f\u0131 davran\u0131\u015f\u0131n\u0131n g\u00f6zden ka\u00e7mamas\u0131 \u00f6nem ta\u015f\u0131yor. Su\u00e7tan elde edilen bir gelirin tespitini yapmakla g\u00f6revli bir m\u00fcfetti\u015fin bu olay\u0131n faili oldu\u011fu d\u00fc\u015f\u00fcn\u00fclen \u015f\u00fcphelilerle ileti\u015fim i\u00e7inde olmas\u0131 \u015f\u00fcphesiz soru\u015fturman\u0131n gizlili\u011fi a\u00e7\u0131s\u0131ndan ve ortaya \u00e7\u0131kacak raporun tarafs\u0131zl\u0131\u011f\u0131 a\u00e7\u0131s\u0131ndan b\u00fcy\u00fck \u00f6nem ta\u015f\u0131yordu. Do\u011fru bir zamanda 55. \u015f\u00fcpheli olarak kamu g\u00f6revlisi de el \u00e7ektirilmi\u015f oldu.&#8221;\u00a0<\/p>\n<div>\n<div> <img decoding=\"async\" src=\"https:\/\/kamucalisani.net\/wp-content\/uploads\/2024\/10\/neslim-inanc-gungen-operasyonunda-yeni-detaylar-polisleri-dans-ederek-karsiladi-5-uijdInCK.jpg\"\/><\/img> <\/div>\n<\/p><\/div>\n<\/p>\n<p>\u00a0<\/p>\n\n<p><\/p>\n<p>Kaynak :\u00a0<span style=\"background-color: rgb(255, 249, 236); color: rgb(55, 58, 60); font-size: 14px;\">http:\/\/www.milliyet.com.tr\/gundem\/neslim-inanc-gungen-operasyonunda-yeni-detaylar-polisleri-dans-ederek-karsiladi-7153839<\/span><\/p>\n","protected":false},"excerpt":{"rendered":"<p>Sosyal medyada &#8220;Neslim G\u00fcngen&#8221; olarak bilinen Neslihan G\u00fcngen ile \u0130nan\u00e7 G\u00fcngen&#8217;in de aralar\u0131nda bulundu\u011fu 54 \u015f\u00fcpheli d\u00fcn ger\u00e7ekle\u015fen &#8220;Kuyu-8&#8221; operasyonlar\u0131yla g\u00f6zalt\u0131na al\u0131nd\u0131. CNN T\u00dcRK \u0130stihbarat Haber M\u00fcd\u00fcr\u00fc Nihat Uluda\u011f, bu operasyonlarla ilgili \u00e7arp\u0131c\u0131 detaylar\u0131 canl\u0131 yay\u0131nda payla\u015ft\u0131.<\/p>\n","protected":false},"author":1,"featured_media":100845,"comment_status":"open","ping_status":"open","sticky":false,"template":"","format":"standard","meta":{"footnotes":""},"categories":[3],"tags":[815,6407,44,1208,638],"class_list":["post-100844","post","type-post","status-publish","format-standard","has-post-thumbnail","hentry","category-guncel","tag-gorevli","tag-gungen","tag-lira","tag-operasyon","tag-tespit"],"_links":{"self":[{"href":"https:\/\/kamucalisani.net\/index.php\/wp-json\/wp\/v2\/posts\/100844","targetHints":{"allow":["GET"]}}],"collection":[{"href":"https:\/\/kamucalisani.net\/index.php\/wp-json\/wp\/v2\/posts"}],"about":[{"href":"https:\/\/kamucalisani.net\/index.php\/wp-json\/wp\/v2\/types\/post"}],"author":[{"embeddable":true,"href":"https:\/\/kamucalisani.net\/index.php\/wp-json\/wp\/v2\/users\/1"}],"replies":[{"embeddable":true,"href":"https:\/\/kamucalisani.net\/index.php\/wp-json\/wp\/v2\/comments?post=100844"}],"version-history":[{"count":1,"href":"https:\/\/kamucalisani.net\/index.php\/wp-json\/wp\/v2\/posts\/100844\/revisions"}],"predecessor-version":[{"id":100852,"href":"https:\/\/kamucalisani.net\/index.php\/wp-json\/wp\/v2\/posts\/100844\/revisions\/100852"}],"wp:featuredmedia":[{"embeddable":true,"href":"https:\/\/kamucalisani.net\/index.php\/wp-json\/wp\/v2\/media\/100845"}],"wp:attachment":[{"href":"https:\/\/kamucalisani.net\/index.php\/wp-json\/wp\/v2\/media?parent=100844"}],"wp:term":[{"taxonomy":"category","embeddable":true,"href":"https:\/\/kamucalisani.net\/index.php\/wp-json\/wp\/v2\/categories?post=100844"},{"taxonomy":"post_tag","embeddable":true,"href":"https:\/\/kamucalisani.net\/index.php\/wp-json\/wp\/v2\/tags?post=100844"}],"curies":[{"name":"wp","href":"https:\/\/api.w.org\/{rel}","templated":true}]}}