{"id":101306,"date":"2024-10-05T15:48:07","date_gmt":"2024-10-05T15:48:07","guid":{"rendered":"https:\/\/kamucalisani.net\/?p=101306"},"modified":"2024-10-05T15:48:07","modified_gmt":"2024-10-05T15:48:07","slug":"thyden-yonetici-maaslariyla-ilgili-iddialara-cevap","status":"publish","type":"post","link":"https:\/\/kamucalisani.net\/index.php\/2024\/10\/05\/thyden-yonetici-maaslariyla-ilgili-iddialara-cevap\/","title":{"rendered":"THY\u2019den y\u00f6netici maa\u015flar\u0131yla ilgili iddialara cevap!"},"content":{"rendered":"<p><p>T\u00fcrk Hava Yollar\u0131 (THY) Bas\u0131n M\u00fc\u015faviri Yahya \u00dcst\u00fcn, \u015firketin y\u00f6netici kadrosunun maa\u015flar\u0131 ile ilgili yap\u0131lan haberlerin ger\u00e7e\u011fi yans\u0131tmad\u0131\u011f\u0131n\u0131 a\u00e7\u0131klad\u0131.<\/p>\n<p><strong>&#8220;MAKSATLI B\u0130R G\u0130R\u0130\u015e\u0130MD\u0130R&#8221;<\/strong><\/p>\n<p>\u00dcst\u00fcn, \u015firketin \u00e7al\u0131\u015fan personeli ve y\u00f6netici maa\u015flar\u0131na y\u00f6nelik sosyal medya hesab\u0131ndan yapt\u0131\u011f\u0131 a\u00e7\u0131klamada, \u015funlar\u0131 kaydetti: &#8220;Son d\u00f6nem kimi medya organlar\u0131nda yer bulan T\u00fcrk Hava Yollar\u0131n\u0131n y\u00f6netim kadrosu maa\u015flar\u0131 ile ilgili spek\u00fclasyonlar ger\u00e7e\u011fi yans\u0131tmamakla birlikte, markam\u0131z\u0131n her ge\u00e7en g\u00fcn y\u00fckselmekte olan de\u011ferini zedeleme amac\u0131 g\u00fcden, maksatl\u0131 bir giri\u015fimdir.<\/p>\n<p><strong>&#8220;TOPLU \u0130\u015e S\u00d6ZLE\u015eMES\u0130 UYARINCA GEREKL\u0130 D\u00dcZENLEME GER\u00c7EKLE\u015eT\u0130R\u0130LM\u0130\u015eT\u0130R&#8221;<\/strong><\/p>\n<p>Y\u00f6netim kadromuz i\u00e7in herhangi bir maa\u015f d\u00fczenlemesi sa\u011flanmam\u0131\u015f olup, geri kalan personel maa\u015flar\u0131nda mevcut Toplu \u0130\u015f S\u00f6zle\u015fmesi uyar\u0131nca gerekli d\u00fczenleme ger\u00e7ekle\u015ftirilmi\u015ftir. \u00dclkemizin \u00f6nde gelen milli de\u011ferlerinden olan markam\u0131z\u0131n bu t\u00fcr spek\u00fclasyonlara mevzu edilmesini \u00fcz\u00fcnt\u00fc ile kar\u015f\u0131lamaktay\u0131z. Kamuoyunun bilgisine sayg\u0131lar\u0131m\u0131zla sunar\u0131z.&#8221;<\/p>\n<p>\u00a0<\/p>\n\n<p><\/p>\n<p>Kaynak :\u00a0<span style=\"background-color: rgb(255, 249, 236); color: rgb(55, 58, 60); font-size: 14px;\">http:\/\/www.milliyet.com.tr\/ekonomi\/thyden-yonetici-maaslariyla-ilgili-iddialara-cevap-7154069<\/span><\/p>\n","protected":false},"excerpt":{"rendered":"<p>T\u00fcrk Hava Yollar\u0131 Bas\u0131n M\u00fc\u015faviri Yahya \u00dcst\u00fcn, y\u00f6netim kadrosu maa\u015flar\u0131 ile ilgili a\u00e7\u0131klama yapt\u0131. \u00dcst\u00fcn, y\u00f6netim kadrosu maa\u015flar\u0131 ile ilgili spek\u00fclasyonlar\u0131n ger\u00e7e\u011fi yans\u0131tmad\u0131\u011f\u0131n\u0131 s\u00f6yledi.<\/p>\n","protected":false},"author":1,"featured_media":101307,"comment_status":"open","ping_status":"open","sticky":false,"template":"","format":"standard","meta":{"footnotes":""},"categories":[2],"tags":[754],"class_list":["post-101306","post","type-post","status-publish","format-standard","has-post-thumbnail","hentry","category-ekonomi","tag-maas"],"_links":{"self":[{"href":"https:\/\/kamucalisani.net\/index.php\/wp-json\/wp\/v2\/posts\/101306","targetHints":{"allow":["GET"]}}],"collection":[{"href":"https:\/\/kamucalisani.net\/index.php\/wp-json\/wp\/v2\/posts"}],"about":[{"href":"https:\/\/kamucalisani.net\/index.php\/wp-json\/wp\/v2\/types\/post"}],"author":[{"embeddable":true,"href":"https:\/\/kamucalisani.net\/index.php\/wp-json\/wp\/v2\/users\/1"}],"replies":[{"embeddable":true,"href":"https:\/\/kamucalisani.net\/index.php\/wp-json\/wp\/v2\/comments?post=101306"}],"version-history":[{"count":1,"href":"https:\/\/kamucalisani.net\/index.php\/wp-json\/wp\/v2\/posts\/101306\/revisions"}],"predecessor-version":[{"id":101308,"href":"https:\/\/kamucalisani.net\/index.php\/wp-json\/wp\/v2\/posts\/101306\/revisions\/101308"}],"wp:featuredmedia":[{"embeddable":true,"href":"https:\/\/kamucalisani.net\/index.php\/wp-json\/wp\/v2\/media\/101307"}],"wp:attachment":[{"href":"https:\/\/kamucalisani.net\/index.php\/wp-json\/wp\/v2\/media?parent=101306"}],"wp:term":[{"taxonomy":"category","embeddable":true,"href":"https:\/\/kamucalisani.net\/index.php\/wp-json\/wp\/v2\/categories?post=101306"},{"taxonomy":"post_tag","embeddable":true,"href":"https:\/\/kamucalisani.net\/index.php\/wp-json\/wp\/v2\/tags?post=101306"}],"curies":[{"name":"wp","href":"https:\/\/api.w.org\/{rel}","templated":true}]}}