{"id":101640,"date":"2024-10-06T00:24:15","date_gmt":"2024-10-06T00:24:15","guid":{"rendered":"https:\/\/kamucalisani.net\/?p=101640"},"modified":"2024-10-06T00:24:15","modified_gmt":"2024-10-06T00:24:15","slug":"wanda-nara-mauro-icardi-ile-ayrildiklarini-acikladi","status":"publish","type":"post","link":"https:\/\/kamucalisani.net\/index.php\/2024\/10\/06\/wanda-nara-mauro-icardi-ile-ayrildiklarini-acikladi\/","title":{"rendered":"Wanda Nara, Mauro Icardi ile ayr\u0131ld\u0131klar\u0131n\u0131 a\u00e7\u0131klad\u0131"},"content":{"rendered":"<p><p>Galatasaray&#8217;\u0131n y\u0131ld\u0131z\u0131 Mauro Icardi ile e\u015fi Wanda Nara&#8217;n\u0131n ayr\u0131laca\u011f\u0131 iddialar\u0131 g\u00fcndemde yer al\u0131rken fla\u015f bir payla\u015f\u0131m geldi. Wanda Nara ald\u0131\u011f\u0131 karar\u0131 sosyal medyadan duyurdu.\u00a0<\/p>\n<p><strong>BO\u015eANMA \u0130DD\u0130ALARI G\u00dcNDEMDEYD\u0130<\/strong><\/p>\n<p>Ciudad Magazine&#8217;in ge\u00e7ti\u011fimiz g\u00fcnlerde g\u00fcndeme getirdi\u011fi haberde Wanda Nara&#8217;n\u0131n Mauro Icardi&#8217;ye bo\u015fanma davas\u0131 a\u00e7t\u0131\u011f\u0131 iddia edilmi\u015fti.<\/p>\n<p><strong>TAK\u0130PTEN DE \u00c7IKTI<\/strong><\/p>\n<p>Arjantinli model Wanda Nara e\u015fi Mauro Icardi&#8217;yi Instagram&#8217;da takip etmeyi de b\u0131rakm\u0131\u015f ve ayr\u0131l\u0131k iddialar\u0131 g\u00fc\u00e7lenmi\u015fti.<\/p>\n<p><strong>AYRILI\u011eI A\u00c7IKLADI\u00a0<\/strong><\/p>\n<p>Wanda Nara sosyal medya hesab\u0131ndan yapt\u0131\u011f\u0131 payla\u015f\u0131m ile y\u0131ld\u0131z golc\u00fcyle ayr\u0131ld\u0131klar\u0131n\u0131 a\u00e7\u0131klad\u0131.\u00a0<\/p>\n<p><strong>Wanda Nara&#8217;n\u0131n sosyal medyadan yapt\u0131\u011f\u0131 a\u00e7\u0131klama \u015fu \u015fekilde:<\/strong><\/p>\n<p>Sonlar\u0131n ne kadar zor oldu\u011funu ve neye mal olduklar\u0131n\u0131 biliyorum. Televizyonda veya internette ger\u00e7ek olmayan \u015feyler var. Ama bunu kabul ediyorum.<\/p>\n<p>Ayr\u0131lmaya karar verdim ama Mauro ile aile olmaktan vazge\u00e7meyece\u011fiz. A\u015fk varken daha fazlas\u0131n\u0131 denemek hata de\u011fildi. Hi\u00e7bir \u015feyden pi\u015fman de\u011filim, bu \u00e7ifte hayat\u0131m\u0131n en g\u00fczel y\u0131llar\u0131n\u0131 verdim ama bug\u00fcn yaln\u0131z kalmak zorunday\u0131m.<\/p>\n<p>Hi\u00e7bir su\u00e7lu veya \u00fc\u00e7\u00fcnc\u00fc \u015fah\u0131s yok, bizim ili\u015fkimiz her zaman d\u0131\u015far\u0131dan g\u00f6r\u00fcnenden daha g\u00fc\u00e7l\u00fc. \u00d6nceli\u011fim her zaman \u00e7ocuklar\u0131m oldu ve bug\u00fcn her zamankinden daha fazla. Sayg\u0131n\u0131z i\u00e7in te\u015fekk\u00fcrler.<\/p>\n<div>\n<div> <img decoding=\"async\" src=\"https:\/\/kamucalisani.net\/wp-content\/uploads\/2024\/10\/wanda-nara-mauro-icardi-ile-ayrildiklarini-acikladi-0-3vi7uSph.jpg\"\/><\/img> <\/div>\n<\/p><\/div>\n<\/p>\n<p><\/p>\n<p>Kaynak :\u00a0<span style=\"background-color: rgb(255, 249, 236); color: rgb(55, 58, 60); font-size: 14px;\">http:\/\/www.milliyet.com.tr\/skorer\/wanda-nara-mauro-icardi-ile-ayrildiklarini-acikladi-7154146<\/span><\/p>\n","protected":false},"excerpt":{"rendered":"<p>Galatasaray&#8217;\u0131n y\u0131ld\u0131z golc\u00fcs\u00fc Mauro Icardi ile e\u015fi Wanda Nara i\u00e7in bo\u015fanma iddias\u0131 g\u00fcndeme gelmi\u015fit. Wanda Nara sosyal medya hesab\u0131ndan ayr\u0131l\u0131\u011f\u0131 duyurdu.<\/p>\n","protected":false},"author":1,"featured_media":101641,"comment_status":"open","ping_status":"open","sticky":false,"template":"","format":"standard","meta":{"footnotes":""},"categories":[7],"tags":[6626],"class_list":["post-101640","post","type-post","status-publish","format-standard","has-post-thumbnail","hentry","category-spor","tag-wanda-nara"],"_links":{"self":[{"href":"https:\/\/kamucalisani.net\/index.php\/wp-json\/wp\/v2\/posts\/101640","targetHints":{"allow":["GET"]}}],"collection":[{"href":"https:\/\/kamucalisani.net\/index.php\/wp-json\/wp\/v2\/posts"}],"about":[{"href":"https:\/\/kamucalisani.net\/index.php\/wp-json\/wp\/v2\/types\/post"}],"author":[{"embeddable":true,"href":"https:\/\/kamucalisani.net\/index.php\/wp-json\/wp\/v2\/users\/1"}],"replies":[{"embeddable":true,"href":"https:\/\/kamucalisani.net\/index.php\/wp-json\/wp\/v2\/comments?post=101640"}],"version-history":[{"count":1,"href":"https:\/\/kamucalisani.net\/index.php\/wp-json\/wp\/v2\/posts\/101640\/revisions"}],"predecessor-version":[{"id":101643,"href":"https:\/\/kamucalisani.net\/index.php\/wp-json\/wp\/v2\/posts\/101640\/revisions\/101643"}],"wp:featuredmedia":[{"embeddable":true,"href":"https:\/\/kamucalisani.net\/index.php\/wp-json\/wp\/v2\/media\/101641"}],"wp:attachment":[{"href":"https:\/\/kamucalisani.net\/index.php\/wp-json\/wp\/v2\/media?parent=101640"}],"wp:term":[{"taxonomy":"category","embeddable":true,"href":"https:\/\/kamucalisani.net\/index.php\/wp-json\/wp\/v2\/categories?post=101640"},{"taxonomy":"post_tag","embeddable":true,"href":"https:\/\/kamucalisani.net\/index.php\/wp-json\/wp\/v2\/tags?post=101640"}],"curies":[{"name":"wp","href":"https:\/\/api.w.org\/{rel}","templated":true}]}}