{"id":102249,"date":"2024-10-07T02:24:06","date_gmt":"2024-10-07T02:24:06","guid":{"rendered":"https:\/\/kamucalisani.net\/?p=102249"},"modified":"2024-10-07T02:24:06","modified_gmt":"2024-10-07T02:24:06","slug":"vivo-x200-pro-mininin-gercek-fotograflari-ortaya-cikti","status":"publish","type":"post","link":"https:\/\/kamucalisani.net\/index.php\/2024\/10\/07\/vivo-x200-pro-mininin-gercek-fotograflari-ortaya-cikti\/","title":{"rendered":"Vivo X200 Pro Mini&#8217;nin ger\u00e7ek foto\u011fraflar\u0131 ortaya \u00e7\u0131kt\u0131"},"content":{"rendered":"<p><figure> <span> <img decoding=\"async\" src=\"https:\/\/kamucalisani.net\/wp-content\/uploads\/2024\/10\/vivo-x200-pro-mininin-gercek-fotograflari-ortaya-cikti-0-ChyyuBXf.jpg\"\/> <\/span> <strong>Vivo X200<\/strong> serisinin lansman\u0131na sadece birka\u00e7 g\u00fcn kald\u0131 ve lansman \u00f6ncesinde s\u0131z\u0131nt\u0131lar art\u0131yor. X200 modellerinin fiyat\u0131n\u0131 ortaya koyan son s\u0131z\u0131nt\u0131n\u0131n ard\u0131ndan, serinin kompakt modeli<strong> Vivo X200 Pro Mini<\/strong>&#8216;nin ilk canl\u0131 g\u00f6r\u00fcnt\u00fcleri ortaya \u00e7\u0131kt\u0131. <\/figure>\n<p>Vivo X200 Pro Mini&#8217;nin isminde mini olsa da asl\u0131nda o kadar da k\u00fc\u00e7\u00fck bir telefon de\u011fil. Galaxy S24 ve iPhone 16 boyutlar\u0131na sahip olan telefonun ekran\u0131 <strong>6,3 in\u00e7<\/strong> b\u00fcy\u00fckl\u00fc\u011f\u00fcnde. Ancak son y\u0131llarda b\u00fcy\u00fck ekranl\u0131 amiral gemisi telefonlar sunan <strong>Vivo i\u00e7in bir ilk<\/strong> diyebiliriz.<\/p>\n<figure> <span> <img decoding=\"async\" src=\"https:\/\/kamucalisani.net\/wp-content\/uploads\/2024\/10\/vivo-x200-pro-mininin-gercek-fotograflari-ortaya-cikti-1-zYvPtOaA.jpg\"\/> <\/span> Foto\u011frafa bakt\u0131\u011f\u0131m\u0131zda telefonun \u00e7\u0131k\u0131nt\u0131, yuvarlak bir kamera mod\u00fcl\u00fcne sahip oldu\u011funu g\u00f6r\u00fcyoruz. Bu anlamda\u00a0X200 Pro&#8217;nun k\u00fc\u00e7\u00fck bir karde\u015fi gibi g\u00f6r\u00fcn\u00fcyor.\u00a0Bu kamera adas\u0131nda <strong>Zeiss <\/strong>destekli bir telefoto mod\u00fcl\u00fc de dahil olmak \u00fczere<strong> \u00fc\u00e7 arka kamera<\/strong> yer al\u0131yor. <\/figure>\n<p><figure> <span> <img decoding=\"async\" src=\"https:\/\/kamucalisani.net\/wp-content\/uploads\/2024\/10\/vivo-x200-pro-mininin-gercek-fotograflari-ortaya-cikti-2-KKTdWZdz.jpg\"\/> <\/span> <\/figure>\n<\/p>\n<p><b>Vivo X200 Pro Mini \u00f6zellikleri<\/b><\/p>\n<p>Vivo X200 Pro Mini, 120 Hz yenileme h\u0131z\u0131 ve 1,5K \u00e7\u00f6z\u00fcn\u00fcrl\u00fc\u011fe sahip 6,3 in\u00e7 b\u00fcy\u00fckl\u00fc\u011f\u00fcnde LTPO OLED ekrana sahip olacak. Telefonun X200 ve X200 Pro&#8217;ya benzer \u015fekilde<strong> Dimensity 9400<\/strong> yonga setinden g\u00fc\u00e7 almas\u0131 bekleniyor.<\/p>\n<p>Pro Mini&#8217;nin ayr\u0131ca,<strong> 50 MP Sony LYT-818<\/strong> ana kamera, 50 MP ultra geni\u015f lens ve<strong> 200 MP periskop telefoto<\/strong> kameradan olu\u015fmas\u0131 beklenen Pro modelinin kurulumuna sahip olmas\u0131 muhtemel.<\/p>\n<p><strong>Android 15<\/strong> tabanl\u0131 <strong>OriginOS 5<\/strong> ile birlikte gelmesi beklenen telefon, daha geli\u015fmi\u015f yapay zeka yetenekleri sunacak.<\/p>\n\n<p>Kaynak\u00a0 :\u00a0<span style=\"background-color: rgb(255, 249, 236); color: rgb(55, 58, 60); font-size: 14px;\">https:\/\/www.donanimhaber.com\/vivo-x200-pro-mini-nin-gercek-fotograflari-ortaya-cikti&#8211;182753<\/span><\/p>\n","protected":false},"excerpt":{"rendered":"<p>Vivo X200 serisinin lansman\u0131na sadece birka\u00e7 g\u00fcn kald\u0131 ve lansman \u00f6ncesinde s\u0131z\u0131nt\u0131lar art\u0131yor. X200 modellerinin fiyat\u0131n\u0131 ortaya koyan son s\u0131z\u0131nt\u0131n\u0131n ard\u0131ndan, serinin kompakt modeli Vivo X200 Pro Mini&#8217;nin ilk canl\u0131 g\u00f6r\u00fcnt\u00fcleri ortaya \u00e7\u0131kt\u0131 &#8230;<\/p>\n","protected":false},"author":1,"featured_media":102250,"comment_status":"open","ping_status":"open","sticky":false,"template":"","format":"standard","meta":{"footnotes":""},"categories":[8],"tags":[61,3567,62,1851],"class_list":["post-102249","post","type-post","status-publish","format-standard","has-post-thumbnail","hentry","category-teknoloji","tag-kamera","tag-mini","tag-telefon","tag-vivo"],"_links":{"self":[{"href":"https:\/\/kamucalisani.net\/index.php\/wp-json\/wp\/v2\/posts\/102249","targetHints":{"allow":["GET"]}}],"collection":[{"href":"https:\/\/kamucalisani.net\/index.php\/wp-json\/wp\/v2\/posts"}],"about":[{"href":"https:\/\/kamucalisani.net\/index.php\/wp-json\/wp\/v2\/types\/post"}],"author":[{"embeddable":true,"href":"https:\/\/kamucalisani.net\/index.php\/wp-json\/wp\/v2\/users\/1"}],"replies":[{"embeddable":true,"href":"https:\/\/kamucalisani.net\/index.php\/wp-json\/wp\/v2\/comments?post=102249"}],"version-history":[{"count":1,"href":"https:\/\/kamucalisani.net\/index.php\/wp-json\/wp\/v2\/posts\/102249\/revisions"}],"predecessor-version":[{"id":102254,"href":"https:\/\/kamucalisani.net\/index.php\/wp-json\/wp\/v2\/posts\/102249\/revisions\/102254"}],"wp:featuredmedia":[{"embeddable":true,"href":"https:\/\/kamucalisani.net\/index.php\/wp-json\/wp\/v2\/media\/102250"}],"wp:attachment":[{"href":"https:\/\/kamucalisani.net\/index.php\/wp-json\/wp\/v2\/media?parent=102249"}],"wp:term":[{"taxonomy":"category","embeddable":true,"href":"https:\/\/kamucalisani.net\/index.php\/wp-json\/wp\/v2\/categories?post=102249"},{"taxonomy":"post_tag","embeddable":true,"href":"https:\/\/kamucalisani.net\/index.php\/wp-json\/wp\/v2\/tags?post=102249"}],"curies":[{"name":"wp","href":"https:\/\/api.w.org\/{rel}","templated":true}]}}