{"id":102651,"date":"2024-10-07T17:00:07","date_gmt":"2024-10-07T17:00:07","guid":{"rendered":"https:\/\/kamucalisani.net\/?p=102651"},"modified":"2024-10-07T17:00:07","modified_gmt":"2024-10-07T17:00:07","slug":"muharrem-inceye-kumpas-davasinda-yeni-gelisme-savci-mutalaasini-acikladi","status":"publish","type":"post","link":"https:\/\/kamucalisani.net\/index.php\/2024\/10\/07\/muharrem-inceye-kumpas-davasinda-yeni-gelisme-savci-mutalaasini-acikladi\/","title":{"rendered":"Muharrem \u0130nce&#8217;ye kumpas davas\u0131nda yeni geli\u015fme! Savc\u0131 m\u00fctalaas\u0131n\u0131 a\u00e7\u0131klad\u0131"},"content":{"rendered":"<p><p>Memleket Partisi Genel Ba\u015fkan\u0131 Muharrem \u0130nce ile Cumhurba\u015fkan\u0131 Dan\u0131\u015fman\u0131 Maksut Serim&#8217;in ad\u0131na d\u00fczenlenmi\u015f sahte dekont ve sosyal medya payla\u015f\u0131mlar\u0131n\u0131 yayd\u0131klar\u0131 \u00f6ne s\u00fcr\u00fclen 12 san\u0131k hakk\u0131nda, &#8216;Sahte \u00f6zel belgeyi bilerek kullanmak&#8217;, &#8216;Ki\u015fisel verileri, hukuka ayk\u0131r\u0131 olarak ele ge\u00e7irmek veya yaymak&#8217; ve &#8216;Sesli yaz\u0131l\u0131 veya g\u00f6r\u00fcnt\u00fcl\u00fc bir ileti ile hakaret&#8217; su\u00e7lar\u0131ndan 4 y\u0131ldan 9 y\u0131l 6&#8217;\u015far aya kadar hapis talebiyle dava a\u00e7\u0131ld\u0131. San\u0131klar\u0131n, Ankara 35\u2019inci Asliye Ceza Mahkemesi&#8217;nde yarg\u0131lanmas\u0131na devam edildi. Duru\u015fmaya tutuksuz san\u0131klar\u0131n baz\u0131lar\u0131 ve taraf avukatlar\u0131 kat\u0131ld\u0131.<\/p>\n<p>Duru\u015fmada, esas hakk\u0131ndaki m\u00fctalaas\u0131n\u0131 a\u00e7\u0131klayan cumhuriyet savc\u0131s\u0131, mahkemeden, bir k\u0131s\u0131m su\u00e7lar y\u00f6n\u00fcnden san\u0131klar \u00fczerine at\u0131l\u0131 su\u00e7lar\u0131n yasal unsurlar\u0131 itibar\u0131yla olu\u015fmad\u0131\u011f\u0131ndan beraat karar\u0131 verilmesini talep etti. Savc\u0131, su\u00e7 vasf\u0131n\u0131n de\u011fi\u015fme ihtimaline kar\u015f\u0131 &#8216;\u0130nternet veya sosyal medya \u00fczerinden i\u015flenen hakaret&#8217; su\u00e7u y\u00f6n\u00fcnden dosyan\u0131n uzla\u015ft\u0131rma b\u00fcrosuna g\u00f6nderilmesini istedi. San\u0131klar ve m\u00fc\u015ftekiler aras\u0131nda uzla\u015fma g\u00f6r\u00fc\u015fmelerinin olumsuz sonu\u00e7lanmas\u0131 halinde ise ayn\u0131 su\u00e7tan ayr\u0131 ayr\u0131 cezaland\u0131r\u0131lmas\u0131n\u0131 talep etti. M\u00fc\u015ftekiler K.O. ve O.E.D.&#8217;ye kar\u015f\u0131 &#8216;Ki\u015fisel verileri hukuka ayk\u0131r\u0131 bir \u015fekilde ele ge\u00e7irip yayma&#8217; su\u00e7undan san\u0131klar\u0131n cezaland\u0131r\u0131lmas\u0131n\u0131 istedi.<\/p>\n<p>Mahkeme heyeti, bir k\u0131s\u0131m su\u00e7lar y\u00f6n\u00fcnde dosyan\u0131n uzla\u015ft\u0131rma b\u00fcrosuna g\u00f6nderilmesine, mesleki mazeret bildiren taraf vekillerinin mazeretlerinin ayr\u0131 ayr\u0131 kabul\u00fcne ve savc\u0131n\u0131n m\u00fctalaas\u0131na kar\u015f\u0131 savunma yapmalar\u0131 i\u00e7in taraf avukatlar\u0131na s\u00fcre verilmesine karar verdi. Duru\u015fma ertelendi.<\/p>\n\n<p><\/p>\n<p>Kaynak :\u00a0<span style=\"background-color: rgb(255, 249, 236); color: rgb(55, 58, 60); font-size: 14px;\">http:\/\/www.milliyet.com.tr\/gundem\/muharrem-inceye-kumpas-davasinda-yeni-gelisme-savci-mutalaasini-acikladi-7154644<\/span><\/p>\n","protected":false},"excerpt":{"rendered":"<p>Memleket Partisi Genel Ba\u015fkan\u0131 Muharrem \u0130nce&#8217;ye y\u00f6nelik sahte cinsel i\u00e7erikli g\u00f6r\u00fcnt\u00fcleri yayd\u0131klar\u0131 su\u00e7lamas\u0131yla 12 san\u0131\u011f\u0131n yarg\u0131land\u0131\u011f\u0131 davada m\u00fctalaas\u0131n\u0131 a\u00e7\u0131klayan savc\u0131, bir tak\u0131m su\u00e7lar y\u00f6n\u00fcnden dosyan\u0131n uzla\u015ft\u0131rma b\u00fcrosuna g\u00f6nderilmesini talep etti.<\/p>\n","protected":false},"author":1,"featured_media":102652,"comment_status":"open","ping_status":"open","sticky":false,"template":"","format":"standard","meta":{"footnotes":""},"categories":[3],"tags":[447,811],"class_list":["post-102651","post","type-post","status-publish","format-standard","has-post-thumbnail","hentry","category-guncel","tag-sanik","tag-suc"],"_links":{"self":[{"href":"https:\/\/kamucalisani.net\/index.php\/wp-json\/wp\/v2\/posts\/102651","targetHints":{"allow":["GET"]}}],"collection":[{"href":"https:\/\/kamucalisani.net\/index.php\/wp-json\/wp\/v2\/posts"}],"about":[{"href":"https:\/\/kamucalisani.net\/index.php\/wp-json\/wp\/v2\/types\/post"}],"author":[{"embeddable":true,"href":"https:\/\/kamucalisani.net\/index.php\/wp-json\/wp\/v2\/users\/1"}],"replies":[{"embeddable":true,"href":"https:\/\/kamucalisani.net\/index.php\/wp-json\/wp\/v2\/comments?post=102651"}],"version-history":[{"count":1,"href":"https:\/\/kamucalisani.net\/index.php\/wp-json\/wp\/v2\/posts\/102651\/revisions"}],"predecessor-version":[{"id":102653,"href":"https:\/\/kamucalisani.net\/index.php\/wp-json\/wp\/v2\/posts\/102651\/revisions\/102653"}],"wp:featuredmedia":[{"embeddable":true,"href":"https:\/\/kamucalisani.net\/index.php\/wp-json\/wp\/v2\/media\/102652"}],"wp:attachment":[{"href":"https:\/\/kamucalisani.net\/index.php\/wp-json\/wp\/v2\/media?parent=102651"}],"wp:term":[{"taxonomy":"category","embeddable":true,"href":"https:\/\/kamucalisani.net\/index.php\/wp-json\/wp\/v2\/categories?post=102651"},{"taxonomy":"post_tag","embeddable":true,"href":"https:\/\/kamucalisani.net\/index.php\/wp-json\/wp\/v2\/tags?post=102651"}],"curies":[{"name":"wp","href":"https:\/\/api.w.org\/{rel}","templated":true}]}}