{"id":102700,"date":"2024-10-07T18:36:07","date_gmt":"2024-10-07T18:36:07","guid":{"rendered":"https:\/\/kamucalisani.net\/?p=102700"},"modified":"2024-10-07T18:36:07","modified_gmt":"2024-10-07T18:36:07","slug":"chp-lideri-ozelden-srebrenitsa-katliami-aciklamasi","status":"publish","type":"post","link":"https:\/\/kamucalisani.net\/index.php\/2024\/10\/07\/chp-lideri-ozelden-srebrenitsa-katliami-aciklamasi\/","title":{"rendered":"CHP Lideri \u00d6zel&#8217;den Srebrenitsa Katliam\u0131 a\u00e7\u0131klamas\u0131"},"content":{"rendered":"<p><p>CHP Genel Ba\u015fkan\u0131 \u00d6zel, yapt\u0131\u011f\u0131 a\u00e7\u0131klamada, \u201cBug\u00fcn 11 Temmuz 2024. Srebrenitsa katliam\u0131n\u0131n 29\u2019uncu y\u0131l\u0131. Bug\u00fcn heyetimizle birlikte, genel sekreterimiz, genel ba\u015fkan yard\u0131mc\u0131lar\u0131m\u0131z, parti meclisi \u00fcyelerimizle birlikte d\u00fcn Saraybosna\u2019dayd\u0131k, bug\u00fcn de Srebrenitsa\u2019day\u0131z. Sabahtan beri T\u00fcrkiye\u2019den gelen b\u00fct\u00fcn heyetlerle birlikte t\u00fcm t\u00f6renleri takip ettik. Tabi biraz \u00f6nce ta\u015f\u0131nmas\u0131 en zor k\u0131sm\u0131n\u0131 hep birlikte ya\u015fad\u0131k. K\u0131l\u0131nan cenaze namazlar\u0131ndan sonra o g\u00fcnlerde katledilmi\u015f ancak kimlik tespitleri ancak bug\u00fcn yap\u0131lm\u0131\u015f, son bir y\u0131l i\u00e7inde kimlikleri tespit edilen 14 katliam ma\u011fdurunun cenaze t\u00f6renlerine ve defin i\u015flemlerine kat\u0131ld\u0131k. Adeta o g\u00fcnleri, o ac\u0131y\u0131 hep birlikte bir kez daha ya\u015fad\u0131k. Bunu ya\u015famak \u00e7ok \u00f6nemli. \u00c7\u00fcnk\u00fc Aliya Izzetbegovi\u00e7\u2019in dedi\u011fi gibi e\u011fer katliam, soyk\u0131r\u0131m unutulursa tekrarlan\u0131r. Unutturmamak i\u00e7in burada olmak gerekiyor. Seneye 30\u2019uncu y\u0131l. \u00c7ok daha b\u00fcy\u00fck bir kat\u0131l\u0131mla burada hep birlikte olaca\u011f\u0131m\u0131z\u0131 de\u011ferlendiriyoruz\u201d diye konu\u015ftu.<\/p>\n<p><strong>\u201cEN \u015e\u0130DDETL\u0130 TEPK\u0130Y\u0130 G\u00d6STER\u0130YOR VE LANETL\u0130YORUZ\u201d<\/strong><\/p>\n<p>\u00d6zel, baz\u0131 yerel siyaset\u00e7iler ve S\u0131rp yetkililerce soyk\u0131r\u0131m\u0131n faillerinin \u2018me\u015frula\u015ft\u0131r\u0131lmaya\u2019 \u00e7al\u0131\u015f\u0131ld\u0131\u011f\u0131n\u0131 belirterek, \u201cT\u00fcrkiye\u2019den \u00e7ok say\u0131da Bo\u015fnak k\u00f6kenli vatanda\u015f\u0131m\u0131z, Bo\u015fnak vatanda\u015f\u0131m\u0131z buradayd\u0131. Burada Bo\u015fnaklar, H\u0131rvatlar ve bu katliamdan utan\u00e7 duyan S\u0131rplarla beraberdik. Maalesef, son d\u00f6nemlerde burada bir ayr\u0131l\u0131k\u00e7\u0131 r\u00fczgar estirilmeye \u00e7al\u0131\u015f\u0131ld\u0131\u011f\u0131 gibi bizim de bug\u00fcn \u015fahit oldu\u011fumuz, bir yandan katliam\u0131n ma\u011fdurlar\u0131n\u0131 daha kemiklerine yeni ula\u015f\u0131l\u0131rken, daha binlercesine ula\u015f\u0131lmam\u0131\u015fken, bir yandan da bu insanl\u0131k su\u00e7unun, bu soyk\u0131r\u0131m\u0131n faillerinin de bir yerlere resimlerini asmaya \u00e7al\u0131\u015fanlar var. Buna en \u015fiddetli tepkiyi g\u00f6steriyor ve lanetliyoruz. Soyk\u0131r\u0131m\u0131n soyk\u0131r\u0131m oldu\u011fu uluslararas\u0131 toplum taraf\u0131ndan kabul edildi. Birle\u015fmi\u015f Milletler bug\u00fcn\u00fc soyk\u0131r\u0131m\u0131 hat\u0131rlama, an\u0131msama g\u00fcn\u00fc olarak ilan etti. Buna ra\u011fmen halen daha baz\u0131 S\u0131rp yetkililerin ve baz\u0131 yerel siyaset\u00e7ilerin hem bunu tan\u0131mad\u0131\u011f\u0131, hem de failleri me\u015frula\u015ft\u0131rmaya, onlar\u0131 \u00f6vmeye kalkt\u0131klar\u0131 bir s\u00fcre\u00e7 ya\u015fan\u0131yor. Buna en sert tepkimizi g\u00f6steriyoruz. Burada 1974 do\u011fumlu bir\u00e7ok ki\u015finin mezar\u0131n\u0131 ziyaret ettik, anneleri ile g\u00f6r\u00fc\u015ft\u00fck. Onlara s\u00f6yledi\u011fimiz \u015fudur. Bizi evlad\u0131n\u0131z yerine koyun, T\u00fcrkiye\u2019deki herkesi evlad\u0131n\u0131z yerine koyun. Sizin evlatlar\u0131n\u0131z, karde\u015fleriniz, e\u015fleriniz, sizin anne ve babalar\u0131n\u0131z b\u00fct\u00fcn T\u00fcrkiye\u2019nin ailesi. Hepimiz bir kez daha bu soyk\u0131r\u0131m\u0131 lanetliyoruz\u201d dedi.<\/p>\n<p><strong>\u201cGEREKEN\u0130 YAPMIYORLAR\u201d<\/strong><\/p>\n<p><em>CHP Genel Ba\u015fkan\u0131 \u00d6zel, AB \u00fcyelerinin \u00e7o\u011funun \u00fczerine d\u00fc\u015fen g\u00f6revleri yerine getirmedi\u011fine dikkat \u00e7ekerek, \u015f\u00f6yle konu\u015ftu:<\/em><\/p>\n<p>\u201cBurada bir s\u00f6z\u00fcm daha olacak o da \u015fudur. O g\u00fcnlerde 1990-1995 aras\u0131 ya\u015fananlar s\u0131ras\u0131nda T\u00fcrkiye \u00fczerine d\u00fc\u015feni yapt\u0131. Hele hele CHP Genel Ba\u015fkan\u0131 Deniz Baykal, katliamdan iki y\u0131l \u00f6nce buradaki tehlikeye dikkati \u00e7ekti. Uluslararas\u0131 toplum duyars\u0131z kald\u0131. Hollanda birlikleri, Birle\u015fmi\u015f Milletler misyonu s\u0131fat\u0131yla bulunduklar\u0131 fabrika binas\u0131na bug\u00fcn gitti\u011fimiz, insanlar ka\u00e7arak s\u0131\u011f\u0131nd\u0131\u011f\u0131nda ellerinden silahlar\u0131 al\u0131p, onlar\u0131 g\u00fcvenli b\u00f6lgeye sevk ediyoruz diye \u00f6l\u00fcme yollad\u0131lar. Daha bu sene Hollanda\u2019n\u0131n sorumlulu\u011fu sadece o \u00e7itin i\u00e7inde kalanlarla s\u0131n\u0131rl\u0131 tutulmakla beraber ki \u00e7ok yanl\u0131\u015f bir tutum, b\u00fct\u00fcn b\u00f6lgeden sorumluydu onlar. Sorumlulu\u011funa kar\u015f\u0131 tazminat \u00f6d\u00fcyor. \u00c7ok k\u0131s\u0131tl\u0131 olarak. Ama bak\u0131n \u015fimdi herkes burada g\u00fcnah \u00e7\u0131kar\u0131yor. Birle\u015fmi\u015f Milletler, bug\u00fcn\u00fc soyk\u0131r\u0131m g\u00fcn\u00fc ilan ediyor. Ama o g\u00fcn susuyorlard\u0131. O g\u00fcn sustuklar\u0131 i\u00e7in oldu. Bug\u00fcn ne oluyor? Bug\u00fcn de Filistin i\u00e7in susuyorlar, gerekeni yapm\u0131yorlar. Avrupa Birli\u011finin \u00e7ok say\u0131da \u00fcyesi \u00fczerine d\u00fc\u015feni tam olarak yapm\u0131yor. \u0130spanya ba\u015fta olmak \u00fczere Filistin\u2019i tan\u0131yanlar\u0131 takdir ediyoruz. S\u00f6z\u00fcm\u00fcze de\u011fer veren, Filistin\u2019i tan\u0131yaca\u011f\u0131n\u0131 s\u00f6yleyen siyasi akrabalar\u0131m\u0131za te\u015fekk\u00fcr ediyoruz. \u0130ngiltere\u2019deki ve Fransa\u2019daki geli\u015fmeleri, son se\u00e7imdeki, \u00e7ok olumlu buluyoruz. Ama buradan b\u00fct\u00fcn d\u00fcnyaya bir kez daha sesleniyoruz ki y\u0131llar sonra kararlar almak yerine soyk\u0131r\u0131m ya\u015fan\u0131rken engel olmak laz\u0131m. Bunu ifade etmek isterim. Bir karde\u015fimin bize elleriyle \u00f6rd\u00fc\u011f\u00fc 11 Temmuz\u2019u simgeleyen, masumiyeti, bar\u0131\u015f\u0131 simgeleyen Filistin bayra\u011f\u0131n\u0131n da renklerini ta\u015f\u0131yan, Srebrenitsa\u2019y\u0131 hat\u0131rlatan bu rozeti gelecek sene burada takmak \u00fczere ve Filistin\u2019e gitti\u011fimde takmak \u00fczere buradan T\u00fcrkiye\u2019ye g\u00f6t\u00fcr\u00fcyorum. Bizi bug\u00fcn b\u00fcy\u00fck bir gayretle takip eden bas\u0131n mensubu arkada\u015flar\u0131m\u0131za da te\u015fekk\u00fcr ediyorum.<\/p>\n\n<p><\/p>\n<p>Kaynak :\u00a0<span style=\"background-color: rgb(255, 249, 236); color: rgb(55, 58, 60); font-size: 14px;\">http:\/\/www.milliyet.com.tr\/gundem\/chp-lideri-ozelden-srebrenitsa-katliami-aciklamasi-7154653<\/span><\/p>\n","protected":false},"excerpt":{"rendered":"<p>Cumhuriyet Halk Partisi (CHP) Genel Ba\u015fkan\u0131 \u00d6zg\u00fcr \u00d6zel, Srebrenitsa Katliam\u0131\u2019n\u0131n 29\u2019uncu y\u0131l\u0131 kapsam\u0131nda, Bosna-Hersek\u2019te bulunan Poto\u00e7ari Anma Merkezi\u2019nde d\u00fczenlenen anma t\u00f6renine kat\u0131ld\u0131. Burada a\u00e7\u0131klama yapan \u00d6zel, \u201cAdeta o g\u00fcnleri, o ac\u0131y\u0131 hep birlikte bir kez daha ya\u015fad\u0131k. Bunu ya\u015famak \u00e7ok \u00f6nemli. \u00c7\u00fcnk\u00fc Aliya Izzetbegovi\u00e7\u2019in dedi\u011fi gibi e\u011fer katliam, soyk\u0131r\u0131m unutulursa tekrarlan\u0131r\u201d dedi.<\/p>\n","protected":false},"author":1,"featured_media":102701,"comment_status":"open","ping_status":"open","sticky":false,"template":"","format":"standard","meta":{"footnotes":""},"categories":[3],"tags":[1346,646,4853,4145,146],"class_list":["post-102700","post","type-post","status-publish","format-standard","has-post-thumbnail","hentry","category-guncel","tag-birlikte","tag-filistin","tag-katliam","tag-soykirim","tag-turkiye"],"_links":{"self":[{"href":"https:\/\/kamucalisani.net\/index.php\/wp-json\/wp\/v2\/posts\/102700","targetHints":{"allow":["GET"]}}],"collection":[{"href":"https:\/\/kamucalisani.net\/index.php\/wp-json\/wp\/v2\/posts"}],"about":[{"href":"https:\/\/kamucalisani.net\/index.php\/wp-json\/wp\/v2\/types\/post"}],"author":[{"embeddable":true,"href":"https:\/\/kamucalisani.net\/index.php\/wp-json\/wp\/v2\/users\/1"}],"replies":[{"embeddable":true,"href":"https:\/\/kamucalisani.net\/index.php\/wp-json\/wp\/v2\/comments?post=102700"}],"version-history":[{"count":1,"href":"https:\/\/kamucalisani.net\/index.php\/wp-json\/wp\/v2\/posts\/102700\/revisions"}],"predecessor-version":[{"id":102702,"href":"https:\/\/kamucalisani.net\/index.php\/wp-json\/wp\/v2\/posts\/102700\/revisions\/102702"}],"wp:featuredmedia":[{"embeddable":true,"href":"https:\/\/kamucalisani.net\/index.php\/wp-json\/wp\/v2\/media\/102701"}],"wp:attachment":[{"href":"https:\/\/kamucalisani.net\/index.php\/wp-json\/wp\/v2\/media?parent=102700"}],"wp:term":[{"taxonomy":"category","embeddable":true,"href":"https:\/\/kamucalisani.net\/index.php\/wp-json\/wp\/v2\/categories?post=102700"},{"taxonomy":"post_tag","embeddable":true,"href":"https:\/\/kamucalisani.net\/index.php\/wp-json\/wp\/v2\/tags?post=102700"}],"curies":[{"name":"wp","href":"https:\/\/api.w.org\/{rel}","templated":true}]}}