{"id":102899,"date":"2024-10-08T02:00:07","date_gmt":"2024-10-08T02:00:07","guid":{"rendered":"https:\/\/kamucalisani.net\/?p=102899"},"modified":"2024-10-08T02:00:07","modified_gmt":"2024-10-08T02:00:07","slug":"kamuda-cifte-maasa-rotus","status":"publish","type":"post","link":"https:\/\/kamucalisani.net\/index.php\/2024\/10\/08\/kamuda-cifte-maasa-rotus\/","title":{"rendered":"Kamuda \u2018\u00e7ifte maa\u015f\u2019a r\u00f6tu\u015f"},"content":{"rendered":"<p><p><span><strong>M\u0130THAT YURDAKUL-<\/strong> <\/span>Kamuda tasarruf tedbirlerine y\u00f6nelik d\u00fczenlemeler i\u00e7eren kanun teklifi TBMM Plan B\u00fct\u00e7e Komisyonu\u2019nda kabul edildi. Komisyonda tasarruf paketiyle ilgili bilgi veren Hazine ve Maliye Bakan Yard\u0131mc\u0131s\u0131 \u0130smail \u0130lhan Hatipo\u011flu, kamuda maa\u015f s\u0131n\u0131rlamas\u0131yla gelirlere \u00fcst s\u0131n\u0131r getirilece\u011fini ve a\u015fan k\u0131sm\u0131n b\u00fct\u00e7eye gelir kaydedilece\u011fini belirterek, \u201cBir emanet hesab\u0131na yat\u0131r\u0131lacak. Birden fazla ald\u0131\u011f\u0131n\u0131 bildirmesi gerekiyor. Birden fazla ald\u0131\u011f\u0131n\u0131 ki\u015fi bildirmezse onu tespit etmek biraz zor olabilir\u201d dedi. Hi\u00e7bir \u015fekilde kamuyla ilgisi olmayanlarla ilgili s\u0131n\u0131rlaman\u0131n da tart\u0131\u015fma konusu oldu\u011funu belirten Hatipo\u011flu, teklifteki mu\u011flak noktalar\u0131 not ald\u0131klar\u0131n\u0131, istisna olacak hususlar\u0131 \u00e7al\u0131\u015facaklar\u0131n\u0131 dile getirdi.<\/p>\n<div>\n<div><img decoding=\"async\" src=\"https:\/\/kamucalisani.net\/wp-content\/uploads\/2024\/10\/kamuda-cifte-maasa-rotus-0-pcrQEILT.jpg\"\/><\/img><\/div>\n<\/div>\n<p><strong>MAKAM ARABALARI DAH\u0130L<\/strong><\/p>\n<p>Tasarruf tedbirlerinin 237 say\u0131l\u0131 Ta\u015f\u0131t Kanunu\u2019nun tamam\u0131n\u0131 kapsad\u0131\u011f\u0131n\u0131 vurgulayan Hatipo\u011flu, \u201cT\u00fcm harcama programlar\u0131 \u015fu anda g\u00f6zden ge\u00e7iriliyor. Kamu makam ara\u00e7lar\u0131 dahil, ihtiya\u00e7 fazlas\u0131n\u0131 ilgili kamu idaresi bildirecek. \u0130htiyac\u0131 devam ediyorsa bildirmeyecek\u201d dedi. Tasarruf tedbirleri i\u00e7in izleme sistemi kurduklar\u0131n\u0131 s\u00f6yleyen Hatipo\u011flu, \u201c\u2018Maliye Bakanl\u0131\u011f\u0131nda Tasarruf Tedbirleri \u0130zleme Sistemi\u2019 ad\u0131 alt\u0131nda bir sistemi kendi imkanlar\u0131m\u0131zla geli\u015ftirdik. Kamu ta\u015f\u0131tlar\u0131na ili\u015fkin filo y\u00f6netimi anlam\u0131nda \u2018Kamu Ta\u015f\u0131t Filo Sistemi\u2019 geli\u015ftirdik, bir izleme sistemi kuruyoruz\u201d diye konu\u015ftu.<\/p>\n<p><strong>CEZA K\u0130MLERE KES\u0130LECEK?<\/strong><\/p>\n<p>Tasarruf \u00f6nlemlerine uymayanlara disiplin cezas\u0131ndaki kapsama da de\u011finen Hatipo\u011flu, \u201c657\u2019ye tabi devlet memurlar\u0131 var, kamu i\u015f\u00e7ileri var, di\u011fer personel var. Hakim-savc\u0131lar a\u00e7\u0131s\u0131ndan Hakimler Savc\u0131lar Kanunu; kamu i\u015f\u00e7ileri a\u00e7\u0131s\u0131ndan kendi mevzuat\u0131 \u00e7er\u00e7evesinde disiplin h\u00fck\u00fcmlerinin uygulanaca\u011f\u0131na ili\u015fkin bir d\u00fczenleme var\u201d ifadelerini kulland\u0131.<\/p>\n<p><strong>AVUKATLARA MASAK\u2019A \u0130HBAR Y\u00dcK\u00dcML\u00dcL\u00dc\u011e\u00dc<\/strong><\/p>\n<p>MASAK Ba\u015fkan\u0131 Hasan Kaymak da, teklifin avukatlar\u0131 yak\u0131ndan ilgilendiren h\u00fckm\u00fcne ili\u015fkin de, \u201cAvukatlar\u0131n, finansal i\u015flem yapt\u0131\u011f\u0131nda MASAK\u2019\u0131 bilgilendirmesinden ibaret bir d\u00fczenleme. Arac\u0131l\u0131k yapt\u0131\u011f\u0131n \u015firket kurulmas\u0131 meselesinde \u015firket ortaklar\u0131 veya koyduklar\u0131 sermaye konusunda bir \u015f\u00fcphen var m\u0131? B\u00f6yle bir \u015f\u00fcphen var ise, bu kara para kaynakl\u0131 bir yer ise bize bildir. Bunun d\u0131\u015f\u0131nda ba\u015fka bir bilgi istenmiyor. \u0130stanbul\u2019da yap\u0131lan yerinde ziyaret sonucu olu\u015fturulan raporda da, FATF ekibinin birinci s\u0131rada yer alan tavsiyesi avukatlar\u0131n y\u00fck\u00fcml\u00fc say\u0131lmamas\u0131 \u015feklindeki eksikli\u011fin giderilmesi\u201d diye konu\u015ftu.<\/p>\n\n<p><\/p>\n<p>Kaynak :\u00a0<span style=\"background-color: rgb(255, 249, 236); color: rgb(55, 58, 60); font-size: 14px;\">http:\/\/www.milliyet.com.tr\/ekonomi\/kamuda-cifte-maasa-rotus-7154775<\/span><\/p>\n","protected":false},"excerpt":{"rendered":"<p>Hazine ve Maliye Bakan Yard\u0131mc\u0131s\u0131 Hatipo\u011flu, kamuda \u00e7ifte maa\u015f alan y\u00f6neticilerle ilgili maddede r\u00f6tu\u015f yap\u0131laca\u011f\u0131 ve gelirlere \u00fcst s\u0131n\u0131r getirilece\u011fini\u00a0belirterek t\u00fcm ara\u00e7lar\u0131n da g\u00f6zden ge\u00e7irilece\u011fini s\u00f6yledi&#8230;<\/p>\n","protected":false},"author":1,"featured_media":102900,"comment_status":"open","ping_status":"open","sticky":false,"template":"","format":"standard","meta":{"footnotes":""},"categories":[2],"tags":[6723,266,468,525],"class_list":["post-102899","post","type-post","status-publish","format-standard","has-post-thumbnail","hentry","category-ekonomi","tag-hatipoglu","tag-kamu","tag-sistemi","tag-tasarruf"],"_links":{"self":[{"href":"https:\/\/kamucalisani.net\/index.php\/wp-json\/wp\/v2\/posts\/102899","targetHints":{"allow":["GET"]}}],"collection":[{"href":"https:\/\/kamucalisani.net\/index.php\/wp-json\/wp\/v2\/posts"}],"about":[{"href":"https:\/\/kamucalisani.net\/index.php\/wp-json\/wp\/v2\/types\/post"}],"author":[{"embeddable":true,"href":"https:\/\/kamucalisani.net\/index.php\/wp-json\/wp\/v2\/users\/1"}],"replies":[{"embeddable":true,"href":"https:\/\/kamucalisani.net\/index.php\/wp-json\/wp\/v2\/comments?post=102899"}],"version-history":[{"count":1,"href":"https:\/\/kamucalisani.net\/index.php\/wp-json\/wp\/v2\/posts\/102899\/revisions"}],"predecessor-version":[{"id":102902,"href":"https:\/\/kamucalisani.net\/index.php\/wp-json\/wp\/v2\/posts\/102899\/revisions\/102902"}],"wp:featuredmedia":[{"embeddable":true,"href":"https:\/\/kamucalisani.net\/index.php\/wp-json\/wp\/v2\/media\/102900"}],"wp:attachment":[{"href":"https:\/\/kamucalisani.net\/index.php\/wp-json\/wp\/v2\/media?parent=102899"}],"wp:term":[{"taxonomy":"category","embeddable":true,"href":"https:\/\/kamucalisani.net\/index.php\/wp-json\/wp\/v2\/categories?post=102899"},{"taxonomy":"post_tag","embeddable":true,"href":"https:\/\/kamucalisani.net\/index.php\/wp-json\/wp\/v2\/tags?post=102899"}],"curies":[{"name":"wp","href":"https:\/\/api.w.org\/{rel}","templated":true}]}}