{"id":102939,"date":"2024-10-08T04:12:06","date_gmt":"2024-10-08T04:12:06","guid":{"rendered":"https:\/\/kamucalisani.net\/?p=102939"},"modified":"2024-10-08T04:12:06","modified_gmt":"2024-10-08T04:12:06","slug":"besiktasin-immobile-transferinde-son-durum-kiran-kirana-pazarlik","status":"publish","type":"post","link":"https:\/\/kamucalisani.net\/index.php\/2024\/10\/08\/besiktasin-immobile-transferinde-son-durum-kiran-kirana-pazarlik\/","title":{"rendered":"Be\u015fikta\u015f&#8217;\u0131n Immobile transferinde son durum! &#8216;K\u0131ran k\u0131rana pazarl\u0131k&#8217;"},"content":{"rendered":"<p><p>Transferde ata\u011fa kalkan Be\u015fikta\u015f, Gabriel Paulista ve Rafa Silva\u2019dan sonra d\u00fcnyaca \u00fcnl\u00fc \u0130talyan golc\u00fc Ciro Immobile\u2019yi de resmen renklerine ba\u011flamak i\u00e7in geri say\u0131ma ge\u00e7ti.<\/p>\n<p>Rafa Silva transferinde b\u00fcy\u00fck rol oynayan siyah-beyazl\u0131 kul\u00fcb\u00fcn \u0130kinci Ba\u015fkan\u0131 H\u00fcseyin Y\u00fccel, Lazio Ba\u015fkan\u0131 Claudio Lotito ile pazarl\u0131k masas\u0131na oturmak \u00fczere \u0130talya\u2019ya gitti. Y\u00fccel\u2019in 34 ya\u015f\u0131ndaki golc\u00fcy\u00fc bedelsiz istedi\u011fi ancak Lotito\u2019nun buna yana\u015fmad\u0131\u011f\u0131 ifade edildi.<\/p>\n<p><strong>6 M\u0130LYON EURO \u00dcCRET<\/strong><\/p>\n<p>Be\u015fikta\u015f ile Lazio\u2019nun Immobile i\u00e7in 3 milyon euro bonservis bedeli kar\u015f\u0131l\u0131\u011f\u0131nda anla\u015fmaya \u00e7ok yak\u0131n olduklar\u0131 ileri s\u00fcr\u00fcld\u00fc. Siyah-beyazl\u0131lar\u0131n 2 y\u0131ll\u0131k anla\u015fma sa\u011flanan y\u0131ld\u0131z golc\u00fcye y\u0131ll\u0131k net 6 milyon euro \u00fccret \u00f6deyece\u011fi de belirtildi.<\/p>\n<p>Kartal, Augsburg\u2019da top ko\u015fturan 26 ya\u015f\u0131ndaki Alman stoper Felix Uduokhai i\u00e7in de giri\u015fimlerini s\u00fcrd\u00fcr\u00fcyor. Bundesliga ekibiyle yap\u0131lan bonservis pazarl\u0131klar\u0131n\u0131n tamamlanmak \u00fczere oldu\u011fu aktar\u0131ld\u0131.<\/p>\n\n<p><\/p>\n<p>Kaynak :\u00a0<span style=\"background-color: rgb(255, 249, 236); color: rgb(55, 58, 60); font-size: 14px;\">http:\/\/www.milliyet.com.tr\/skorer\/besiktasin-immobile-transferinde-son-durum-kiran-kirana-pazarlik-7154757<\/span><\/p>\n","protected":false},"excerpt":{"rendered":"<p>Gabriel Paulista ve Rafa Silva\u2019dan sonra Ciro Immobile\u2019yi renklerine ba\u011flamak isteyen Be\u015fikta\u015f&#8217;ta transfer i\u00e7in pazarl\u0131klar devam ediyor. \u0130\u015fte detaylar&#8230;<\/p>\n","protected":false},"author":1,"featured_media":102940,"comment_status":"open","ping_status":"open","sticky":false,"template":"","format":"standard","meta":{"footnotes":""},"categories":[7],"tags":[],"class_list":["post-102939","post","type-post","status-publish","format-standard","has-post-thumbnail","hentry","category-spor"],"_links":{"self":[{"href":"https:\/\/kamucalisani.net\/index.php\/wp-json\/wp\/v2\/posts\/102939","targetHints":{"allow":["GET"]}}],"collection":[{"href":"https:\/\/kamucalisani.net\/index.php\/wp-json\/wp\/v2\/posts"}],"about":[{"href":"https:\/\/kamucalisani.net\/index.php\/wp-json\/wp\/v2\/types\/post"}],"author":[{"embeddable":true,"href":"https:\/\/kamucalisani.net\/index.php\/wp-json\/wp\/v2\/users\/1"}],"replies":[{"embeddable":true,"href":"https:\/\/kamucalisani.net\/index.php\/wp-json\/wp\/v2\/comments?post=102939"}],"version-history":[{"count":1,"href":"https:\/\/kamucalisani.net\/index.php\/wp-json\/wp\/v2\/posts\/102939\/revisions"}],"predecessor-version":[{"id":102941,"href":"https:\/\/kamucalisani.net\/index.php\/wp-json\/wp\/v2\/posts\/102939\/revisions\/102941"}],"wp:featuredmedia":[{"embeddable":true,"href":"https:\/\/kamucalisani.net\/index.php\/wp-json\/wp\/v2\/media\/102940"}],"wp:attachment":[{"href":"https:\/\/kamucalisani.net\/index.php\/wp-json\/wp\/v2\/media?parent=102939"}],"wp:term":[{"taxonomy":"category","embeddable":true,"href":"https:\/\/kamucalisani.net\/index.php\/wp-json\/wp\/v2\/categories?post=102939"},{"taxonomy":"post_tag","embeddable":true,"href":"https:\/\/kamucalisani.net\/index.php\/wp-json\/wp\/v2\/tags?post=102939"}],"curies":[{"name":"wp","href":"https:\/\/api.w.org\/{rel}","templated":true}]}}