{"id":102981,"date":"2024-10-08T06:00:08","date_gmt":"2024-10-08T06:00:08","guid":{"rendered":"https:\/\/kamucalisani.net\/?p=102981"},"modified":"2024-10-08T06:00:08","modified_gmt":"2024-10-08T06:00:08","slug":"applein-macbook-air-ve-ipad-air-guncellemeleri-2025in-basina-ertelendi","status":"publish","type":"post","link":"https:\/\/kamucalisani.net\/index.php\/2024\/10\/08\/applein-macbook-air-ve-ipad-air-guncellemeleri-2025in-basina-ertelendi\/","title":{"rendered":"Apple&#8217;\u0131n MacBook Air ve iPad Air g\u00fcncellemeleri 2025&#8217;in ba\u015f\u0131na ertelendi"},"content":{"rendered":"<p><figure> <span> <img decoding=\"async\" src=\"https:\/\/kamucalisani.net\/wp-content\/uploads\/2024\/10\/applein-macbook-air-ve-ipad-air-guncellemeleri-2025in-basina-ertelendi-0-dNzD7gYQ.jpg\"\/> <\/span> Apple&#8217;\u0131n\u00a0yeni nesil <strong>MacBook Air <\/strong>ve<strong> iPad Air<\/strong> modellerinin piyasaya s\u00fcr\u00fclmesini 2025&#8217;in ilk yar\u0131s\u0131na erteledi\u011fi bildiriliyor. Bloomberg\u00a0raporuna g\u00f6re teknoloji devi cihaz lansmanlar\u0131n\u0131 2024 sonu ve 2025 ba\u015f\u0131nda da\u011f\u0131tmak \u00fczere \u00e7\u0131k\u0131\u015f takvimini revize etti. <\/figure>\n<p><b>MacBook Air ve iPad Air&#8217;da M4 yonga setleri kullan\u0131lacak<\/b><\/p>\n<p>\u015eirketin odak noktas\u0131,<strong> iPhone 16 <\/strong>serisinin ba\u015far\u0131l\u0131 lansman\u0131n\u0131n ard\u0131ndan \u00fcr\u00fcn gam\u0131ndaki di\u011fer \u00fcr\u00fcnlere kayd\u0131. Raporda Apple&#8217;\u0131n 2025&#8217;in ilk \u00e7eyre\u011finde 13 in\u00e7 ve 15 in\u00e7 MacBook Air modellerini piyasaya s\u00fcrmeyi planlad\u0131\u011f\u0131 belirtiliyor. Ayn\u0131 zamanda 11 in\u00e7 ve 13 in\u00e7 iPad Air&#8217;lar\u0131n g\u00fcncellenmi\u015f versiyonlar\u0131n\u0131n da piyasaya s\u00fcr\u00fclmesi bekleniyor.<\/p>\n<p>T\u00fcm bu modeller <strong>M4 serisi <\/strong>yonga setleriyle g\u00fc\u00e7lendirilecek. MacBook Air ve iPad Air&#8217;\u0131n lansman takvimi, \u00f6n\u00fcm\u00fczdeki y\u0131l\u0131n ba\u015flar\u0131nda piyasaya s\u00fcr\u00fclmesi beklenen\u00a0<strong>iPhone SE<\/strong>\u00a0modelinin s\u00f6ylentileriyle \u00f6rt\u00fc\u015febilir. Ayn\u0131 raporda Apple&#8217;\u0131n Ekim ay\u0131 sonlar\u0131nda\u00a0bir MacBook Pro, Mac mini ve iPad mini etkinli\u011fi planlad\u0131\u011f\u0131 da belirtiliyor.<\/p>\n<p>Bu cihazlar\u0131n 1 Kas\u0131m 2024&#8217;te g\u00f6nderilmeye ba\u015flamas\u0131 bekleniyor. Ayr\u0131ca bu y\u0131l bitmeden bir M4 iMac&#8217;in piyasaya s\u00fcr\u00fclmesi bekleniyor ancak MacBook Air ve iPad Air hayranlar\u0131n\u0131n g\u00fcncellenmi\u015f modeller i\u00e7in 2025&#8217;in ba\u015flar\u0131na kadar beklemeleri gerekecek.\u00a0Raporda ayr\u0131ca, gelecekte piyasaya s\u00fcr\u00fclecek di\u011fer \u00fcr\u00fcnlerin de ipu\u00e7lar\u0131 veriliyor.<\/p>\n<p>iPad Air i\u00e7in g\u00fcncellenmi\u015f Magic Keyboard&#8217;lar\u0131n ve geli\u015ftirilmi\u015f AirTag \u00fcr\u00fcn takip cihaz\u0131n\u0131n Haziran ay\u0131ndaki WWDC konferans\u0131ndan \u00f6nce tan\u0131t\u0131lmas\u0131 bekleniyor. \u00d6nemli s\u00fcr\u00fcmlere bakt\u0131\u011f\u0131m\u0131zda Mac Studio ve Mac Pro&#8217;nun yeni s\u00fcr\u00fcmlerinin 2025&#8217;in ikinci yar\u0131s\u0131nda \u00e7\u0131kmas\u0131 bekleniyor. Geleneklere uygun olarak iPhone 17 serisi, g\u00fcncellenmi\u015f Apple Watch Series 11 ile birlikte \u00f6n\u00fcm\u00fczdeki eyl\u00fcl ay\u0131nda duyurulacak.<\/p>\n\n<p>Kaynak\u00a0 :\u00a0<span style=\"background-color: rgb(255, 249, 236); color: rgb(55, 58, 60); font-size: 14px;\">https:\/\/www.donanimhaber.com\/macbook-air-ve-ipad-air-guncellemeleri-2025-in-basina-ertelendi&#8211;182802<\/span><\/p>\n","protected":false},"excerpt":{"rendered":"<p>Apple&#8217;\u0131n\u00a0yeni nesil MacBook Air ve iPad Air modellerinin piyasaya s\u00fcr\u00fclmesini 2025&#8217;in ilk yar\u0131s\u0131na erteledi\u011fi bildiriliyor. Bloomberg\u00a0raporuna g\u00f6re teknoloji devi cihaz lansmanlar\u0131n\u0131 2024 sonu ve 2025 ba\u015f\u0131nda da\u011f\u0131tmak \u00fczere \u00e7\u0131k\u0131\u015f takvimini revize &#8230;<\/p>\n","protected":false},"author":1,"featured_media":102982,"comment_status":"open","ping_status":"open","sticky":false,"template":"","format":"standard","meta":{"footnotes":""},"categories":[8],"tags":[3631,6732,4765,1839,1345],"class_list":["post-102981","post","type-post","status-publish","format-standard","has-post-thumbnail","hentry","category-teknoloji","tag-3631","tag-bekleniyor","tag-ipad-air","tag-macbook-air","tag-piyasaya"],"_links":{"self":[{"href":"https:\/\/kamucalisani.net\/index.php\/wp-json\/wp\/v2\/posts\/102981","targetHints":{"allow":["GET"]}}],"collection":[{"href":"https:\/\/kamucalisani.net\/index.php\/wp-json\/wp\/v2\/posts"}],"about":[{"href":"https:\/\/kamucalisani.net\/index.php\/wp-json\/wp\/v2\/types\/post"}],"author":[{"embeddable":true,"href":"https:\/\/kamucalisani.net\/index.php\/wp-json\/wp\/v2\/users\/1"}],"replies":[{"embeddable":true,"href":"https:\/\/kamucalisani.net\/index.php\/wp-json\/wp\/v2\/comments?post=102981"}],"version-history":[{"count":1,"href":"https:\/\/kamucalisani.net\/index.php\/wp-json\/wp\/v2\/posts\/102981\/revisions"}],"predecessor-version":[{"id":102984,"href":"https:\/\/kamucalisani.net\/index.php\/wp-json\/wp\/v2\/posts\/102981\/revisions\/102984"}],"wp:featuredmedia":[{"embeddable":true,"href":"https:\/\/kamucalisani.net\/index.php\/wp-json\/wp\/v2\/media\/102982"}],"wp:attachment":[{"href":"https:\/\/kamucalisani.net\/index.php\/wp-json\/wp\/v2\/media?parent=102981"}],"wp:term":[{"taxonomy":"category","embeddable":true,"href":"https:\/\/kamucalisani.net\/index.php\/wp-json\/wp\/v2\/categories?post=102981"},{"taxonomy":"post_tag","embeddable":true,"href":"https:\/\/kamucalisani.net\/index.php\/wp-json\/wp\/v2\/tags?post=102981"}],"curies":[{"name":"wp","href":"https:\/\/api.w.org\/{rel}","templated":true}]}}