{"id":103052,"date":"2024-10-08T09:48:07","date_gmt":"2024-10-08T09:48:07","guid":{"rendered":"https:\/\/kamucalisani.net\/?p=103052"},"modified":"2024-10-08T09:48:07","modified_gmt":"2024-10-08T09:48:07","slug":"sona-yaklasan-teror-orgutu-kara-propagandaya-sigindi","status":"publish","type":"post","link":"https:\/\/kamucalisani.net\/index.php\/2024\/10\/08\/sona-yaklasan-teror-orgutu-kara-propagandaya-sigindi\/","title":{"rendered":"\u2018Sona yakla\u015fan ter\u00f6r \u00f6rg\u00fct\u00fc kara propagandaya s\u0131\u011f\u0131nd\u0131\u2019"},"content":{"rendered":"<p><p><span><strong>AYDIN HASAN\/ANKARA-<\/strong> <\/span>Kaynaklar, \u015funlar\u0131 s\u00f6yledi: \u201cPen\u00e7e Kilit Harek\u00e2t\u0131m\u0131z al\u0131\u015f\u0131lmad\u0131k, \u00f6ng\u00f6r\u00fclemez, s\u00fcratli ve s\u00fcrekli olarak planland\u0131\u011f\u0131 \u015fekilde ve ba\u015far\u0131yla devam etmektedir. Kilit kapanmaktad\u0131r. Kendisini bekleyen sona yakla\u015ft\u0131\u011f\u0131n\u0131 anlayan ter\u00f6r \u00f6rg\u00fct\u00fc dezenformasyona ba\u015flad\u0131. Ormanlar\u0131 yakan, b\u00f6lgedeki halk\u0131 kalkan olarak kullanan, yerle\u015fim yerlerini el yap\u0131m\u0131 patlay\u0131c\u0131larla tuzaklayan eli kanl\u0131 ter\u00f6ristler bu eylemlerini sanki TSK yap\u0131yormu\u015f gibi alg\u0131 yaratmak maksad\u0131yla kara propagandaya ba\u015fvurmakta ve uluslararas\u0131 kamuoyunu yan\u0131ltmaya \u00e7al\u0131\u015fmaktad\u0131r. Bunlar beyhude \u00e7abalard\u0131r. Ter\u00f6r \u00f6rg\u00fct\u00fc kendini bekleyen sondan ka\u00e7amayacakt\u0131r.\u201d<\/p>\n<p><strong>F-16 tedariki ele al\u0131n\u0131yor<\/strong><\/p>\n<p>Kaynaklar, NATO Zirvesi\u2019nde Cumhurba\u015fkan\u0131 Erdo\u011fan\u2019a refakat eden Milli Savunma Bakan\u0131 Ya\u015far G\u00fcler\u2019in ABD\u2019deki ikili g\u00f6r\u00fc\u015fmelerinde F-16 tedarik &#8211; modernizasyon s\u00fcrecinin g\u00fcndeme gelip gelmedi\u011fi sorusu \u00fczerine, \u201cS\u00f6zle\u015fmeler imzaland\u0131 ve detaylar\u0131 \u00fczerindeki \u00e7al\u0131\u015fmalar heyetler aras\u0131nda g\u00f6r\u00fc\u015fmeler vas\u0131tas\u0131yla devam etmekte\u201d dedi.<\/p>\n<p>\u00d6te yandan MSB Bas\u0131n Halkla \u0130li\u015fkiler M\u00fc\u015faviri Tu\u011famiral Zeki Akt\u00fcrk, haftal\u0131k bas\u0131n bilgilendirme toplant\u0131s\u0131nda, \u201cSon bir haftada 28, 1 Ocak 2024\u2019ten bug\u00fcne kadar ise Irak\u2019ta 632, Suriye\u2019nin kuzeyinde\u00a0723\u00a0ter\u00f6rist etkisiz h\u00e2le getirilmi\u015ftir\u201d dedi.<\/p>\n<p><strong>Bedelliye 4 g\u00fcnde 46 bin ba\u015fvuru<\/strong><\/p>\n<p>Hazine ve Maliye Bakanl\u0131\u011f\u0131nca yay\u0131nlanan Mali ve Sosyal Haklar genelgesine g\u00f6re bedelli askerlik tutar\u0131 2024 y\u0131l\u0131n\u0131n ikinci alt\u0131 ay\u0131 i\u00e7in 217.871,04 (iki y\u00fcz on yedi bin sekiz y\u00fcz yetmi\u015f bir lira d\u00f6rt kuru\u015f) oldu. 8 Temmuz 2024 tarihinden itibaren bedelli askerlik m\u00fcracaat i\u015flemleri ba\u015flad\u0131. Eski \u00fccret \u00fczerinden \u00f6deme yap\u0131lan 24-28 Haziran 2024 tarihleri aras\u0131nda bedelli askerlik ba\u015fvuru say\u0131s\u0131 ise 46.972 oldu. 2023 y\u0131l\u0131nda 225 bin 840 ki\u015fi bedelli askerlik uygulamas\u0131ndan yararlanm\u0131\u015ft\u0131.<\/p>\n<p><strong>50 gemiyle ge\u00e7it t\u00f6reni<\/strong><\/p>\n<p>K\u0131br\u0131s Bar\u0131\u015f Harekat\u0131\u2019n\u0131n 50. y\u0131l d\u00f6n\u00fcm\u00fc, bu y\u0131l Milli Savunma Bakanl\u0131\u011f\u0131 ile KKTC\u2019nin koordinasyonunda d\u00fczenlenecek bir dizi t\u00f6ren ile kutlanacak. Tu\u011famiral Akt\u00fcrk, etkinlikler kapsam\u0131nda TCG Anadolu\u2019nun Kuzey K\u0131br\u0131s T\u00fcrk Cumhuriyeti liman ziyareti ve 50 gemi ile denizde ge\u00e7it t\u00f6reni, T\u00fcrk Y\u0131ld\u0131zlar\u0131 g\u00f6sterisi ve\u00a0konserler d\u00fczenlenece\u011fini s\u00f6yledi.<\/p>\n\n<p><\/p>\n<p>Kaynak :\u00a0<span style=\"background-color: rgb(255, 249, 236); color: rgb(55, 58, 60); font-size: 14px;\">http:\/\/www.milliyet.com.tr\/gundem\/sona-yaklasan-teror-orgutu-kara-propagandaya-sigindi-7154776<\/span><\/p>\n","protected":false},"excerpt":{"rendered":"<p>Milli Savunma Bakanl\u0131\u011f\u0131 (MSB) kaynaklar\u0131, Pen\u00e7e Kilit Harekat\u0131\u2019nda g\u00fcvenlik kilidinin kapanmakta oldu\u011funu belirterek, \u201ckendisini bekleyen sona yakla\u015ft\u0131\u011f\u0131n\u0131 anlayan ter\u00f6r \u00f6rg\u00fct\u00fcn\u00fcn dezenformasyona ba\u015flad\u0131\u011f\u0131n\u0131\u201d bildirdi.<\/p>\n","protected":false},"author":1,"featured_media":103053,"comment_status":"open","ping_status":"open","sticky":false,"template":"","format":"standard","meta":{"footnotes":""},"categories":[3],"tags":[6741],"class_list":["post-103052","post","type-post","status-publish","format-standard","has-post-thumbnail","hentry","category-guncel","tag-bedelli"],"_links":{"self":[{"href":"https:\/\/kamucalisani.net\/index.php\/wp-json\/wp\/v2\/posts\/103052","targetHints":{"allow":["GET"]}}],"collection":[{"href":"https:\/\/kamucalisani.net\/index.php\/wp-json\/wp\/v2\/posts"}],"about":[{"href":"https:\/\/kamucalisani.net\/index.php\/wp-json\/wp\/v2\/types\/post"}],"author":[{"embeddable":true,"href":"https:\/\/kamucalisani.net\/index.php\/wp-json\/wp\/v2\/users\/1"}],"replies":[{"embeddable":true,"href":"https:\/\/kamucalisani.net\/index.php\/wp-json\/wp\/v2\/comments?post=103052"}],"version-history":[{"count":1,"href":"https:\/\/kamucalisani.net\/index.php\/wp-json\/wp\/v2\/posts\/103052\/revisions"}],"predecessor-version":[{"id":103054,"href":"https:\/\/kamucalisani.net\/index.php\/wp-json\/wp\/v2\/posts\/103052\/revisions\/103054"}],"wp:featuredmedia":[{"embeddable":true,"href":"https:\/\/kamucalisani.net\/index.php\/wp-json\/wp\/v2\/media\/103053"}],"wp:attachment":[{"href":"https:\/\/kamucalisani.net\/index.php\/wp-json\/wp\/v2\/media?parent=103052"}],"wp:term":[{"taxonomy":"category","embeddable":true,"href":"https:\/\/kamucalisani.net\/index.php\/wp-json\/wp\/v2\/categories?post=103052"},{"taxonomy":"post_tag","embeddable":true,"href":"https:\/\/kamucalisani.net\/index.php\/wp-json\/wp\/v2\/tags?post=103052"}],"curies":[{"name":"wp","href":"https:\/\/api.w.org\/{rel}","templated":true}]}}