{"id":103106,"date":"2024-10-08T12:24:06","date_gmt":"2024-10-08T12:24:06","guid":{"rendered":"https:\/\/kamucalisani.net\/?p=103106"},"modified":"2024-10-08T12:24:06","modified_gmt":"2024-10-08T12:24:06","slug":"eski-ese-kimyasal-maddeli-saldirida-ceza-belli-oldu","status":"publish","type":"post","link":"https:\/\/kamucalisani.net\/index.php\/2024\/10\/08\/eski-ese-kimyasal-maddeli-saldirida-ceza-belli-oldu\/","title":{"rendered":"Eski e\u015fe kimyasal maddeli sald\u0131r\u0131da ceza belli oldu"},"content":{"rendered":"<p><p>Bayrampa\u015fa\u2019da 4 Ocak 2023\u2019te eski e\u015fi Yasemin Aksoy\u2019un (33) i\u015fe gitmek i\u00e7in evden \u00e7\u0131kt\u0131\u011f\u0131 s\u0131rada y\u00fcz\u00fcne kimyasal madde f\u0131rlat\u0131p darp etti\u011fi iddias\u0131yla yeniden yarg\u0131lanan Yusuf \u00c7avdar\u2019\u0131n davas\u0131 karara ba\u011fland\u0131. \u0130stanbul Asliye Ceza Mahkemesi\u2019nde g\u00f6r\u00fclen duru\u015fmaya tutuksuz san\u0131k Yusuf \u00c7avdar ve avukat\u0131 kat\u0131lmazken, duru\u015fmada Aile ve Sosyal Hizmetler Bakanl\u0131\u011f\u0131 avukat\u0131 haz\u0131r bulundu.<\/p>\n<p>Duru\u015fmada beyanda bulunan Aile ve Sosyal Hizmetler Bakanl\u0131\u011f\u0131 avukat\u0131, san\u0131\u011f\u0131n \u00fczerine at\u0131l\u0131 su\u00e7un sabit oldu\u011funu belirterek cezaland\u0131r\u0131lmas\u0131n\u0131 talep etti.<\/p>\n<p><strong>5 YIL HAP\u0130S CEZASINA \u00c7ARPTIRILDI <\/strong><\/p>\n<p>Karar\u0131n\u0131 a\u00e7\u0131klayan mahkeme, san\u0131k Yusuf \u00c7avdar\u2019\u0131 \u2018bo\u015fand\u0131\u011f\u0131 e\u015fe kar\u015f\u0131 silahla ve canavarca hisle kasten yaralama\u2019 su\u00e7undan 5 y\u0131l hapis, \u2018tehdit\u2019 su\u00e7undan ise 6 ay hapis cezas\u0131 olmak \u00fczere toplamda 5 y\u0131l 6 ay hapis cezas\u0131na \u00e7arpt\u0131rd\u0131.<\/p>\n<p><strong>DAVANIN GE\u00c7M\u0130\u015e\u0130 <\/strong><\/p>\n<p>Bayrampa\u015fa\u2019da 4 Ocak 2023\u2019te Yasemin Aksoy (32) i\u015fe gitmek i\u00e7in evden \u00e7\u0131kt\u0131\u011f\u0131 s\u0131rada eski e\u015fi Yusuf \u00c7avdar\u2019\u0131n (35) yak\u0131c\u0131 kimyasal maddeli sald\u0131r\u0131s\u0131na u\u011fram\u0131\u015ft\u0131. Olaya ili\u015fkin \u0130stanbul Cumhuriyet Ba\u015fsavc\u0131l\u0131\u011f\u0131\u2019nca haz\u0131rlanan iddianamede i\u015fe gitmek i\u00e7in evden \u00e7\u0131kan Aksoy&#8217;un, eski e\u015fi \u00c7avdar ile evinin soka\u011f\u0131nda kar\u015f\u0131la\u015ft\u0131\u011f\u0131, \u00c7avdar\u2019\u0131n \u2018seni ya\u015fatmayaca\u011f\u0131m, s\u00fcr\u00fcnd\u00fcrece\u011fim\u2019 diye tehditlerde bulundu\u011fu, daha sonra Aksoy\u2019un \u2018Yusuf ne diyorsun, \u00e7ekil yolumdan, benimle u\u011fra\u015fma\u2019 dedi\u011fi, h\u0131zl\u0131 ad\u0131mlarla oradan uzakla\u015fmaya \u00e7al\u0131\u015ft\u0131\u011f\u0131 ancak ne oldu\u011funu anlamadan y\u00fcz\u00fcnde bir so\u011fukluk hissetti\u011fi aktar\u0131ld\u0131.<\/p>\n<p>\u0130ddianamede ayr\u0131ca, \u00c7avdar\u2019\u0131n y\u00fcz\u00fcne att\u0131\u011f\u0131 yak\u0131c\u0131 kimyasal\u0131n ard\u0131ndan Aksoy\u2019un yere d\u00fc\u015ft\u00fc\u011f\u00fc ve \u00c7avdar\u2019\u0131n yerde olan m\u00fc\u015ftekiyi tekmelemek suretiyle darp etti\u011fi de belirtildi.<\/p>\n<p>Hakk\u0131nda \u2018bo\u015fand\u0131\u011f\u0131 e\u015fe kar\u015f\u0131 silahla ve canavarca hisle kasten yaralama\u2019 ve \u2018tehdit\u2019 su\u00e7lamas\u0131yla dava a\u00e7\u0131lan tutuklu san\u0131k Yusuf \u00c7avdar, \u0130stanbul Asliye Ceza Mahkemesi\u2019nde yarg\u0131land\u0131\u011f\u0131 davada \u2018bo\u015fand\u0131\u011f\u0131 e\u015fe kar\u015f\u0131 silahla ve canavarca hisle kasten yaralama\u2019 ve \u2018tehdit\u2019 su\u00e7undan toplamda 5 y\u0131l 6 ay hapis cezas\u0131na \u00e7arpt\u0131r\u0131lm\u0131\u015ft\u0131. Ayr\u0131ca, san\u0131\u011f\u0131n alm\u0131\u015f oldu\u011fu ceza miktar\u0131 da dikkate al\u0131narak tutukluluk halinin devam\u0131na h\u00fckmedilmi\u015fti. Daha sonra verilen h\u00fck\u00fcm ise bozulmu\u015ftu.<\/p>\n\n<p><\/p>\n<p>Kaynak :\u00a0<span style=\"background-color: rgb(255, 249, 236); color: rgb(55, 58, 60); font-size: 14px;\">http:\/\/www.milliyet.com.tr\/gundem\/eski-ese-kimyasal-maddeli-saldirida-ceza-belli-oldu-7154798<\/span><\/p>\n","protected":false},"excerpt":{"rendered":"<p>Bayrampa\u015fa\u2019da eski e\u015fi Yasemin Aksoy\u2019un y\u00fcz\u00fcne kimyasal madde f\u0131rlat\u0131p darp etti\u011fi iddias\u0131yla yeniden yarg\u0131lanan Yusuf \u00c7avdar\u2019\u0131n davas\u0131 karara ba\u011fland\u0131. Mahkeme, san\u0131k \u00c7avdar\u2019\u0131 2 ayr\u0131 su\u00e7tan toplamda 5 y\u0131l 6 ay hapis cezas\u0131na \u00e7arpt\u0131rd\u0131.<\/p>\n","protected":false},"author":1,"featured_media":103107,"comment_status":"open","ping_status":"open","sticky":false,"template":"","format":"standard","meta":{"footnotes":""},"categories":[3],"tags":[4805,386,6745],"class_list":["post-103106","post","type-post","status-publish","format-standard","has-post-thumbnail","hentry","category-guncel","tag-aksoy","tag-ceza","tag-hapis"],"_links":{"self":[{"href":"https:\/\/kamucalisani.net\/index.php\/wp-json\/wp\/v2\/posts\/103106","targetHints":{"allow":["GET"]}}],"collection":[{"href":"https:\/\/kamucalisani.net\/index.php\/wp-json\/wp\/v2\/posts"}],"about":[{"href":"https:\/\/kamucalisani.net\/index.php\/wp-json\/wp\/v2\/types\/post"}],"author":[{"embeddable":true,"href":"https:\/\/kamucalisani.net\/index.php\/wp-json\/wp\/v2\/users\/1"}],"replies":[{"embeddable":true,"href":"https:\/\/kamucalisani.net\/index.php\/wp-json\/wp\/v2\/comments?post=103106"}],"version-history":[{"count":1,"href":"https:\/\/kamucalisani.net\/index.php\/wp-json\/wp\/v2\/posts\/103106\/revisions"}],"predecessor-version":[{"id":103108,"href":"https:\/\/kamucalisani.net\/index.php\/wp-json\/wp\/v2\/posts\/103106\/revisions\/103108"}],"wp:featuredmedia":[{"embeddable":true,"href":"https:\/\/kamucalisani.net\/index.php\/wp-json\/wp\/v2\/media\/103107"}],"wp:attachment":[{"href":"https:\/\/kamucalisani.net\/index.php\/wp-json\/wp\/v2\/media?parent=103106"}],"wp:term":[{"taxonomy":"category","embeddable":true,"href":"https:\/\/kamucalisani.net\/index.php\/wp-json\/wp\/v2\/categories?post=103106"},{"taxonomy":"post_tag","embeddable":true,"href":"https:\/\/kamucalisani.net\/index.php\/wp-json\/wp\/v2\/tags?post=103106"}],"curies":[{"name":"wp","href":"https:\/\/api.w.org\/{rel}","templated":true}]}}