{"id":103456,"date":"2024-10-09T03:00:07","date_gmt":"2024-10-09T03:00:07","guid":{"rendered":"https:\/\/kamucalisani.net\/?p=103456"},"modified":"2024-10-09T03:00:07","modified_gmt":"2024-10-09T03:00:07","slug":"galatasarayin-sampiyonluk-kupasi-taraftarlarla-bulustu","status":"publish","type":"post","link":"https:\/\/kamucalisani.net\/index.php\/2024\/10\/09\/galatasarayin-sampiyonluk-kupasi-taraftarlarla-bulustu\/","title":{"rendered":"Galatasaray&#8217;\u0131n \u015fampiyonluk kupas\u0131 taraftarlarla bulu\u015ftu"},"content":{"rendered":"<p><p>S\u00fcper Lig \u015fampiyonu Galatasaray&#8217;\u0131n kupas\u0131, Salihli Galatasaray Taraftarlar Derne\u011fi \u00f6nc\u00fcl\u00fc\u011f\u00fcnde haz\u0131rlanan organizasyon ile Salihli&#8217;ye getirildi. Bir oteldeki organizasyonda sar\u0131-k\u0131rm\u0131z\u0131l\u0131 taraftarlar, 24. \u015fampiyonluk kupas\u0131yla hat\u0131ra foto\u011fraf\u0131 \u00e7ektirdi. Baz\u0131 taraftarlar kupay\u0131 \u00f6perken, baz\u0131 taraftarlar ise kupay\u0131 havaya kald\u0131rarak poz verip, bu \u00f6zel an\u0131 \u00f6l\u00fcms\u00fczle\u015ftirdi. Canl\u0131 m\u00fczik ve Galatasaray mar\u015flar\u0131 e\u015fli\u011finde co\u015fkunun y\u00fcksek oldu\u011fu organizasyon ile ilgili konu\u015fan Salihli Galatasaray Taraftarlar\u0131 Derne\u011fi Ba\u015fkan\u0131 U\u011fur \u00d6z\u00e7elik, &#8220;\u015eampiyonluk kupas\u0131n\u0131 4. kez Salihli&#8217;ye getirmenin onurunu ve gururunu ya\u015f\u0131yoruz. Bizleri bu gururu ya\u015fatan Galatasaray camias\u0131na sonsuz te\u015fekk\u00fcrlerimi sunuyorum. Her y\u0131l oldu\u011fu gibi bu y\u0131lki \u015fampiyonluk kutlamas\u0131ndan ba\u015fta sponsorlar\u0131m\u0131z olmak \u00fczere elde edilecek gelir ile tekerlekli ak\u00fcl\u00fc sandalye al\u0131p, bir ailemize hediye edece\u011fiz&#8221; diye konu\u015ftu.<\/p>\n<p><strong>\u00d6zel \u00e7ocuklar a\u011f\u0131rland\u0131<\/strong><br \/>\u015eampiyonluk kutlama etkinli\u011finde down sendromlu \u00e7ocuklar da aileleri ile birlikte a\u011f\u0131rland\u0131. Kutlamaya kat\u0131lan \u00e7ocuklar, Galatasaray&#8217;\u0131n 24. \u015fampiyonluk kupas\u0131 ile foto\u011fraf \u00e7ektirdi. Etkinlikte ayr\u0131ca Galatasaray Teknik Direkt\u00f6r\u00fc Okan Buruk ve futbolcular taraf\u0131ndan imzalanan iki Galatasaray formas\u0131 da a\u00e7\u0131k art\u0131rmayla sat\u0131\u015fa \u00e7\u0131kar\u0131ld\u0131. Formalardan birisi Yaman Tu\u011frul, di\u011feri ise Osman G\u00fcr taraf\u0131ndan sat\u0131n al\u0131nd\u0131.<\/p>\n<p>\u015eampiyonluk pastas\u0131n\u0131n kesildi\u011fi etkinlikte elde edilen gelir ile ak\u00fcl\u00fc tekerlekli sandalye al\u0131naca\u011f\u0131 ve ihtiya\u00e7 sahibi bir engelli bireye hediye edilece\u011fi \u00f6\u011frenildi.<\/p>\n<p>\u00a0<\/p>\n<p>\u00a0<\/p>\n\n<p><\/p>\n<p>Kaynak :\u00a0<span style=\"background-color: rgb(255, 249, 236); color: rgb(55, 58, 60); font-size: 14px;\">http:\/\/www.milliyet.com.tr\/skorer\/galatasarayin-sampiyonluk-kupasi-taraftarlarla-bulustu-7154935<\/span><\/p>\n","protected":false},"excerpt":{"rendered":"<p>S\u00fcper Lig&#8217;de 24. \u015fampiyonlu\u011funa ula\u015fan sar\u0131-k\u0131rm\u0131z\u0131l\u0131lar\u0131n kupas\u0131, Manisa&#8217;n\u0131n Salihli il\u00e7esinde taraftarlarla bulu\u015ftu.<\/p>\n","protected":false},"author":1,"featured_media":103457,"comment_status":"open","ping_status":"open","sticky":false,"template":"","format":"standard","meta":{"footnotes":""},"categories":[7],"tags":[257,2629,1629],"class_list":["post-103456","post","type-post","status-publish","format-standard","has-post-thumbnail","hentry","category-spor","tag-galatasaray","tag-sampiyonluk","tag-taraftarlar"],"_links":{"self":[{"href":"https:\/\/kamucalisani.net\/index.php\/wp-json\/wp\/v2\/posts\/103456","targetHints":{"allow":["GET"]}}],"collection":[{"href":"https:\/\/kamucalisani.net\/index.php\/wp-json\/wp\/v2\/posts"}],"about":[{"href":"https:\/\/kamucalisani.net\/index.php\/wp-json\/wp\/v2\/types\/post"}],"author":[{"embeddable":true,"href":"https:\/\/kamucalisani.net\/index.php\/wp-json\/wp\/v2\/users\/1"}],"replies":[{"embeddable":true,"href":"https:\/\/kamucalisani.net\/index.php\/wp-json\/wp\/v2\/comments?post=103456"}],"version-history":[{"count":1,"href":"https:\/\/kamucalisani.net\/index.php\/wp-json\/wp\/v2\/posts\/103456\/revisions"}],"predecessor-version":[{"id":103458,"href":"https:\/\/kamucalisani.net\/index.php\/wp-json\/wp\/v2\/posts\/103456\/revisions\/103458"}],"wp:featuredmedia":[{"embeddable":true,"href":"https:\/\/kamucalisani.net\/index.php\/wp-json\/wp\/v2\/media\/103457"}],"wp:attachment":[{"href":"https:\/\/kamucalisani.net\/index.php\/wp-json\/wp\/v2\/media?parent=103456"}],"wp:term":[{"taxonomy":"category","embeddable":true,"href":"https:\/\/kamucalisani.net\/index.php\/wp-json\/wp\/v2\/categories?post=103456"},{"taxonomy":"post_tag","embeddable":true,"href":"https:\/\/kamucalisani.net\/index.php\/wp-json\/wp\/v2\/tags?post=103456"}],"curies":[{"name":"wp","href":"https:\/\/api.w.org\/{rel}","templated":true}]}}