{"id":103606,"date":"2024-10-09T10:48:07","date_gmt":"2024-10-09T10:48:07","guid":{"rendered":"https:\/\/kamucalisani.net\/?p=103606"},"modified":"2024-10-09T10:48:07","modified_gmt":"2024-10-09T10:48:07","slug":"antalyasporda-alex-de-souza-krizi-kulupten-aciklama-geldi","status":"publish","type":"post","link":"https:\/\/kamucalisani.net\/index.php\/2024\/10\/09\/antalyasporda-alex-de-souza-krizi-kulupten-aciklama-geldi\/","title":{"rendered":"Antalyaspor&#8217;da Alex de Souza krizi! Kul\u00fcpten a\u00e7\u0131klama geldi"},"content":{"rendered":"<p><p>Yeni sezon haz\u0131rl\u0131klar\u0131n\u0131 Burdur&#8217;da s\u00fcrd\u00fcren Antalyaspor&#8217;da teknik direkt\u00f6r Alex de Souza, Burdurlu sporseverlerin yo\u011fun ilgisiyle kar\u015f\u0131la\u015fm\u0131\u015ft\u0131. Burdur&#8217;un yan\u0131 s\u0131ra \u00e7evre il ve il\u00e7elerden gelenler de Alex de Souza ve Mehmet Aurelio&#8217;ya Fenerbah\u00e7e ve Antalyaspor formalar\u0131 imzalat\u0131p hat\u0131ra foto\u011fraf\u0131 \u00e7ektirmi\u015fti.<\/p>\n<p>Brezilyal\u0131 teknik direkt\u00f6r\u00fcn Fenerbah\u00e7eli taraftarlarla foto\u011fraf \u00e7ektirmesi kul\u00fcpte krize neden oldu.\u00a0 \u00a0<\/p>\n<p><strong>\u0130\u015fte Akdeniz kul\u00fcb\u00fcnden yap\u0131lan a\u00e7\u0131klama:\u00a0<\/strong>&#8220;Bug\u00fcn sosyal medyada, tak\u0131m\u0131m\u0131z\u0131n Burdur kamp\u0131 s\u0131ras\u0131nda ba\u015fka tak\u0131m taraftarlar\u0131n\u0131n Teknik Direkt\u00f6r\u00fcm\u00fcz Alex de Souza ile foto\u011fraf \u00e7ektirip imza ald\u0131\u011f\u0131 g\u00f6r\u00fcnt\u00fclerini biz de y\u00f6netim kurulu olarak \u015fa\u015fk\u0131nl\u0131k ve \u00fcz\u00fcnt\u00fc ile g\u00f6rd\u00fck.<\/p>\n<p>Yap\u0131lan ara\u015ft\u0131rma sonucunda:<\/p>\n<p>Hi\u00e7 kimsenin al\u0131nmad\u0131\u011f\u0131 antrenman sahas\u0131na kamp yap\u0131lan tesisin ve antrenman sahas\u0131n\u0131n g\u00fcvenli\u011finden sorumlu ki\u015filerin zafiyeti nedeniyle kul\u00fcb\u00fcm\u00fczden izinsiz olarak baz\u0131 ki\u015filerin al\u0131nd\u0131\u011f\u0131 tespit edilmi\u015ftir. Bu zafiyet ile ilgili gerekli giri\u015fimler kul\u00fcb\u00fcm\u00fcz taraf\u0131ndan yap\u0131lm\u0131\u015ft\u0131r.<\/p>\n<p>Tak\u0131m\u0131m\u0131z\u0131n Burdur kamp\u0131ndaki sevk ve idaresinden sorumlu profesyonellerimizin g\u00f6r\u00fc\u015f\u00fc ve savunmas\u0131 al\u0131nm\u0131\u015f, g\u00fcvenli\u011fin tam olarak sa\u011flanmas\u0131 konusunda gerekli giri\u015fimler yap\u0131lm\u0131\u015f, bundan sonra bir daha bu t\u00fcr g\u00f6r\u00fcnt\u00fclerin ya\u015fanmamas\u0131 i\u00e7in sorumlu kim varsa en sert dille uyar\u0131lm\u0131\u015ft\u0131r.<\/p>\n<p>Taraftar\u0131m\u0131z\u0131n bu konudaki serzeni\u015fini hakl\u0131 ve yerinde bir tepki olarak g\u00f6r\u00fcyor, ayn\u0131 d\u00fc\u015f\u00fcnceleri ve \u00fcz\u00fcnt\u00fcleri payla\u015f\u0131yoruz. Bundan sonra kamplarda, haz\u0131rl\u0131k ma\u00e7lar\u0131nda ve resmi m\u00fcsabakalarda benzer g\u00f6r\u00fcnt\u00fclerin ya\u015fanmamas\u0131 i\u00e7in t\u00fcm \u00f6nlemlerin al\u0131naca\u011f\u0131n\u0131 sayg\u0131yla duyururuz.&#8221;<\/p>\n<p>\u00a0<\/p>\n<p>\u00a0<\/p>\n\n<p><\/p>\n<p>Kaynak :\u00a0<span style=\"background-color: rgb(255, 249, 236); color: rgb(55, 58, 60); font-size: 14px;\">http:\/\/www.milliyet.com.tr\/skorer\/antalyasporda-alex-de-souza-krizi-kulupten-aciklama-geldi-7155037<\/span><\/p>\n","protected":false},"excerpt":{"rendered":"<p>Teknik direkt\u00f6r Alex de Souza&#8217;n\u0131n Burdur kamp\u0131nda Fenerbah\u00e7eli taraftarlar foto\u011fraf \u00e7ektirmesi tepkiye neden oldu. Kul\u00fcpten a\u00e7\u0131klama geldi.<\/p>\n","protected":false},"author":1,"featured_media":103607,"comment_status":"open","ping_status":"open","sticky":false,"template":"","format":"standard","meta":{"footnotes":""},"categories":[7],"tags":[6571],"class_list":["post-103606","post","type-post","status-publish","format-standard","has-post-thumbnail","hentry","category-spor","tag-burdur"],"_links":{"self":[{"href":"https:\/\/kamucalisani.net\/index.php\/wp-json\/wp\/v2\/posts\/103606","targetHints":{"allow":["GET"]}}],"collection":[{"href":"https:\/\/kamucalisani.net\/index.php\/wp-json\/wp\/v2\/posts"}],"about":[{"href":"https:\/\/kamucalisani.net\/index.php\/wp-json\/wp\/v2\/types\/post"}],"author":[{"embeddable":true,"href":"https:\/\/kamucalisani.net\/index.php\/wp-json\/wp\/v2\/users\/1"}],"replies":[{"embeddable":true,"href":"https:\/\/kamucalisani.net\/index.php\/wp-json\/wp\/v2\/comments?post=103606"}],"version-history":[{"count":1,"href":"https:\/\/kamucalisani.net\/index.php\/wp-json\/wp\/v2\/posts\/103606\/revisions"}],"predecessor-version":[{"id":103608,"href":"https:\/\/kamucalisani.net\/index.php\/wp-json\/wp\/v2\/posts\/103606\/revisions\/103608"}],"wp:featuredmedia":[{"embeddable":true,"href":"https:\/\/kamucalisani.net\/index.php\/wp-json\/wp\/v2\/media\/103607"}],"wp:attachment":[{"href":"https:\/\/kamucalisani.net\/index.php\/wp-json\/wp\/v2\/media?parent=103606"}],"wp:term":[{"taxonomy":"category","embeddable":true,"href":"https:\/\/kamucalisani.net\/index.php\/wp-json\/wp\/v2\/categories?post=103606"},{"taxonomy":"post_tag","embeddable":true,"href":"https:\/\/kamucalisani.net\/index.php\/wp-json\/wp\/v2\/tags?post=103606"}],"curies":[{"name":"wp","href":"https:\/\/api.w.org\/{rel}","templated":true}]}}