{"id":103659,"date":"2024-10-09T13:36:10","date_gmt":"2024-10-09T13:36:10","guid":{"rendered":"https:\/\/kamucalisani.net\/?p=103659"},"modified":"2024-10-09T13:36:10","modified_gmt":"2024-10-09T13:36:10","slug":"adanada-15-temmuz-sehitleri-icin-anma-programi-duzenlendi","status":"publish","type":"post","link":"https:\/\/kamucalisani.net\/index.php\/2024\/10\/09\/adanada-15-temmuz-sehitleri-icin-anma-programi-duzenlendi\/","title":{"rendered":"Adana&#8217;da 15 Temmuz \u015fehitleri i\u00e7in anma program\u0131 d\u00fczenlendi"},"content":{"rendered":"<p><p>Adana Valisi Yavuz Selim K\u00f6\u015fger, 15 Temmuz Demokrasi ve Mill\u00ee Birlik G\u00fcn\u00fc anma etkinlikleri kapsam\u0131nda \u015fehitlerin ruhlar\u0131 i\u00e7in d\u00fczenlenen Mevlid-i \u015eerif Program\u0131na kat\u0131ld\u0131.<\/p>\n<p>\u00c7ukurova il\u00e7esindeki Ramazano\u011flu Camisi\u2019nde d\u00fczenlenen mevlitte devletin bekas\u0131, istiklal ve istikbalimiz u\u011fruna korkusuzca \u015fehadete y\u00fcr\u00fcyen t\u00fcm \u015fehitler dualar e\u015fli\u011finde an\u0131ld\u0131.<\/p>\n<p>K\u0131sa bir de\u011ferlendirmede bulunan Vali K\u00f6\u015fger, 15 Temmuz 2016 tarihinin millet i\u00e7in \u00e7ok b\u00fcy\u00fck anlam ifade etti\u011fini belirterek, &#8220;15 Temmuz gecesinde vatan\u0131m\u0131z u\u011fruna can veren t\u00fcm kahramanlar\u0131m\u0131z\u0131 rahmet ve minnetle an\u0131yoruz. \u015eehitlerimiz, kahramanl\u0131klar\u0131yla milletimizin g\u00f6nl\u00fcnde \u00f6l\u00fcms\u00fczl\u00fc\u011fe eri\u015fti. \u015eehitlerimizin aziz hat\u0131ras\u0131 sonsuza kadar baki kalacak, t\u00fcm \u015fehitlerimizin ruhu \u015fad olsun\u201d dedi.<\/p>\n\n<p><\/p>\n<p>Kaynak :\u00a0<span style=\"background-color: rgb(255, 249, 236); color: rgb(55, 58, 60); font-size: 14px;\">http:\/\/www.milliyet.com.tr\/gundem\/adanada-15-temmuz-sehitleri-icin-anma-programi-duzenlendi-7155078<\/span><\/p>\n","protected":false},"excerpt":{"rendered":"<p>Adana&#8217;da 15 Temmuz Demokrasi ve Mill\u00ee Birlik G\u00fcn\u00fc anma etkinlikleri kapsam\u0131nda \u015fehitler i\u00e7in Mevlid-i \u015eerif Program\u0131 d\u00fczenlendi.<\/p>\n","protected":false},"author":1,"featured_media":103660,"comment_status":"open","ping_status":"open","sticky":false,"template":"","format":"standard","meta":{"footnotes":""},"categories":[3],"tags":[6790],"class_list":["post-103659","post","type-post","status-publish","format-standard","has-post-thumbnail","hentry","category-guncel","tag-sehitler"],"_links":{"self":[{"href":"https:\/\/kamucalisani.net\/index.php\/wp-json\/wp\/v2\/posts\/103659","targetHints":{"allow":["GET"]}}],"collection":[{"href":"https:\/\/kamucalisani.net\/index.php\/wp-json\/wp\/v2\/posts"}],"about":[{"href":"https:\/\/kamucalisani.net\/index.php\/wp-json\/wp\/v2\/types\/post"}],"author":[{"embeddable":true,"href":"https:\/\/kamucalisani.net\/index.php\/wp-json\/wp\/v2\/users\/1"}],"replies":[{"embeddable":true,"href":"https:\/\/kamucalisani.net\/index.php\/wp-json\/wp\/v2\/comments?post=103659"}],"version-history":[{"count":1,"href":"https:\/\/kamucalisani.net\/index.php\/wp-json\/wp\/v2\/posts\/103659\/revisions"}],"predecessor-version":[{"id":103661,"href":"https:\/\/kamucalisani.net\/index.php\/wp-json\/wp\/v2\/posts\/103659\/revisions\/103661"}],"wp:featuredmedia":[{"embeddable":true,"href":"https:\/\/kamucalisani.net\/index.php\/wp-json\/wp\/v2\/media\/103660"}],"wp:attachment":[{"href":"https:\/\/kamucalisani.net\/index.php\/wp-json\/wp\/v2\/media?parent=103659"}],"wp:term":[{"taxonomy":"category","embeddable":true,"href":"https:\/\/kamucalisani.net\/index.php\/wp-json\/wp\/v2\/categories?post=103659"},{"taxonomy":"post_tag","embeddable":true,"href":"https:\/\/kamucalisani.net\/index.php\/wp-json\/wp\/v2\/tags?post=103659"}],"curies":[{"name":"wp","href":"https:\/\/api.w.org\/{rel}","templated":true}]}}