{"id":103933,"date":"2024-10-10T03:48:16","date_gmt":"2024-10-10T03:48:16","guid":{"rendered":"https:\/\/kamucalisani.net\/?p=103933"},"modified":"2024-10-10T03:48:16","modified_gmt":"2024-10-10T03:48:16","slug":"son-dakika-bakan-kacirdan-cnn-turkte-onemli-aciklamalar","status":"publish","type":"post","link":"https:\/\/kamucalisani.net\/index.php\/2024\/10\/10\/son-dakika-bakan-kacirdan-cnn-turkte-onemli-aciklamalar\/","title":{"rendered":"Son dakika: Bakan Kac\u0131r&#8217;dan CNN T\u00fcrk&#8217;te \u00f6nemli a\u00e7\u0131klamalar"},"content":{"rendered":"<p><p>Sanayi ve Teknoloji Bakan\u0131 Mehmet Fatih Kac\u0131r, CNN T\u00fcrk&#8217;te \u00d6zel Haberler \u015eefi Fulya \u00d6zt\u00fcrk, Milliyet Gazetesi Genel Yay\u0131n Y\u00f6netmeni \u00d6zay \u015eendir ve H\u00fcrriyet Gazetesi Yazar\u0131 Abdulkadir Selvi&#8217;nin sorular\u0131n\u0131 yan\u0131tl\u0131yor. Bakan Kac\u0131r&#8217;\u0131n a\u00e7\u0131klamalar\u0131ndan \u00f6ne \u00e7\u0131kanlar \u015f\u00f6yle:<\/p>\n<div>\n<div><img decoding=\"async\" src=\"https:\/\/kamucalisani.net\/wp-content\/uploads\/2024\/10\/son-dakika-bakan-kacirdan-cnn-turkte-onemli-aciklamalar-0-s74ONevB.jpg\"\/><\/img><\/div>\n<\/div>\n<p><strong>\u00c7\u0130NL\u0130 OTOMOB\u0130L DEV\u0130YLE ANLA\u015eMA<\/strong><\/p>\n<p>Ge\u00e7ti\u011fimiz Aral\u0131k ay\u0131nda \u00c7in&#8217;e 100 saatlik bir ziyaret ger\u00e7ekle\u015ftirdik. 7-8 de \u015firketle g\u00f6r\u00fc\u015ft\u00fck. Bu ziyaretin amac\u0131 \u015fuydu asl\u0131nda bizim i\u00e7in de; T\u00fcrkiye bir sanayi \u00fclkesi. 35 milyar dolar otomotiv ihracat\u0131 var. T\u00fcrkiye bu y\u00f6n\u00fcyle Avrupa&#8217;da birinci s\u0131rada. \u00c7in son y\u0131llarda k\u00fcresel d\u00fczeyde muazzam bir art\u0131\u015f \u00f6ne koydu. D\u00fcnyada \u00fcretilen otomotivin 3&#8217;te 1&#8217;inin \u00fcretildi\u011fi bir \u00fclkeden bahsediyoruz. BYD&#8217;nin en yak\u0131n rakibi TESLA ama TESLA&#8217;n\u0131n 2 kat\u0131 kadar \u00fcretim yapt\u0131\u011f\u0131n\u0131 biliyoruz. D\u00fcnya b\u00f6yle bir ger\u00e7eklikle kar\u015f\u0131 kar\u015f\u0131ya. Biz, d\u00fcnya yar\u0131\u015f\u0131nda daha \u00e7ok \u00f6ne \u00e7\u0131kmak istiyoruz. Onlar a\u00e7\u0131s\u0131ndan bakt\u0131\u011f\u0131m\u0131zda da bu otomotiv sekt\u00f6r\u00fcn\u00fc d\u00fcnyaya yaymak istiyorlar. Sadece 1 yerde \u00fcretim yap\u0131p d\u00fcnyaya yaymak yak\u0131n zamanda kalmayacak. T\u00fcrkiye, kara yollar\u0131 yat\u0131r\u0131mlar\u0131yla, deniz yollar\u0131 yat\u0131r\u0131mlar\u0131yla, m\u00fcthi\u015f bir de\u011fer kazanmay\u0131 ba\u015flad\u0131. BYD&#8217;nin ba\u015fkan\u0131 beni 4 saat kadar a\u011f\u0131rlad\u0131. Ben de T\u00fcrkiye&#8217;nin onlara sundu\u011fu olanaklar\u0131 anlatt\u0131m. O g\u00fcnden itibaren 6 ay boyunca da \u00e7ok yak\u0131n ileti\u015fim halinde olduk. Nitelikli i\u015fg\u00fcc\u00fcm\u00fcz\u00fc \u00e7ok uzun konu\u015ftuk. Onlar da ara\u015ft\u0131rmalar\u0131 sonucunda fark etti ki, T\u00fcrkiye bu alanda \u00e7ok geni\u015f nitelikli i\u015fg\u00fcc\u00fcne sahip. T\u00fcrkiye&#8217;de otomotiv \u00fcretimini 300 binden 1 milyon 400 bine y\u00fckselttik. Bu da asl\u0131nda T\u00fcrkiye&#8217;nin onlar a\u00e7\u0131s\u0131ndan ne kadar k\u0131ymetli oldu\u011funu g\u00f6steriyor.<\/p>\n\n<p><\/p>\n<p>Kaynak :\u00a0<span style=\"background-color: rgb(255, 249, 236); color: rgb(55, 58, 60); font-size: 14px;\">http:\/\/www.milliyet.com.tr\/ekonomi\/son-dakika-bakan-kacirdan-cnn-turkte-onemli-aciklamalar-7155202<\/span><\/p>\n","protected":false},"excerpt":{"rendered":"<p>Sanayi ve Teknoloji Bakan\u0131 Mehmet Fatih Kac\u0131r, CNN T\u00fcrk&#8217;te g\u00fcndeme dair merak edilenleri yan\u0131tl\u0131yor.<\/p>\n","protected":false},"author":1,"featured_media":103934,"comment_status":"open","ping_status":"open","sticky":false,"template":"","format":"standard","meta":{"footnotes":""},"categories":[2],"tags":[152,146],"class_list":["post-103933","post","type-post","status-publish","format-standard","has-post-thumbnail","hentry","category-ekonomi","tag-dunya","tag-turkiye"],"_links":{"self":[{"href":"https:\/\/kamucalisani.net\/index.php\/wp-json\/wp\/v2\/posts\/103933","targetHints":{"allow":["GET"]}}],"collection":[{"href":"https:\/\/kamucalisani.net\/index.php\/wp-json\/wp\/v2\/posts"}],"about":[{"href":"https:\/\/kamucalisani.net\/index.php\/wp-json\/wp\/v2\/types\/post"}],"author":[{"embeddable":true,"href":"https:\/\/kamucalisani.net\/index.php\/wp-json\/wp\/v2\/users\/1"}],"replies":[{"embeddable":true,"href":"https:\/\/kamucalisani.net\/index.php\/wp-json\/wp\/v2\/comments?post=103933"}],"version-history":[{"count":1,"href":"https:\/\/kamucalisani.net\/index.php\/wp-json\/wp\/v2\/posts\/103933\/revisions"}],"predecessor-version":[{"id":103936,"href":"https:\/\/kamucalisani.net\/index.php\/wp-json\/wp\/v2\/posts\/103933\/revisions\/103936"}],"wp:featuredmedia":[{"embeddable":true,"href":"https:\/\/kamucalisani.net\/index.php\/wp-json\/wp\/v2\/media\/103934"}],"wp:attachment":[{"href":"https:\/\/kamucalisani.net\/index.php\/wp-json\/wp\/v2\/media?parent=103933"}],"wp:term":[{"taxonomy":"category","embeddable":true,"href":"https:\/\/kamucalisani.net\/index.php\/wp-json\/wp\/v2\/categories?post=103933"},{"taxonomy":"post_tag","embeddable":true,"href":"https:\/\/kamucalisani.net\/index.php\/wp-json\/wp\/v2\/tags?post=103933"}],"curies":[{"name":"wp","href":"https:\/\/api.w.org\/{rel}","templated":true}]}}