{"id":104495,"date":"2024-10-11T06:36:06","date_gmt":"2024-10-11T06:36:06","guid":{"rendered":"https:\/\/kamucalisani.net\/?p=104495"},"modified":"2024-10-11T06:36:06","modified_gmt":"2024-10-11T06:36:06","slug":"samsung-2025in-basinda-2nmye-gecis-yapiyor","status":"publish","type":"post","link":"https:\/\/kamucalisani.net\/index.php\/2024\/10\/11\/samsung-2025in-basinda-2nmye-gecis-yapiyor\/","title":{"rendered":"Samsung, 2025\u2019in ba\u015f\u0131nda 2nm\u2019ye ge\u00e7i\u015f yap\u0131yor"},"content":{"rendered":"<p><figure> <span> <img decoding=\"async\" src=\"https:\/\/kamucalisani.net\/wp-content\/uploads\/2024\/10\/samsung-2025in-basinda-2nmye-gecis-yapiyor-0-KUJGlhSt.jpg\"\/> <\/span> <strong>Samsung Electronics<\/strong>, yar\u0131 iletken \u00fcretiminde \u00f6nemli bir ad\u0131m atarak <strong>2nm \u00fcretim<\/strong> hatt\u0131n\u0131 kurmak i\u00e7in h\u0131zla \u00e7al\u0131\u015fmalara ba\u015flad\u0131. End\u00fcstri kaynaklar\u0131ndan al\u0131nan bilgiye g\u00f6re, \u015firket, Hwaseong&#8217;daki &#8220;S3&#8221; d\u00f6k\u00fcmhanesinde geli\u015fmi\u015f ekipmanlar\u0131 kurarak 2nm \u00fcretim hatt\u0131n\u0131n temellerini at\u0131yor. Bu hat, <strong>2025 y\u0131l\u0131n\u0131n ilk \u00e7eyre\u011finde<\/strong> ayl\u0131k 7,000 wafer yani yonga plakas\u0131 \u00fcretmeyi hedefliyor. <\/figure>\n<p><b>2025\u2019te 2nm, 2027\u2019de 1,4nm hedefi<\/b><\/p>\n<p>Ayr\u0131ca, Samsung&#8217;un Pyeongtaek Plant 2&#8217;deki &#8220;S5&#8221; d\u00f6k\u00fcmhanesinde <strong>1.4nm \u00fcretim hatt\u0131<\/strong> olu\u015fturma planlar\u0131 da bulunuyor. Bu hatt\u0131n, <strong>2025 y\u0131l\u0131n\u0131n ikinci \u00e7eyre\u011fine<\/strong> kadar 2,000 ila 3,000 wafer \u00fcretmesi bekleniyor. Y\u0131l sonuna kadar, Samsung&#8217;un &#8220;S3&#8221; \u00fcretim hatt\u0131ndaki mevcut <strong>3nm hatlar\u0131n\u0131n tamam\u0131 2nm&#8217;ye<\/strong> d\u00f6n\u00fc\u015ft\u00fcr\u00fclece\u011fi de aktar\u0131lanlar aras\u0131nda yer al\u0131yor.<\/p>\n<p>Bunlarla birlikte Samsung\u2019un ABD, Teksas\u2019taki d\u00f6k\u00fcmhanesinin a\u00e7\u0131l\u0131\u015f\u0131, daha \u00f6nce planland\u0131\u011f\u0131 gibi 2024 y\u0131l\u0131 sonunda ger\u00e7ekle\u015fmeyecek. Ekipman kurulumunun 2026&#8217;da veya sonras\u0131nda ba\u015flamas\u0131 bekleniyor. Ayr\u0131ca, Pyeongtaek Fab 4 d\u00f6k\u00fcmhanesinin planlar\u0131 da de\u011fi\u015fti; talep azalmas\u0131 nedeniyle buras\u0131 art\u0131k DRAM \u00fcretimine odaklanacak. Pyeongtaek Fab 3&#8217;te ise 4nm \u00fcretim hatt\u0131nda \u00fcretim azalt\u0131lacak.<\/p>\n<p>T\u00fcm bu de\u011fi\u015fiklikler, Samsung&#8217;un <strong>2025&#8217;te 2nm<\/strong> \u00e7ipler ve <strong>2027&#8217;de 1.4nm<\/strong> \u00e7ipler \u00fcretme hedefinin bir par\u00e7as\u0131 olarak de\u011ferlendiriliyor. \u015eirket, rakibi TSMC ile olan rekabetinde geri kalmamak i\u00e7in bu stratejileri hayata ge\u00e7iriyor. 2024&#8217;\u00fcn ikinci \u00e7eyre\u011finde Samsung&#8217;un k\u00fcresel d\u00f6k\u00fcmhane pazar\u0131ndaki pay\u0131 y\u00fczde 11.5 iken, TSMC y\u00fczde 62.3 ile lider konumda.<\/p>\n<p>Samsung\u2019un \u00fcst y\u00f6netimi, son d\u00f6nemde yar\u0131 iletkenlerde ya\u015fad\u0131klar\u0131 olumsuzluklar nedeniyle \u00f6z\u00fcr dilemi\u015fti. Ayr\u0131ca firman\u0131n \u00e7ip \u00fcretim ve tasar\u0131m birimlerinin ayr\u0131laca\u011f\u0131 iddialar\u0131 da reddedilmi\u015fti. Bununla birlikte Samsung\u2019un bu hedefleri ger\u00e7ekle\u015ftirmesinde herhangi bir engel bulunmuyor. Bilindi\u011fi \u00fczere firma, 3nm \u00fcretimine ge\u00e7en ilk \u015firketti. Ancak Samsung\u2019un <strong>ya\u015fad\u0131\u011f\u0131 sorun verimsizlik<\/strong>. Bu da en istenmeyen \u015fey.<\/p>\n\n<p>Kaynak\u00a0 :\u00a0<span style=\"background-color: rgb(255, 249, 236); color: rgb(55, 58, 60); font-size: 14px;\">https:\/\/www.donanimhaber.com\/samsung-2025-in-basinda-2nm-ye-gecis-yapiyor&#8211;182937<\/span><\/p>\n","protected":false},"excerpt":{"rendered":"<p>Samsung Electronics, yar\u0131 iletken \u00fcretiminde \u00f6nemli bir ad\u0131m atarak 2nm \u00fcretim hatt\u0131n\u0131 kurmak i\u00e7in h\u0131zla \u00e7al\u0131\u015fmalara ba\u015flad\u0131. End\u00fcstri kaynaklar\u0131ndan al\u0131nan bilgiye g\u00f6re, \u015firket, Hwaseong&#8217;daki &#8220;S3&#8221; d\u00f6k\u00fcmhanesinde geli\u015fmi\u015f ekipmanlar\u0131 kurarak 2nm &#8230;<\/p>\n","protected":false},"author":1,"featured_media":104496,"comment_status":"open","ping_status":"open","sticky":false,"template":"","format":"standard","meta":{"footnotes":""},"categories":[8],"tags":[1472,175,479,6871],"class_list":["post-104495","post","type-post","status-publish","format-standard","has-post-thumbnail","hentry","category-teknoloji","tag-2nm","tag-samsung","tag-uretim","tag-uretim-hatti"],"_links":{"self":[{"href":"https:\/\/kamucalisani.net\/index.php\/wp-json\/wp\/v2\/posts\/104495","targetHints":{"allow":["GET"]}}],"collection":[{"href":"https:\/\/kamucalisani.net\/index.php\/wp-json\/wp\/v2\/posts"}],"about":[{"href":"https:\/\/kamucalisani.net\/index.php\/wp-json\/wp\/v2\/types\/post"}],"author":[{"embeddable":true,"href":"https:\/\/kamucalisani.net\/index.php\/wp-json\/wp\/v2\/users\/1"}],"replies":[{"embeddable":true,"href":"https:\/\/kamucalisani.net\/index.php\/wp-json\/wp\/v2\/comments?post=104495"}],"version-history":[{"count":1,"href":"https:\/\/kamucalisani.net\/index.php\/wp-json\/wp\/v2\/posts\/104495\/revisions"}],"predecessor-version":[{"id":104498,"href":"https:\/\/kamucalisani.net\/index.php\/wp-json\/wp\/v2\/posts\/104495\/revisions\/104498"}],"wp:featuredmedia":[{"embeddable":true,"href":"https:\/\/kamucalisani.net\/index.php\/wp-json\/wp\/v2\/media\/104496"}],"wp:attachment":[{"href":"https:\/\/kamucalisani.net\/index.php\/wp-json\/wp\/v2\/media?parent=104495"}],"wp:term":[{"taxonomy":"category","embeddable":true,"href":"https:\/\/kamucalisani.net\/index.php\/wp-json\/wp\/v2\/categories?post=104495"},{"taxonomy":"post_tag","embeddable":true,"href":"https:\/\/kamucalisani.net\/index.php\/wp-json\/wp\/v2\/tags?post=104495"}],"curies":[{"name":"wp","href":"https:\/\/api.w.org\/{rel}","templated":true}]}}