{"id":104704,"date":"2024-10-11T15:00:11","date_gmt":"2024-10-11T15:00:11","guid":{"rendered":"https:\/\/kamucalisani.net\/?p=104704"},"modified":"2024-10-11T15:00:11","modified_gmt":"2024-10-11T15:00:11","slug":"adalet-bakani-tunc-gundeme-iliskin-sorulari-yanitladi","status":"publish","type":"post","link":"https:\/\/kamucalisani.net\/index.php\/2024\/10\/11\/adalet-bakani-tunc-gundeme-iliskin-sorulari-yanitladi\/","title":{"rendered":"Adalet Bakan\u0131 Tun\u00e7 g\u00fcndeme ili\u015fkin sorular\u0131 yan\u0131tlad\u0131"},"content":{"rendered":"<p><p>Bakan Tun\u00e7, TBMM Adalet Komisyonu&#8217;nda 9\u2019uncu Yarg\u0131 Paketi g\u00f6r\u00fc\u015fmeleri tamamland\u0131\u011f\u0131n\u0131 belirterek, \u201cCuma g\u00fcn\u00fc sabaha kar\u015f\u0131 ben buradan t\u00fcm komisyon ba\u015fkan\u0131m\u0131z ba\u015fta olmak \u00fczere t\u00fcm komisyon \u00fcyelerimize, milletvekillerimize te\u015fekk\u00fcr ediyorum. 9\u2019uncu Yarg\u0131 Paketi\u2019nde sadece kad\u0131n\u0131n soyad\u0131 ile ilgili madde yok. Otuzdan fazla madde var. \u00d6zellikle yarg\u0131 hizmetlerinin etkinli\u011fini daha da art\u0131rmaya y\u00f6nelik, vatanda\u015flar\u0131m\u0131z\u0131n yarg\u0131 hizmetlerinden daha etkin, verimli bir \u015fekilde faydalanmas\u0131n\u0131 sa\u011flamaya y\u00f6nelik, yarg\u0131n\u0131n h\u0131zland\u0131r\u0131lmas\u0131na, adil bir \u015fekilde tecelli etmesine y\u00f6nelik \u00f6nemli d\u00fczenlemeler var. Ba\u015fta alternatif uyu\u015fmazl\u0131k \u00e7\u00f6z\u00fcm y\u00f6ntemlerinin geli\u015ftirilmesi olmak \u00fczere, ara buluculuk gibi. Yine istinaf s\u00fcrecinde dosyalar\u0131n, davalar\u0131n gecikmemesi i\u00e7in h\u0131zl\u0131 bir \u015fekilde sonu\u00e7lanmas\u0131na y\u00f6nelik bir tak\u0131m d\u00fczenlemeler var. Yine sosyal medya ve g\u00f6r\u00fcnt\u00fcl\u00fc ya da yaz\u0131l\u0131 bas\u0131n yoluyla hakaret su\u00e7lar\u0131n\u0131 en aza indirmek i\u00e7in \u00f6zellikle bu su\u00e7larla m\u00fccadeleye y\u00f6nelik de \u00f6nemli d\u00fczenlemeler var. Ve yine usule ili\u015fkin gerek icra ihtilas\u0131 sistemimizdeki elektronik sat\u0131\u015fa ili\u015fkin bir\u00e7ok husus var\u201d a\u00e7\u0131klamas\u0131nda bulundu.<\/p>\n<div>\n<div><img decoding=\"async\" src=\"https:\/\/kamucalisani.net\/wp-content\/uploads\/2024\/10\/adalet-bakani-tunc-gundeme-iliskin-sorulari-yanitladi-0-iNN2OVG2.jpg\"\/><\/img><\/div>\n<\/div>\n<p>\u00a0<strong>\u201cD\u00dcZENLEME, \u2018KADIN EVLENMEKLE KOCASININ SOYADINI ALIR, \u0130STERSE KIZLIK SOYADINI DA BUNUNLA BERABER KULLANAB\u0130L\u0130R\u2019 H\u00dcKM\u00dc KORUNDU\u201d <\/strong><\/p>\n<p>S\u00fcre\u00e7 i\u00e7erisinde Anayasa Mahkemesi\u2019nin medeni kanuna ili\u015fkin iptal etti\u011fi d\u00fczenlemeler oldu\u011funu da ifade eden Tun\u00e7, \u201cBunlardan bir tanesi kad\u0131n\u0131n soyad\u0131na ili\u015fkin. Tabi medeni kanunumuza g\u00f6re kad\u0131n evlenmekle kocas\u0131n\u0131n soyad\u0131n\u0131 al\u0131r. E\u011fer kad\u0131n isterse kocas\u0131n\u0131n soyad\u0131yla beraber kendi k\u0131zl\u0131k soyad\u0131n\u0131 da kullanabilir. Mevcut d\u00fczenlememiz bu \u015fekilde medeni kanunda. Anayasa Mahkemesi burada bir iptal karar\u0131 verdi ve bu iptal karar\u0131 sonras\u0131nda o bo\u015flu\u011fun yeniden d\u00fczenlenmesi gerekti. Taslak \u00e7al\u0131\u015fmam\u0131z\u0131 biz T\u00fcrkiye B\u00fcy\u00fck Millet Meclisi grubumuza ilettik ve onlar da de\u011ferlendirmelerde bulundular. Komisyonda da mevcut d\u00fczenleme, kad\u0131n evlenmekle kocas\u0131n\u0131n soyad\u0131n\u0131 al\u0131r. \u0130sterse k\u0131zl\u0131k soyad\u0131n\u0131 da bununla beraber kullanabilir h\u00fckm\u00fc Adalet Komisyonu&#8217;nda ayn\u0131 \u015fekilde korundu ama anayasa mahkememizin gerek\u00e7elerine de at\u0131f yap\u0131larak yeni bir d\u00fczenleme ger\u00e7ekle\u015ftirildi. Durum bundan ibaret arkada\u015flar\u201d ifadelerini kulland\u0131.\u00a0<\/p>\n<p><strong>\u201cBALIKES\u0130R&#8217;DEK\u0130 C\u0130NAYET HUNHARCA \u0130\u015eLENM\u0130\u015e B\u0130R C\u0130NAYET\u201d <\/strong><\/p>\n<p>Bal\u0131kesir&#8217;de motokuryelik yapan \u00fcniversite \u00f6\u011frencisi Ata Emre Akman&#8217;\u0131 25 yerinde b\u0131\u00e7aklanarak \u00f6ld\u00fcr\u00fclmesine ili\u015fkin sorular\u0131 yan\u0131tlayan Bakan Tun\u00e7, \u201cBal\u0131kesir&#8217;deki cinayet hunharca i\u015flenmi\u015f bir cinayet. Hepimizi derinden yaralayan bir cinayet. Temennimiz bu t\u00fcr su\u00e7lar\u0131n olmamas\u0131 \u00fclkemizde. Tabii su\u00e7u i\u015fledi\u011fi zaman da gerekli cezaya \u00e7arpt\u0131r\u0131lmas\u0131 laz\u0131m. Ba\u011f\u0131ms\u0131z ve tarafs\u0131z yarg\u0131m\u0131z gerekli cezay\u0131 verdi. Tabii 18 ya\u015f\u0131ndan k\u00fc\u00e7\u00fck olmas\u0131 nedeniyle 24 y\u0131l ceza vermek durumunda kald\u0131. Azmettiricinin beraat etmesiyle ilgili bir karar s\u00f6z konusu oldu. Cumhuriyet Ba\u015fsavc\u0131s\u0131 da bu a\u00e7\u0131dan m\u00fctalaaya ayk\u0131r\u0131 karar verildi\u011fi i\u00e7in temiz etti. Ba\u011f\u0131ms\u0131z ve tarafs\u0131z yarg\u0131 s\u00fcreci i\u00e7erisinde devam edecek. Yani istinaf incelemesi var. Yarg\u0131tay incelemesi var. Dolay\u0131s\u0131yla yarg\u0131n\u0131n karar\u0131n\u0131 bu konuda beklememiz gerekiyor\u201d diye konu\u015ftu.<\/p>\n<div>\n<div><img decoding=\"async\" src=\"https:\/\/kamucalisani.net\/wp-content\/uploads\/2024\/10\/adalet-bakani-tunc-gundeme-iliskin-sorulari-yanitladi-1-l8Lhjxb6.jpg\"\/><\/img><\/div>\n<\/div>\n<p>\u00a0<\/p>\n<p><strong>\u201cHATALI B\u0130R \u0130\u015eLEM VARSA DA BU \u0130T\u0130RAZ YOLUYLA D\u00dcZELT\u0130LEB\u0130LECEK B\u0130R DURUMDUR\u201d <\/strong><\/p>\n<p>K\u0131z\u0131lay&#8217;\u0131n eski ba\u015fkan\u0131 Kerem K\u0131n\u0131k&#8217;\u0131n k\u0131z\u0131n\u0131n otomobiliyle seyir halinde bir motosiklete \u00e7arpmas\u0131na ili\u015fkin sorular\u0131 da cevaplayan Tun\u00e7, \u201cDe\u011ferli arkada\u015flar dosyayla ilgili benim bu konuda hen\u00fcz bir bilgim yok. Ama \u015funa bakal\u0131m. E\u011fer dosyan\u0131n i\u00e7eri\u011finde bir hata varsa mutlaka bu itiraz yoluyla d\u00fczeltilir. Yani bu konuda dosyayla ilgili yarg\u0131n\u0131n verece\u011fi kararla ilgili bizim \u015fu anda buradan bir yorum yapmam\u0131z do\u011fru olmaz. Ama hatal\u0131 bir i\u015flem varsa da bu itiraz yoluyla d\u00fczeltilebilecek bir durumdur\u201d \u015feklinde konu\u015ftu.<\/p>\n\n<p><\/p>\n<p>Kaynak :\u00a0<span style=\"background-color: rgb(255, 249, 236); color: rgb(55, 58, 60); font-size: 14px;\">http:\/\/www.milliyet.com.tr\/gundem\/adalet-bakani-tunc-gundeme-iliskin-sorulari-yanitladi-7155448<\/span><\/p>\n","protected":false},"excerpt":{"rendered":"<p>Adalet Bakan\u0131 Y\u0131lmaz Tun\u00e7, Ankara\u2019da bas\u0131n mensuplar\u0131n\u0131n sorular\u0131n\u0131 yan\u0131tlad\u0131.  Bakan Tun\u00e7, 9\u2019uncu Yarg\u0131 Paketi\u2019nin i\u00e7eri\u011fi ve son durumunu ayr\u0131ca Bal\u0131kesir\u2019de \u00f6ld\u00fcr\u00fclen kurye olay\u0131na ili\u015fkin a\u00e7\u0131klamalarda bulundu.<\/p>\n","protected":false},"author":1,"featured_media":104705,"comment_status":"open","ping_status":"open","sticky":false,"template":"","format":"standard","meta":{"footnotes":""},"categories":[3],"tags":[1336,308,578,6844,865],"class_list":["post-104704","post","type-post","status-publish","format-standard","has-post-thumbnail","hentry","category-guncel","tag-duzenleme","tag-kadin","tag-karar","tag-soyadi","tag-yargi"],"_links":{"self":[{"href":"https:\/\/kamucalisani.net\/index.php\/wp-json\/wp\/v2\/posts\/104704","targetHints":{"allow":["GET"]}}],"collection":[{"href":"https:\/\/kamucalisani.net\/index.php\/wp-json\/wp\/v2\/posts"}],"about":[{"href":"https:\/\/kamucalisani.net\/index.php\/wp-json\/wp\/v2\/types\/post"}],"author":[{"embeddable":true,"href":"https:\/\/kamucalisani.net\/index.php\/wp-json\/wp\/v2\/users\/1"}],"replies":[{"embeddable":true,"href":"https:\/\/kamucalisani.net\/index.php\/wp-json\/wp\/v2\/comments?post=104704"}],"version-history":[{"count":1,"href":"https:\/\/kamucalisani.net\/index.php\/wp-json\/wp\/v2\/posts\/104704\/revisions"}],"predecessor-version":[{"id":104708,"href":"https:\/\/kamucalisani.net\/index.php\/wp-json\/wp\/v2\/posts\/104704\/revisions\/104708"}],"wp:featuredmedia":[{"embeddable":true,"href":"https:\/\/kamucalisani.net\/index.php\/wp-json\/wp\/v2\/media\/104705"}],"wp:attachment":[{"href":"https:\/\/kamucalisani.net\/index.php\/wp-json\/wp\/v2\/media?parent=104704"}],"wp:term":[{"taxonomy":"category","embeddable":true,"href":"https:\/\/kamucalisani.net\/index.php\/wp-json\/wp\/v2\/categories?post=104704"},{"taxonomy":"post_tag","embeddable":true,"href":"https:\/\/kamucalisani.net\/index.php\/wp-json\/wp\/v2\/tags?post=104704"}],"curies":[{"name":"wp","href":"https:\/\/api.w.org\/{rel}","templated":true}]}}