{"id":104768,"date":"2024-10-11T17:36:07","date_gmt":"2024-10-11T17:36:07","guid":{"rendered":"https:\/\/kamucalisani.net\/?p=104768"},"modified":"2024-10-11T17:36:07","modified_gmt":"2024-10-11T17:36:07","slug":"mhpli-yalcin-halkin-yuzune-hangi-serefle-bakacaklarini-sabrederek-gorecegiz","status":"publish","type":"post","link":"https:\/\/kamucalisani.net\/index.php\/2024\/10\/11\/mhpli-yalcin-halkin-yuzune-hangi-serefle-bakacaklarini-sabrederek-gorecegiz\/","title":{"rendered":"MHP&#8217;li Yal\u00e7\u0131n: Halk\u0131n y\u00fcz\u00fcne hangi \u015ferefle bakacaklar\u0131n\u0131 sabrederek g\u00f6rece\u011fiz"},"content":{"rendered":"<p><p>Semih Yal\u00e7\u0131n&#8217;\u0131n, sosyal medya hesab\u0131ndan, &#8220;MHP ve milliyet\u00e7i-\u00fclk\u00fcc\u00fc hareket muar\u0131zlar\u0131na a\u00e7\u0131k mektup&#8221; ba\u015fl\u0131\u011f\u0131yla payla\u015f\u0131mda bulundu.<\/p>\n<p>Payla\u015f\u0131m\u0131nda \u00fclk\u00fcc\u00fcl\u00fc\u011f\u00fcn \u00f6nemine i\u015faret eden Yal\u00e7\u0131n, \u00fclk\u00fcc\u00fc olarak kalman\u0131n ilk \u015fart\u0131n\u0131n milliyet\u00e7i-\u00fclk\u00fcc\u00fc hareketin kuvvetli sosyal yap\u0131s\u0131ndan, \u00e7ekim g\u00fcc\u00fcnden ayr\u0131lmamak oldu\u011funu belirtti.<\/p>\n<p>MHP ve milliyet\u00e7i-\u00fclk\u00fcc\u00fc hareketten \u00e7e\u015fitli vesile veya bahanelerle ba\u011flar\u0131n\u0131 koparanlar\u0131n ak\u0131betinin karanl\u0131k oldu\u011funu dile getiren Yal\u00e7\u0131n, &#8220;Haklar\u0131nda en \u00e7ok da &#8216;eski \u00fclk\u00fcc\u00fc&#8217; tabiri kullan\u0131lan bu gibi ki\u015filer, MHP muar\u0131z\u0131 CHP ve Dem Parti&#8217;nin olu\u015fturdu\u011fu \u015fer cephesinin saf\u0131nda, ip gibi kar\u015f\u0131m\u0131za dizilmi\u015flerdir. Muar\u0131zlar\u0131m\u0131zla beraber, MHP&#8217;ye ve hareketimize as\u0131ls\u0131z, temelsiz iddialarla h\u00fccum etmektedirler. Bu gibilere &#8216;Eski \u00dclk\u00fcc\u00fc&#8217; denilmesi \u00e7ok yanl\u0131\u015ft\u0131r. Zira \u00fclk\u00fcc\u00fcl\u00fck, eskimeyen bir aidiyettir.&#8221; ifadelerini kulland\u0131.<\/p>\n<p>MHP Genel Ba\u015fkan\u0131 Devlet Bah\u00e7eli&#8217;nin liderli\u011finde, milliyet\u00e7i-\u00fclk\u00fcc\u00fc hareketin b\u00fcnyesinde 27 senedir &#8220;yeni nesil \u00fclk\u00fcc\u00fcler&#8221; yeti\u015fti\u011fini belirten Yal\u00e7\u0131n, &#8220;MHP etkisizle\u015ftirilmeden y\u00fckselen bayra\u011f\u0131n inmeyece\u011fi, ezan\u0131n susmayaca\u011f\u0131 a\u015fikard\u0131r. MHP varken, T\u00fcrkiye&#8217;nin bekas\u0131na d\u00f6n\u00fck oyunlar\u0131n bozulaca\u011f\u0131, tezgahlar\u0131n da\u011f\u0131t\u0131laca\u011f\u0131 a\u00e7\u0131kt\u0131r. \u00c7\u00fcnk\u00fc art\u0131k eski \u00fclk\u00fcc\u00fc yoktur, yeni nesil \u00fclk\u00fcc\u00fc vard\u0131r.&#8221; de\u011ferlendirmesini yapt\u0131.<\/p>\n<p>Yal\u00e7\u0131n, sosyal medyada MHP&#8217;yi lekelemeyi, milletin g\u00f6z\u00fcnden d\u00fc\u015f\u00fcrmeyi hedefleyen y\u0131k\u0131m ekipleri olu\u015fturuldu\u011funu savunarak, \u015f\u00f6yle devam etti:<\/p>\n<p>&#8220;Elde hi\u00e7bir somut delil, hi\u00e7bir dayanak yok iken, bir cinayetle suni ba\u011f tesis edilmeye \u00e7al\u0131\u015f\u0131larak s\u0131rf MHP&#8217;yi zan alt\u0131nda b\u0131rakmak i\u00e7in ola\u011fan\u00fcst\u00fc \u00e7aba g\u00f6sterilmektedir. Bilhassa CHP Genel Ba\u015fkan\u0131 \u00d6zg\u00fcr \u00d6zel, s\u00f6z konusu davayla maden bulmu\u015f meteliksiz define avc\u0131s\u0131 edas\u0131nda, yak\u0131ndan ilgilenmektedir. \u015euras\u0131 muhakkak ki CHP&#8217;nin bu ola\u011fan d\u0131\u015f\u0131 ilgisi, partide MHP&#8217;ye ve milliyet\u00e7i-\u00fclk\u00fcc\u00fc harekete duyulan geleneksel \u00f6fke, kin ve nefretin g\u00f6stergesidir.&#8221;<\/p>\n<p>\u00d6zel&#8217;i ele\u015ftiren Yal\u00e7\u0131n, &#8220;\u00d6zel&#8217;den, neden \u015fehitlerimizin davalar\u0131yla b\u00f6ylesine hassasiyetle ilgilenmedi\u011fini, topluma ve kamuoyuna a\u00e7\u0131klamas\u0131n\u0131 bekliyoruz. \u00d6zel&#8217;den, kamuoyu g\u00fcndemini me\u015fgul eden ba\u015fka y\u00fczlerce cinayet ve dava varken, neden b\u00fct\u00fcn a\u011f\u0131rl\u0131\u011f\u0131 bir cinayeti MHP ile ili\u015fkilendirme gayretine verdi\u011fini, millete anlatmas\u0131n\u0131 teklif ediyoruz. \u015eehitlerimizin, gazilerimizin ve yak\u0131n alakaya muhta\u00e7 binlerce ailenin hukuki sorunlar\u0131na e\u011filmek dururken, \u00d6zg\u00fcr \u00d6zel&#8217;in, i\u015fi g\u00fcc\u00fc b\u0131rak\u0131p MHP&#8217;ye d\u00f6n\u00fck sald\u0131r\u0131lara vesile edilen bir davaya bu derece yo\u011funla\u015fmas\u0131n\u0131n sebebini izah etmesini \u00f6neriyoruz.&#8221; ifadelerini kulland\u0131.<\/p>\n<p>G\u00fcne\u015fin bal\u00e7\u0131kla s\u0131vanamayaca\u011f\u0131n\u0131 vurgulayan Yal\u00e7\u0131n, \u015funlar\u0131 kaydetti:<\/p>\n<p>&#8220;Siyasete \u00e7irkin surette malzeme ve kat\u0131k edilmeye \u00e7abalanan bir cinayetle MHP&#8217;nin en k\u00fc\u00e7\u00fck ilgisini bulunmad\u0131\u011f\u0131 zamanla ortaya \u00e7\u0131kt\u0131\u011f\u0131nda, muar\u0131zlar\u0131m\u0131z\u0131n, halk\u0131n y\u00fcz\u00fcne hangi \u015ferefle bakacaklar\u0131n\u0131 sabrederek g\u00f6rece\u011fiz. Maskelerin d\u00fc\u015f\u00fcp karanl\u0131k y\u00fczlerin ortaya \u00e7\u0131kmas\u0131n\u0131 sab\u0131rla bekleyece\u011fiz. &#8216;Son g\u00fclen iyi g\u00fcler&#8217; atas\u00f6z\u00fcn\u00fcn tecellisini, itidalle, so\u011fukkanl\u0131l\u0131kla g\u00f6zleyece\u011fiz. Hakl\u0131 oldu\u011fumuz yolda m\u00fccadeleden, tutarl\u0131 politikam\u0131zdan ve kararl\u0131 duru\u015fumuzdan asla taviz vermeyece\u011fiz. Milliyet\u00e7i-\u00fclk\u00fcc\u00fc hareket ve MHP&#8217;nin as\u0131ls\u0131z iddialar, haks\u0131z iftira ve isnatlarla karalanarak takatten d\u00fc\u015f\u00fcr\u00fclmeye, etkisizle\u015ftirilmeye \u00e7al\u0131\u015f\u0131lmas\u0131na m\u00fcsaade etmeyece\u011fiz.&#8221;<\/p>\n\n<p><\/p>\n<p>Kaynak :\u00a0<span style=\"background-color: rgb(255, 249, 236); color: rgb(55, 58, 60); font-size: 14px;\">http:\/\/www.milliyet.com.tr\/gundem\/mhpli-yalcin-halkin-yuzune-hangi-serefle-bakacaklarini-sabrederek-gorecegiz-7155490<\/span><\/p>\n","protected":false},"excerpt":{"rendered":"<p>MHP Genel Ba\u015fkan Yard\u0131mc\u0131s\u0131 Semih Yal\u00e7\u0131n, &#8220;Siyasete \u00e7irkin surette malzeme ve kat\u0131k edilmeye \u00e7abalanan bir cinayetle MHP&#8217;nin en k\u00fc\u00e7\u00fck ilgisini bulunmad\u0131\u011f\u0131 zamanla ortaya \u00e7\u0131kt\u0131\u011f\u0131nda, muar\u0131zlar\u0131m\u0131z\u0131n, halk\u0131n y\u00fcz\u00fcne hangi \u015ferefle bakacaklar\u0131n\u0131 sabrederek g\u00f6rece\u011fiz.&#8221; dedi.<\/p>\n","protected":false},"author":1,"featured_media":104769,"comment_status":"open","ping_status":"open","sticky":false,"template":"","format":"standard","meta":{"footnotes":""},"categories":[3],"tags":[1036,6905,1942],"class_list":["post-104768","post","type-post","status-publish","format-standard","has-post-thumbnail","hentry","category-guncel","tag-mhp","tag-ulkucu","tag-yalcin"],"_links":{"self":[{"href":"https:\/\/kamucalisani.net\/index.php\/wp-json\/wp\/v2\/posts\/104768","targetHints":{"allow":["GET"]}}],"collection":[{"href":"https:\/\/kamucalisani.net\/index.php\/wp-json\/wp\/v2\/posts"}],"about":[{"href":"https:\/\/kamucalisani.net\/index.php\/wp-json\/wp\/v2\/types\/post"}],"author":[{"embeddable":true,"href":"https:\/\/kamucalisani.net\/index.php\/wp-json\/wp\/v2\/users\/1"}],"replies":[{"embeddable":true,"href":"https:\/\/kamucalisani.net\/index.php\/wp-json\/wp\/v2\/comments?post=104768"}],"version-history":[{"count":1,"href":"https:\/\/kamucalisani.net\/index.php\/wp-json\/wp\/v2\/posts\/104768\/revisions"}],"predecessor-version":[{"id":104770,"href":"https:\/\/kamucalisani.net\/index.php\/wp-json\/wp\/v2\/posts\/104768\/revisions\/104770"}],"wp:featuredmedia":[{"embeddable":true,"href":"https:\/\/kamucalisani.net\/index.php\/wp-json\/wp\/v2\/media\/104769"}],"wp:attachment":[{"href":"https:\/\/kamucalisani.net\/index.php\/wp-json\/wp\/v2\/media?parent=104768"}],"wp:term":[{"taxonomy":"category","embeddable":true,"href":"https:\/\/kamucalisani.net\/index.php\/wp-json\/wp\/v2\/categories?post=104768"},{"taxonomy":"post_tag","embeddable":true,"href":"https:\/\/kamucalisani.net\/index.php\/wp-json\/wp\/v2\/tags?post=104768"}],"curies":[{"name":"wp","href":"https:\/\/api.w.org\/{rel}","templated":true}]}}