{"id":104780,"date":"2024-10-11T18:24:09","date_gmt":"2024-10-11T18:24:09","guid":{"rendered":"https:\/\/kamucalisani.net\/?p=104780"},"modified":"2024-10-11T18:24:09","modified_gmt":"2024-10-11T18:24:09","slug":"galatasarayda-5-ayrilik-kadroda-dusunulmuyor","status":"publish","type":"post","link":"https:\/\/kamucalisani.net\/index.php\/2024\/10\/11\/galatasarayda-5-ayrilik-kadroda-dusunulmuyor\/","title":{"rendered":"Galatasaray&#8217;da 5 ayr\u0131l\u0131k! Kadroda d\u00fc\u015f\u00fcn\u00fclm\u00fcyor"},"content":{"rendered":"<p><p>Galatasaray, sezonun ilk haz\u0131rl\u0131k ma\u00e7\u0131nda kar\u015f\u0131la\u015ft\u0131\u011f\u0131 LASK Linz&#8217;e 3-2 ma\u011flup olmu\u015ftu. Bu ma\u00e7ta baz\u0131 bireysel performanslar, taraftarlar\u0131 heyecanland\u0131rsa da kadro \u00e7al\u0131\u015fmalar\u0131 kapsam\u0131nda yeni geli\u015fmeler ya\u015fan\u0131yor.<\/p>\n<p><strong>YUSUF DEM\u0130R D\u00dc\u015e\u00dcN\u00dcLM\u00dcYOR<\/strong><br \/>Ge\u00e7en sezonu \u0130svi\u00e7re\u2019de kiral\u0131k olarak ge\u00e7iren, ancak beklentilerin alt\u0131nda kalan Yusuf Demir, Galatasaray\u2019a geri d\u00f6nd\u00fc ve kampa kat\u0131ld\u0131.<\/p>\n<p>6 milyon Euro\u2019luk bir bonservis yat\u0131r\u0131m\u0131 yap\u0131lan 21 ya\u015f\u0131ndaki oyuncu, LASK Linz ma\u00e7\u0131ndaki etkili oyunuyla \u015fa\u015f\u0131rt\u0131p Okan Buruk\u2019tan \u00f6vg\u00fc alsa da bu sezon yabanc\u0131 stat\u00fcs\u00fcnde say\u0131laca\u011f\u0131 i\u00e7in kadroda d\u00fc\u015f\u00fcn\u00fclm\u00fcyor.<\/p>\n<div>\n<div><img decoding=\"async\" src=\"https:\/\/kamucalisani.net\/wp-content\/uploads\/2024\/10\/galatasarayda-5-ayrilik-kadroda-dusunulmuyor-0-INsucaTg.jpg\"\/><\/img><\/div>\n<\/div>\n<p><strong>K\u0130RALIK G\u00d6NDER\u0130LECEK<\/strong><br \/>Galatasaray, 2026 Haziran ay\u0131 sonuna kadar s\u00f6zle\u015fmesi bulunan gen\u00e7 futbolcuya kiral\u0131k gidece\u011fi ve yeterli s\u00fcreyi alabilece\u011fi bir kul\u00fcp ar\u0131yor. Sar\u0131-K\u0131rm\u0131z\u0131l\u0131lar, Yusuf\u2019un bu kez Avrupa\u2019da de\u011fil, T\u00fcrkiye\u2019de oynamas\u0131 y\u00f6n\u00fcnde \u00e7al\u0131\u015fmalar yap\u0131yor. Son olarak Ey\u00fcpspor\u2019un Yusuf\u2019la bir g\u00f6r\u00fc\u015fme yapt\u0131\u011f\u0131 bildirildi.<\/p>\n<p><strong>4 \u0130S\u0130M \u0130\u00c7\u0130N AYRILIK YAKIN<\/strong><br \/>\u00d6te yandan sar\u0131-k\u0131rm\u0131z\u0131l\u0131 kul\u00fcpte di\u011fer 4 isme gelen teklif de de\u011ferlendirmeye al\u0131nacak. Sergio Oliveira, Tete, Leo Dubois ve Mathias Ross g\u00f6nderilmesi beklenen isimler.<\/p>\n<div>\n<div><img decoding=\"async\" src=\"https:\/\/kamucalisani.net\/wp-content\/uploads\/2024\/10\/galatasarayda-5-ayrilik-kadroda-dusunulmuyor-1-IbgdGiId.jpg\"\/><\/img><\/div>\n<\/div>\n<\/p>\n<p><\/p>\n<p>Kaynak :\u00a0<span style=\"background-color: rgb(255, 249, 236); color: rgb(55, 58, 60); font-size: 14px;\">http:\/\/www.milliyet.com.tr\/skorer\/galatasarayda-5-ayrilik-kadroda-dusunulmuyor-7155540<\/span><\/p>\n","protected":false},"excerpt":{"rendered":"<p>Yeni sezon haz\u0131rl\u0131klar\u0131na devam eden Galatasaray&#8217;da bir yandan tak\u0131mdan ayr\u0131lacak isimler belirleniyor. Yabanc\u0131 s\u0131n\u0131r\u0131 nedeniyle 5 isim g\u00f6nderilecek.<\/p>\n","protected":false},"author":1,"featured_media":104781,"comment_status":"open","ping_status":"open","sticky":false,"template":"","format":"standard","meta":{"footnotes":""},"categories":[7],"tags":[],"class_list":["post-104780","post","type-post","status-publish","format-standard","has-post-thumbnail","hentry","category-spor"],"_links":{"self":[{"href":"https:\/\/kamucalisani.net\/index.php\/wp-json\/wp\/v2\/posts\/104780","targetHints":{"allow":["GET"]}}],"collection":[{"href":"https:\/\/kamucalisani.net\/index.php\/wp-json\/wp\/v2\/posts"}],"about":[{"href":"https:\/\/kamucalisani.net\/index.php\/wp-json\/wp\/v2\/types\/post"}],"author":[{"embeddable":true,"href":"https:\/\/kamucalisani.net\/index.php\/wp-json\/wp\/v2\/users\/1"}],"replies":[{"embeddable":true,"href":"https:\/\/kamucalisani.net\/index.php\/wp-json\/wp\/v2\/comments?post=104780"}],"version-history":[{"count":1,"href":"https:\/\/kamucalisani.net\/index.php\/wp-json\/wp\/v2\/posts\/104780\/revisions"}],"predecessor-version":[{"id":104784,"href":"https:\/\/kamucalisani.net\/index.php\/wp-json\/wp\/v2\/posts\/104780\/revisions\/104784"}],"wp:featuredmedia":[{"embeddable":true,"href":"https:\/\/kamucalisani.net\/index.php\/wp-json\/wp\/v2\/media\/104781"}],"wp:attachment":[{"href":"https:\/\/kamucalisani.net\/index.php\/wp-json\/wp\/v2\/media?parent=104780"}],"wp:term":[{"taxonomy":"category","embeddable":true,"href":"https:\/\/kamucalisani.net\/index.php\/wp-json\/wp\/v2\/categories?post=104780"},{"taxonomy":"post_tag","embeddable":true,"href":"https:\/\/kamucalisani.net\/index.php\/wp-json\/wp\/v2\/tags?post=104780"}],"curies":[{"name":"wp","href":"https:\/\/api.w.org\/{rel}","templated":true}]}}