{"id":104996,"date":"2024-10-12T03:36:09","date_gmt":"2024-10-12T03:36:09","guid":{"rendered":"https:\/\/kamucalisani.net\/?p=104996"},"modified":"2024-10-12T03:36:09","modified_gmt":"2024-10-12T03:36:09","slug":"sehit-bahadir-ridvan-talay-son-yolculuguna-ugurlandi-nisan-hazirligi-yapiyordu","status":"publish","type":"post","link":"https:\/\/kamucalisani.net\/index.php\/2024\/10\/12\/sehit-bahadir-ridvan-talay-son-yolculuguna-ugurlandi-nisan-hazirligi-yapiyordu\/","title":{"rendered":"\u015eehit Bahad\u0131r R\u0131dvan Talay son yolculu\u011funa u\u011furland\u0131! Ni\u015fan haz\u0131rl\u0131\u011f\u0131 yap\u0131yordu&#8230;"},"content":{"rendered":"<p><p>Irak&#8217;\u0131n kuzeyinde Pen\u00e7e-Kilit Kararl\u0131l\u0131k Harekat\u0131 B\u00f6lgesi Miska k\u00f6y\u00fcnde icra edilen arama-tarama faaliyeti esnas\u0131nda meydana gelen EYP patlamas\u0131 neticesinde \u0130stihkam Astsubay K\u0131demli \u00c7avu\u015f Bahad\u0131r R\u0131dvan Talay (26) \u015fehit oldu. \u015eehidin Sakarya\u2019n\u0131n Adapazar\u0131 il\u00e7esinde oturan ailesine ac\u0131 haberi askeri yetkililer ula\u015ft\u0131rd\u0131. G\u00fcne\u015fler Mahallesi&#8217;ndeki babaevine T\u00fcrk bayraklar\u0131 as\u0131ld\u0131. \u015eehit Talay\u2019\u0131n cenazesi, d\u00fcn gece Kocaeli Cengiz Topel Havaliman\u0131 \u00fczerinden Sakarya\u2019ya getirildi. \u015eehit i\u00e7in G\u00fcne\u015fler Mahallesi Merkez Camii\u2019nde cenaze t\u00f6reni d\u00fczenlendi. \u015eehit Talay\u2019\u0131n babas\u0131 Mehmet Talay ve di\u011fer yak\u0131nlar\u0131 b\u00fcy\u00fck \u00fcz\u00fcnt\u00fc ya\u015fad\u0131. \u015eehidin babas\u0131 askerlerin kollar\u0131nda cenaze namaz\u0131n\u0131n k\u0131l\u0131naca\u011f\u0131 camiye geldi. \u015eehit Talay\u2019\u0131n cenazesi, ikindi namaz\u0131n\u0131 m\u00fcteakip k\u0131l\u0131nan cenaze namaz\u0131n\u0131n ard\u0131ndan dualarla G\u00fcne\u015fler Merkez Mezarl\u0131\u011f\u0131&#8217;na defnedildi.<\/p>\n<div>\n<div><img decoding=\"async\" src=\"https:\/\/kamucalisani.net\/wp-content\/uploads\/2024\/10\/sehit-bahadir-ridvan-talay-son-yolculuguna-ugurlandi-nisan-hazirligi-yapiyordu-0-5PlDPkdJ.jpg\"\/><\/img><\/div>\n<\/div>\n<p>\u015eehit Talay\u2019\u0131n 3 karde\u015ften tek erkek oldu\u011fu ve ni\u015fan haz\u0131rl\u0131klar\u0131 yapt\u0131\u011f\u0131 \u00f6\u011frenildi. \u015eehidin cenazesine yak\u0131nlar\u0131 ba\u015fta olmak \u00fczere D\u0131\u015fi\u015fleri Bakan Yard\u0131mc\u0131s\u0131 Burhanettin Duran, T\u00fcrk-\u0130\u015f Genel Ba\u015fkan\u0131 Erg\u00fcn Atalay, AK Parti Genel Ba\u015fkan Yard\u0131mc\u0131s\u0131 Ali \u0130hsan Yavuz, Sakarya B\u00fcy\u00fck\u015fehir Belediye Ba\u015fkan\u0131 Yusuf Alemdar, milletvekilleri, protokol mensuplar\u0131, askeri ve m\u00fclki erkan ile \u00e7ok say\u0131da vatanda\u015f kat\u0131ld\u0131.<\/p>\n<div>\n<div><img decoding=\"async\" src=\"https:\/\/kamucalisani.net\/wp-content\/uploads\/2024\/10\/sehit-bahadir-ridvan-talay-son-yolculuguna-ugurlandi-nisan-hazirligi-yapiyordu-1-3MVa3zPN.jpg\"\/><\/img><\/div>\n<\/div>\n<\/p>\n<p><\/p>\n<p>Kaynak :\u00a0<span style=\"background-color: rgb(255, 249, 236); color: rgb(55, 58, 60); font-size: 14px;\">http:\/\/www.milliyet.com.tr\/gundem\/sehit-bahadir-ridvan-talay-son-yolculuguna-ugurlandi-nisan-hazirligi-yapiyordu-7155601<\/span><\/p>\n","protected":false},"excerpt":{"rendered":"<p>Pen\u00e7e-Kilit Operasyonu b\u00f6lgesinde \u015fehit olan ve bir s\u00fcredir ni\u015fan haz\u0131rl\u0131klar\u0131 yapt\u0131\u011f\u0131 \u00f6\u011frenilen \u0130stihkam Astsubay K\u0131demli \u00c7avu\u015f Bahad\u0131r R\u0131dvan Talay, memleketi Sakarya\u2019n\u0131n Adapazar\u0131 il\u00e7esinde son yolculu\u011funa u\u011furland\u0131.<\/p>\n","protected":false},"author":1,"featured_media":104997,"comment_status":"open","ping_status":"open","sticky":false,"template":"","format":"standard","meta":{"footnotes":""},"categories":[3],"tags":[1157,2130,6826],"class_list":["post-104996","post","type-post","status-publish","format-standard","has-post-thumbnail","hentry","category-guncel","tag-cenaze","tag-sehit","tag-talay"],"_links":{"self":[{"href":"https:\/\/kamucalisani.net\/index.php\/wp-json\/wp\/v2\/posts\/104996","targetHints":{"allow":["GET"]}}],"collection":[{"href":"https:\/\/kamucalisani.net\/index.php\/wp-json\/wp\/v2\/posts"}],"about":[{"href":"https:\/\/kamucalisani.net\/index.php\/wp-json\/wp\/v2\/types\/post"}],"author":[{"embeddable":true,"href":"https:\/\/kamucalisani.net\/index.php\/wp-json\/wp\/v2\/users\/1"}],"replies":[{"embeddable":true,"href":"https:\/\/kamucalisani.net\/index.php\/wp-json\/wp\/v2\/comments?post=104996"}],"version-history":[{"count":1,"href":"https:\/\/kamucalisani.net\/index.php\/wp-json\/wp\/v2\/posts\/104996\/revisions"}],"predecessor-version":[{"id":105000,"href":"https:\/\/kamucalisani.net\/index.php\/wp-json\/wp\/v2\/posts\/104996\/revisions\/105000"}],"wp:featuredmedia":[{"embeddable":true,"href":"https:\/\/kamucalisani.net\/index.php\/wp-json\/wp\/v2\/media\/104997"}],"wp:attachment":[{"href":"https:\/\/kamucalisani.net\/index.php\/wp-json\/wp\/v2\/media?parent=104996"}],"wp:term":[{"taxonomy":"category","embeddable":true,"href":"https:\/\/kamucalisani.net\/index.php\/wp-json\/wp\/v2\/categories?post=104996"},{"taxonomy":"post_tag","embeddable":true,"href":"https:\/\/kamucalisani.net\/index.php\/wp-json\/wp\/v2\/tags?post=104996"}],"curies":[{"name":"wp","href":"https:\/\/api.w.org\/{rel}","templated":true}]}}