{"id":105044,"date":"2024-10-12T06:00:07","date_gmt":"2024-10-12T06:00:07","guid":{"rendered":"https:\/\/kamucalisani.net\/?p=105044"},"modified":"2024-10-12T06:00:07","modified_gmt":"2024-10-12T06:00:07","slug":"samsung-galaxy-s25-ultranin-kamera-tasarimi-netlesti","status":"publish","type":"post","link":"https:\/\/kamucalisani.net\/index.php\/2024\/10\/12\/samsung-galaxy-s25-ultranin-kamera-tasarimi-netlesti\/","title":{"rendered":"Samsung Galaxy S25 Ultra&#8217;n\u0131n kamera tasar\u0131m\u0131 netle\u015fti"},"content":{"rendered":"<p><figure> <span> <img decoding=\"async\" src=\"https:\/\/kamucalisani.net\/wp-content\/uploads\/2024\/10\/samsung-galaxy-s25-ultranin-kamera-tasarimi-netlesti-0-urmBlLvP.jpg\"\/> <\/span> \u00d6n\u00fcm\u00fczdeki senenin ba\u015f\u0131lar\u0131nda tan\u0131t\u0131lacak olan Galaxy S25 serisiyle ilgili detaylar gelmeye devam ediyor. Serinin tepe modeli <strong>Galaxy S25 Ultra<\/strong>&#8216;n\u0131n tasar\u0131m\u0131 ortaya \u00e7\u0131ksa da, kameralar\u0131n nas\u0131l g\u00f6r\u00fcnece\u011fi konusunda farkl\u0131 iddialar vard\u0131. \u015eimdi, kamera halkalar\u0131 hakk\u0131nda daha fazla ayr\u0131nt\u0131 ortaya \u00e7\u0131kt\u0131. <\/figure>\n<p>S\u0131z\u0131nt\u0131lar\u0131yla me\u015fhur Ice Universe, Galaxy S25 Ultra&#8217;n\u0131n kamera halkalar\u0131n\u0131n b\u00fcy\u00fck \u00f6l\u00e7\u00fcde <strong>Galaxy Z Fold 6<\/strong>&#8216;n\u0131n kameralar\u0131na benzeyece\u011fini ortaya koydu. Yani kamera lensinin \u00e7evresi <strong>siyah bir halka<\/strong> ile \u00e7evrilecek. Kamera d\u00fczeni ise S24 Ultra ile benzer olacak.<\/p>\n<p><b>Galaxy S25 Ultra beklenen \u00f6zellikleri<\/b><\/p>\n<p>\u00d6nceki raporlara g\u00f6re, Galaxy S25 Ultra&#8217;n\u0131n arka taraf\u0131nda <strong>d\u00f6rtl\u00fc kamera kurulumu <\/strong>yer alacak. Kurulumun, OIS \u00f6zellikli <strong>200 MP <\/strong>ana arka kamera, otomatik odaklamal\u0131 50 MP ultra geni\u015f kamera, 3x optik yak\u0131nla\u015ft\u0131rmal\u0131 10 MP telefoto kamera ve <strong>5x optik yak\u0131nla\u015ft\u0131rmal\u0131 <\/strong>50 MP s\u00fcper telefoto kamera i\u00e7erdi\u011fi s\u00f6yleniyor. \u00d6n tarafta ise selefine benzer \u015fekilde 12 MP selfie kameras\u0131 yer alacak.<\/p>\n<p>Titanyum \u00e7er\u00e7evler ile gelecek olan\u00a0Galaxy S25 Ultra,\u00a0Gorilla Glass Armor ekran korumas\u0131na sahip olacak. K\u00f6\u015feli tasar\u0131m anlay\u0131\u015f\u0131n\u0131 terk edecek olan telefon, art\u0131k <strong>daha yumu\u015fak k\u00f6\u015feli <\/strong>yap\u0131s\u0131yla daha iyi bir tutu\u015f hissine sahip olacak.<\/p>\n<p>Galaxy S25 Ultra, \u00f6n\u00fcm\u00fczdeki birka\u00e7 g\u00fcn i\u00e7inde duyurulacak olan <strong>Snapdragon 8 Elite (Snapdragon 8 Gen 4)<\/strong> i\u015flemecisine sahip olacak. \u00d6nceki raporlara g\u00f6re telefon, 12GB\/16GB RAM ve 256GB\/512GB\/1TB dahili depolama alan\u0131na sahip olacak. Ayr\u0131ca, selefiyle ayn\u0131 5.000mAh batarya yave 45W h\u0131zl\u0131 \u015farja sahip olmaya devam edecek.<\/p>\n\n<p>Kaynak\u00a0 :\u00a0<span style=\"background-color: rgb(255, 249, 236); color: rgb(55, 58, 60); font-size: 14px;\">https:\/\/www.donanimhaber.com\/samsung-galaxy-s25-ultra-nin-kamera-tasarimi-netlesti&#8211;182983<\/span><\/p>\n","protected":false},"excerpt":{"rendered":"<p>\u00d6n\u00fcm\u00fczdeki senenin ba\u015f\u0131lar\u0131nda tan\u0131t\u0131lacak olan Galaxy S25 serisiyle ilgili detaylar gelmeye devam ediyor. Serinin tepe modeli Galaxy S25 Ultra&#8217;n\u0131n tasar\u0131m\u0131 ortaya \u00e7\u0131ksa da, kameralar\u0131n nas\u0131l g\u00f6r\u00fcnece\u011fi konusunda farkl\u0131 iddialar vard\u0131. \u015eimdi &#8230;<\/p>\n","protected":false},"author":1,"featured_media":105045,"comment_status":"open","ping_status":"open","sticky":false,"template":"","format":"standard","meta":{"footnotes":""},"categories":[8],"tags":[4308,61,599],"class_list":["post-105044","post","type-post","status-publish","format-standard","has-post-thumbnail","hentry","category-teknoloji","tag-galaxy-s25-ultra","tag-kamera","tag-olacak"],"_links":{"self":[{"href":"https:\/\/kamucalisani.net\/index.php\/wp-json\/wp\/v2\/posts\/105044","targetHints":{"allow":["GET"]}}],"collection":[{"href":"https:\/\/kamucalisani.net\/index.php\/wp-json\/wp\/v2\/posts"}],"about":[{"href":"https:\/\/kamucalisani.net\/index.php\/wp-json\/wp\/v2\/types\/post"}],"author":[{"embeddable":true,"href":"https:\/\/kamucalisani.net\/index.php\/wp-json\/wp\/v2\/users\/1"}],"replies":[{"embeddable":true,"href":"https:\/\/kamucalisani.net\/index.php\/wp-json\/wp\/v2\/comments?post=105044"}],"version-history":[{"count":1,"href":"https:\/\/kamucalisani.net\/index.php\/wp-json\/wp\/v2\/posts\/105044\/revisions"}],"predecessor-version":[{"id":105047,"href":"https:\/\/kamucalisani.net\/index.php\/wp-json\/wp\/v2\/posts\/105044\/revisions\/105047"}],"wp:featuredmedia":[{"embeddable":true,"href":"https:\/\/kamucalisani.net\/index.php\/wp-json\/wp\/v2\/media\/105045"}],"wp:attachment":[{"href":"https:\/\/kamucalisani.net\/index.php\/wp-json\/wp\/v2\/media?parent=105044"}],"wp:term":[{"taxonomy":"category","embeddable":true,"href":"https:\/\/kamucalisani.net\/index.php\/wp-json\/wp\/v2\/categories?post=105044"},{"taxonomy":"post_tag","embeddable":true,"href":"https:\/\/kamucalisani.net\/index.php\/wp-json\/wp\/v2\/tags?post=105044"}],"curies":[{"name":"wp","href":"https:\/\/api.w.org\/{rel}","templated":true}]}}