{"id":105159,"date":"2024-10-12T10:24:06","date_gmt":"2024-10-12T10:24:06","guid":{"rendered":"https:\/\/kamucalisani.net\/?p=105159"},"modified":"2024-10-12T10:24:06","modified_gmt":"2024-10-12T10:24:06","slug":"15-temmuz-belgeseli-ahmetim-mehmetim-sehitlerim-icin-ozel-gosterim-yapildi","status":"publish","type":"post","link":"https:\/\/kamucalisani.net\/index.php\/2024\/10\/12\/15-temmuz-belgeseli-ahmetim-mehmetim-sehitlerim-icin-ozel-gosterim-yapildi\/","title":{"rendered":"15 Temmuz belgeseli &#8216;Ahmet&#8217;im, Mehmet&#8217;im, \u015eehitlerim&#8217; i\u00e7in \u00f6zel g\u00f6sterim yap\u0131ld\u0131"},"content":{"rendered":"<p><p>\u0130\u00e7i\u015fleri Bakan\u0131 Ali Yerlikaya, bakanl\u0131k taraf\u0131ndan haz\u0131rlanan ve 15 Temmuz&#8217;da \u015fehit edilen polis memuru ikiz karde\u015fler Ahmet ve Mehmet Oru\u00e7 karde\u015flerin hikayesinin anlat\u0131ld\u0131\u011f\u0131 &#8216;Ahmet&#8217;im, Mehmet&#8217;im, \u015eehitlerim&#8217; belgeseli i\u00e7in Beyo\u011flu&#8217;nda bulunan Atat\u00fcrk K\u00fclt\u00fcr Merkezi&#8217;nde d\u00fczenlenen \u00f6zel g\u00f6sterime kat\u0131ld\u0131. G\u00f6sterim \u00f6ncesi konu\u015fan Yerlikaya, &#8220;Biz; b\u00fcy\u00fck hasletleri olan, tarihin her sayfas\u0131na, \u015fanla ve \u015ferefle imzas\u0131n\u0131 atm\u0131\u015f b\u00fcy\u00fck bir milletiz. Metanetliyizdir biz. Ac\u0131y\u0131 bal eylemesini biliriz. Merhametliyizdir. Mazlumun yan\u0131nda olur, darda olan\u0131n yard\u0131m\u0131na ko\u015far\u0131z. Vatan a\u015fk\u0131yla doluyuzdur. \u015eehitler tepesini bo\u015f b\u0131rakmay\u0131z. Yufka y\u00fcrekliyizdir. G\u00f6z p\u0131narlar\u0131m\u0131z her daim doludur bizim. Amma; ihaneti de, hainlerin arkas\u0131nda duranlar\u0131 da asla affetmeyiz. Bu; d\u00fcn b\u00f6yleydi, bug\u00fcn b\u00f6yle ve ilelebet de b\u00f6yle olacak. Zir\u00e2, bu salonu dolduran sizler bilirsiniz, biz, birbirimizi biliriz. L\u00e2kin; Milletimizi tan\u0131mayan, ge\u00e7mi\u015fimizden, tarihimizden ders almayanlar oldu. Oysa bu millet g\u00fcc\u00fcn\u00fc onlara, d\u00fcn Malazgirt&#8217;te, \u00c7anakkale&#8217;de, Sakarya&#8217;da g\u00f6stermi\u015fti. Anlamayanlar, Ak\u0131llanmayanlar, bu millete diz \u00e7\u00f6kt\u00fcrmeye \u00e7al\u0131\u015fan al\u00e7aklar, bu kez 15 Temmuz 2016&#8217;da sahnedeydi. O karanl\u0131k gecede, milletimizin \u00fczerine u\u00e7aklarla bomba ya\u011fd\u0131rd\u0131lar. Helikopterlerle, a\u011f\u0131r silahlarla ate\u015f a\u00e7t\u0131lar. Tanklarla \u00fczerlerine y\u00fcr\u00fcd\u00fcler. Gazi Meclisimize sald\u0131rd\u0131lar. Yetmedi, G\u00f6lba\u015f\u0131 \u00d6zel Harekat Dairesi Ba\u015fkanl\u0131\u011f\u0131 ve Havac\u0131l\u0131k Dairesi Ba\u015fkanl\u0131\u011f\u0131 gibi \u015fehitler oca\u011f\u0131 olan, gururumuz olan aslan yuvalar\u0131na kinlerini kustular. Sanki T\u00fcrkiye i\u015fgal kuvvetleri taraf\u0131ndan ablukaya al\u0131nm\u0131\u015ft\u0131&#8221; diye konu\u015ftu.<\/p>\n<p><strong>&#8220;O HA\u0130NLER\u0130N B\u0130R HESABI VARSA, ALLAH&#8217;INDA B\u0130R HESABI VARDI&#8221;<\/strong><\/p>\n<p>Yerlikaya, &#8220;Sand\u0131lar ki, bu millet korkup, sinecekti. Sand\u0131lar ki \u015fanl\u0131 bayra\u011f\u0131m\u0131z mahzun kalacakt\u0131. Sand\u0131lar ki, \u00fclkemizi kendi karanl\u0131klar\u0131nda bo\u011facaklard\u0131. Hay\u0131r, asla \u00f6yle olmayacakt\u0131. O hainlerin bir hesab\u0131 varsa; Allah&#8217;\u0131n da bir hesab\u0131 vard\u0131. Kalpleri vatan a\u015fk\u0131yla \u00e7arpan kahramanlar\u0131n,<\/p>\n<p>koca y\u00fcrekli korkusuzlar\u0131n, geri atacaklar\u0131 tek bir ad\u0131mlar\u0131 dahi yoktu. O en kritik anlarda, Cumhurba\u015fkan\u0131m\u0131z Say\u0131n Recep Tayyip Erdo\u011fan&#8217;\u0131n; &#8220;Halk\u0131n g\u00fcc\u00fcnden b\u00fcy\u00fck g\u00fc\u00e7 tan\u0131mad\u0131m ben bug\u00fcne kadar&#8221; s\u00f6zlerinden sonra, y\u00fczbinlerce cesur y\u00fcrek meydanlara ko\u015ftu. Vatan\u0131na sahip \u00e7\u0131kt\u0131. Milli iradesine sahip \u00e7\u0131kt\u0131. Liderinin arkas\u0131nda durdu. Kimi, yavrusunun \u00f6n\u00fcne siper etti bedenini, k\u0131z\u0131n\u0131 kurtarabildi ancak kendisi \u015fehadet \u015ferbetini i\u00e7ti. Kimi, son telefon konu\u015fmas\u0131nda e\u015finden helallik istedi. &#8220;Merak etme, d\u00f6nece\u011fim&#8221; dedi. Ancak, bir daha asla geri d\u00f6nemedi. O uzun ve zifiri karanl\u0131k gecede;<\/p>\n<p>aziz vatan\u0131n 252 evlad\u0131 \u015fehadete ula\u015f\u0131rken, 2 bin 740 insan\u0131m\u0131z gazilik onuruna eri\u015fti&#8221; ifadelerini kulland\u0131.<\/p>\n<p><strong>&#8220;AHMET VE MEHMET ORU\u00c7 KARDE\u015eLER\u0130N DUYGU Y\u00dcKL\u00dc H\u0130KAYES\u0130N\u0130 \u0130ZLEYECE\u011e\u0130Z&#8221;<\/strong><\/p>\n<p>Belgesel hakk\u0131nda da bilgi veren Yerlikaya, &#8220;F\u0131trat de\u011fi\u015fir sanma, bu kan yine o kand\u0131r. Bir g\u00fcn ismi Ahmet Oru\u00e7, Mehmet Oru\u00e7 olur bu yi\u011fitlerin;<\/p>\n<p>Bir g\u00fcn \u00d6mer Halisdemir, Ay\u015fe Ayka\u00e7. Selam olsun \u015fehitlerimize, selam olsun kahraman gazilerimize, selam olsun &#8220;Ahmet&#8217;im, Mehmet&#8217;in canlar\u0131m benim&#8221; diye hayk\u0131ran \u015fehit babas\u0131 Ali Oru\u00e7&#8217;a, \u015fehit anas\u0131 Senem Oru\u00e7&#8217;a. Biraz sonra &#8220;Ahmet&#8217;im, Mehmet&#8217;im, \u015eehitlerim&#8221; belgeselinde kahraman \u015fehitlerimiz Ahmet ve Mehmet Oru\u00e7 karde\u015flerin duygu y\u00fckl\u00fc hikayelerini izleyece\u011fiz. Ahmet ve Mehmet, ikiz karde\u015flerdi. \u0130lk nefeslerini birlikte alm\u0131\u015flard\u0131. Kulaklar\u0131na ilk ezan ayn\u0131 anda okunmu\u015ftu. \u0130kisi de ana kuzusuydu. En b\u00fcy\u00fck hayallerini birlikte ger\u00e7ekle\u015ftirdiler. \u0130kisi de polis olmu\u015f, O \u015fanl\u0131 \u00fcniformay\u0131 giymi\u015flerdi. Helikopter pilotu olacaklard\u0131. \u00c7elik kartallar gibi g\u00f6k y\u00fcz\u00fcnde s\u00fcz\u00fcleceklerdi. Ama, 15 Temmuz&#8217;da her ikisi de \u015fehit edildiler.<\/p>\n<p>\u0130lk nefeslerini birlikte alm\u0131\u015flard\u0131, Son nefeslerini birlikte verdiler. Ve salalar\u0131 birlikte okundu. Cumhuriyetimizin kurucusu Gazi Mustafa Kemal Atat\u00fcrk \u015f\u00f6yle diyor: T\u00fcrk Milleti birlik ve beraberlikle g\u00fc\u00e7l\u00fckleri yenmesini bilmi\u015ftir&#8221; \u015feklinde konu\u015ftu.<\/p>\n<p><strong>15 TEMMUZ&#8217;DA M\u0130LLET\u0130M\u0130Z UNUTULMAZ B\u0130R DESTAN YAZDI&#8221;<\/strong><\/p>\n<p>\u0130\u00e7i\u015fleri Bakan\u0131 Ali Yerlikaya, &#8220;15 Temmuz&#8217;da Milletimiz, birlik ve beraberli\u011fiyle, cesareti ve vatan a\u015fk\u0131yla unutulmaz bir destan yazd\u0131. Bu destan\u0131 sizler yazd\u0131n\u0131z. Allah hepinizden raz\u0131 olsun. Say\u0131n Cumhurba\u015fkan\u0131m\u0131z\u0131n ifadeleriyle; 15 Temmuz gecesi cumhuriyetimize, demokrasimize ve t\u00fcm bu kazan\u0131mlar\u0131m\u0131za can\u0131m\u0131z pahas\u0131na sahip \u00e7\u0131kt\u0131k. Tek y\u00fcrek, tek bilek olarak darbecilere kar\u015f\u0131 y\u00fcr\u00fctt\u00fc\u011f\u00fcm\u00fcz destans\u0131 direni\u015fle, dosta ve d\u00fc\u015fmana T\u00fcrkiye&#8217;nin asla esir edilemeyece\u011fini, T\u00fcrk Milletine asla diz \u00e7\u00f6kt\u00fcr\u00fclemeyece\u011fini g\u00f6sterdik. 15 Temmuz&#8217;u sizlerin \u015fahitli\u011finde; asla unutmayaca\u011f\u0131z, unutturmayaca\u011f\u0131z. Bu duygularla; 15 Temmuz darbe giri\u015fiminde \u201cLiderlik nas\u0131l oluru\u00f6 t\u00fcm d\u00fcnyaya g\u00f6steren say\u0131n Cumhurba\u015fkan\u0131m\u0131za, bu kutlu y\u00fcr\u00fcy\u00fc\u015f\u00fcn ruhu olan Aziz Milletimize, minnet ve \u015f\u00fckranlar\u0131m\u0131 sunuyorum. \u015eehitlerimize, bir kez daha Allah&#8217;tan rahmet diliyorum. Ruhlar\u0131 \u015f\u00e2d, makamlar\u0131 \u00e2li olsun. Gazilikle m\u00fc\u015ferref olan karde\u015flerimize Rabbimden sa\u011fl\u0131k ve afiyet diliyorum&#8221; dedi.<\/p>\n\n<p><\/p>\n<p>Kaynak :\u00a0<span style=\"background-color: rgb(255, 249, 236); color: rgb(55, 58, 60); font-size: 14px;\">http:\/\/www.milliyet.com.tr\/gundem\/15-temmuz-belgeseli-ahmetim-mehmetim-sehitlerim-icin-ozel-gosterim-yapildi-7155633<\/span><\/p>\n","protected":false},"excerpt":{"rendered":"<p>\u0130\u00e7i\u015fleri Bakanl\u0131\u011f\u0131 taraf\u0131ndan haz\u0131rlanan 15 Temmuz&#8217;da ya\u015fananlar\u0131 konu alan &#8216;Ahmetim, Mehmet&#8217;im, \u015eehitlerim&#8217; belgeseli i\u00e7in \u00f6zel g\u00f6sterim yap\u0131ld\u0131. Atat\u00fcrk K\u00fclt\u00fcr Merkezi&#8217;nde yap\u0131lan g\u00f6sterime \u0130\u00e7i\u015fleri Bakan\u0131 Ali Yerlikaya ve \u015fehit aileleri ve \u00e7ok say\u0131da vatanda\u015f kat\u0131ld\u0131. Yerlikaya konu\u015fmas\u0131nda, &#8220;Merhametliyizdir. Mazlumun yan\u0131nda olur, darda olan\u0131n yard\u0131m\u0131na ko\u015far\u0131z. Vatan a\u015fk\u0131yla doluyuzdur. \u015eehitler tepesini bo\u015f b\u0131rakmay\u0131z. Amma \u0130haneti de, hainlerin arkas\u0131nda duranlar\u0131 da asla affetmeyiz. Bu; d\u00fcn b\u00f6yleydi. Bug\u00fcn b\u00f6yle ve ilelebet de b\u00f6yle olacak&#8221; dedi.<\/p>\n","protected":false},"author":1,"featured_media":105160,"comment_status":"open","ping_status":"open","sticky":false,"template":"","format":"standard","meta":{"footnotes":""},"categories":[3],"tags":[6581,2375,2426,2106,2130],"class_list":["post-105159","post","type-post","status-publish","format-standard","has-post-thumbnail","hentry","category-guncel","tag-15-temmuz","tag-ahmet","tag-mehmet","tag-millet","tag-sehit"],"_links":{"self":[{"href":"https:\/\/kamucalisani.net\/index.php\/wp-json\/wp\/v2\/posts\/105159","targetHints":{"allow":["GET"]}}],"collection":[{"href":"https:\/\/kamucalisani.net\/index.php\/wp-json\/wp\/v2\/posts"}],"about":[{"href":"https:\/\/kamucalisani.net\/index.php\/wp-json\/wp\/v2\/types\/post"}],"author":[{"embeddable":true,"href":"https:\/\/kamucalisani.net\/index.php\/wp-json\/wp\/v2\/users\/1"}],"replies":[{"embeddable":true,"href":"https:\/\/kamucalisani.net\/index.php\/wp-json\/wp\/v2\/comments?post=105159"}],"version-history":[{"count":1,"href":"https:\/\/kamucalisani.net\/index.php\/wp-json\/wp\/v2\/posts\/105159\/revisions"}],"predecessor-version":[{"id":105161,"href":"https:\/\/kamucalisani.net\/index.php\/wp-json\/wp\/v2\/posts\/105159\/revisions\/105161"}],"wp:featuredmedia":[{"embeddable":true,"href":"https:\/\/kamucalisani.net\/index.php\/wp-json\/wp\/v2\/media\/105160"}],"wp:attachment":[{"href":"https:\/\/kamucalisani.net\/index.php\/wp-json\/wp\/v2\/media?parent=105159"}],"wp:term":[{"taxonomy":"category","embeddable":true,"href":"https:\/\/kamucalisani.net\/index.php\/wp-json\/wp\/v2\/categories?post=105159"},{"taxonomy":"post_tag","embeddable":true,"href":"https:\/\/kamucalisani.net\/index.php\/wp-json\/wp\/v2\/tags?post=105159"}],"curies":[{"name":"wp","href":"https:\/\/api.w.org\/{rel}","templated":true}]}}