{"id":105187,"date":"2024-10-12T11:48:08","date_gmt":"2024-10-12T11:48:08","guid":{"rendered":"https:\/\/kamucalisani.net\/?p=105187"},"modified":"2024-10-12T11:48:08","modified_gmt":"2024-10-12T11:48:08","slug":"heyelan-otomobili-dereye-surukledi-anne-ve-kizi-kayboldu-meteorolojiden-yeni-uyari","status":"publish","type":"post","link":"https:\/\/kamucalisani.net\/index.php\/2024\/10\/12\/heyelan-otomobili-dereye-surukledi-anne-ve-kizi-kayboldu-meteorolojiden-yeni-uyari\/","title":{"rendered":"Heyelan otomobili dereye s\u00fcr\u00fckledi, anne ve k\u0131z\u0131 kayboldu! Meteoroloji&#8217;den yeni uyar\u0131"},"content":{"rendered":"<p><p>Edinilen bilgiye g\u00f6re, ak\u015fam saat 20.30 s\u0131ralar\u0131nda Erzurum &#8211; Artvin karayolu Tortum il\u00e7esi Derekap\u0131 mevkiinde heyelan meydana geldi. Bu s\u0131rada yolda seyreden Suriye uyruklu s\u00fcr\u00fcc\u00fc y\u00f6netimindeki otomobil, dere yata\u011f\u0131na s\u00fcr\u00fcklendi. Kaza sonras\u0131 s\u00fcr\u00fcc\u00fc kurtar\u0131l\u0131rken ara\u00e7ta bulunan anne ve k\u0131z\u0131 ara\u00e7tan f\u0131rlayarak dereye d\u00fc\u015ft\u00fc. Olay\u0131n ard\u0131ndan heyelan nedeniyle kapanan yol trafi\u011fe a\u00e7\u0131l\u0131rken suda kaybolan anne ve k\u0131z\u0131n\u0131 arama \u00e7al\u0131\u015fmalar\u0131na devam ediliyor.<\/p>\n<p><span><strong>3 \u0130LE UYARI<\/strong><\/span><\/p>\n<p>Erzurum&#8217;un kuzey ve do\u011fusu ile Kars ve Ardahan&#8217;da g\u00f6k g\u00fcr\u00fclt\u00fcl\u00fc sa\u011fanak bekleniyor. Meteoroloji yeni uyar\u0131 yay\u0131mlad\u0131. Meteoroloji Genel M\u00fcd\u00fcrl\u00fc\u011f\u00fcnden yap\u0131lan tahmine g\u00f6re, yar\u0131n \u00f6\u011fle saatlerinden sonra Erzurum&#8217;un kuzey ve do\u011fusu ile Kars ve Ardahan&#8217;da yerel olarak kuvvetli sa\u011fanak ve g\u00f6k g\u00fcr\u00fclt\u00fcl\u00fc sa\u011fanak bekleniyor.<\/p>\n<p>Sel, su bask\u0131n\u0131, y\u0131ld\u0131r\u0131m, heyelan, ula\u015f\u0131mda aksamalar, ya\u011f\u0131\u015f an\u0131nda kuvvetli r\u00fczgar ve yerel dolu ya\u011f\u0131\u015f\u0131 gibi olumsuzluklara kar\u015f\u0131 dikkatli ve tedbirli olunmas\u0131 gerekiyor.<\/p>\n<p><strong>R\u0130ZE&#8217;DE SA\u011eANAK YA\u011eI\u015e ETK\u0130L\u0130 OLDU<\/strong><\/p>\n<p>Rize\u2019nin Kalkandere il\u00e7esinde \u015fiddetli ya\u011fmur sonras\u0131 Vand\u0131 \u015eelalesi ta\u015farken, heyelan tehlikesi nedeniyle \u00fcreticiler \u00e7ay hasad\u0131na ara verdi.<\/p>\n<p>Rize\u2019de \u00f6\u011fleden sonra yer yer sa\u011fanak etkili oldu. Kalkandere il\u00e7esinde \u00e7ay hasad\u0131 yapan \u00fcreticiler, heyelan korkusuyla \u00e7ay hasad\u0131na ara verdi. \u0130l\u00e7ede bulunan Vand\u0131 \u015eelalesi de debisinin artmas\u0131yla yola ta\u015ft\u0131. O esnada \u00e7evrede bulunan vatanda\u015flar, \u015felalenin ilk kez ta\u015ft\u0131\u011f\u0131n\u0131 g\u00f6r\u00fcnce o anlar\u0131 cep telefonlar\u0131 ile kaydettti.<\/p>\n<div>\n<div><img decoding=\"async\" src=\"https:\/\/kamucalisani.net\/wp-content\/uploads\/2024\/10\/heyelan-otomobili-dereye-surukledi-anne-ve-kizi-kayboldu-meteorolojiden-yeni-uyari-0-gisFrX3E.jpg\"\/><\/img><\/div>\n<\/div>\n<p><strong>YEN\u0130 RAPOR YAYIMLANDI<\/strong><\/p>\n<p>Meteoroloji Genel M\u00fcd\u00fcrl\u00fc\u011f\u00fc olarak yap\u0131lan de\u011ferlendirmelere g\u00f6re: Yurdun kuzey, i\u00e7 ve bat\u0131 kesimlerinin par\u00e7al\u0131 yer yer \u00e7ok bulutlu, Akdeniz\u2019in i\u00e7 kesimleri, \u0130\u00e7 Anadolu\u2019nun bat\u0131s\u0131, Do\u011fu Karadeniz, Do\u011fu Anadolu\u2019nun kuzeyi ile Mu\u011fla, Denizli, U\u015fak, Afyonkarahisar, Adana, Osmaniye, Ankara, Eski\u015fehir, Sivas, Bolu, \u00c7orum, Ordu ve Tokat \u00e7evreleri Hatay\u2019\u0131n bat\u0131 il\u00e7elerinin yerel sa\u011fanak ver g\u00f6k g\u00fcr\u00fclt\u00fcl\u00fc sa\u011fanak ya\u011f\u0131\u015fl\u0131, di\u011fer yerlerin az bulutlu ve a\u00e7\u0131k ge\u00e7ece\u011fi tahmin ediliyor. Ya\u011f\u0131\u015flar\u0131n; Do\u011fu Karadeniz, Do\u011fu Anadolu\u2019nun kuzeydo\u011fusu ile Bat\u0131 Akdeniz\u2019in i\u00e7 kesimlerinde yerel kuvvetli olmas\u0131 bekleniyor. R\u00fczgar\u0131n; Marmara\u2019n\u0131n g\u00fcneyi ile Kuzey ve K\u0131y\u0131 Ege\u2019de kuzeyli y\u00f6nlerden kuvvetli olarak (40-60 km\/saat) esmesi bekleniyor.<\/p>\n<p><span><strong>UYARILAR<\/strong><\/span><\/p>\n<p><strong>KUVVETL\u0130 YA\u011eI\u015e UYARISI:<\/strong> Ya\u011f\u0131\u015flar\u0131n; Do\u011fu Karadeniz, Do\u011fu Anadolu\u2019nun kuzeydo\u011fusu ile Bat\u0131 Akdeniz\u2019in i\u00e7 kesimlerinde ve Konya&#8217;n\u0131n bat\u0131 il\u00e7elerinde yerel kuvvetli olmas\u0131 beklendi\u011finden ya\u015fanabilecek olumsuzluklara kar\u015f\u0131 (sel, su bask\u0131n\u0131, ya\u011f\u0131\u015f an\u0131nda kuvvetli r\u00fczgar, ula\u015f\u0131mda aksamalar, vb) dikkatli ve tedbirli olunmal\u0131d\u0131r.<\/p>\n<p><strong>MARMARA<\/strong><\/p>\n<p>Par\u00e7al\u0131 ve az bulutlu ge\u00e7ece\u011fi tahmin ediliyor. R\u00fczgar\u0131n b\u00f6lgenin g\u00fcneybat\u0131s\u0131nda yer yer kuvvetli (40-60 km\/sa) esmesi bekleniyor.<\/p>\n<p><strong>EGE<\/strong><\/p>\n<p>Par\u00e7al\u0131, yer yer \u00e7ok bulutlu, Mu\u011fla, Denizli, U\u015fak ve Afyonkarahisar \u00e7evrelerinin yerel sa\u011fanak ve g\u00f6k g\u00fcr\u00fclt\u00fcl\u00fc sa\u011fanak ya\u011f\u0131\u015fl\u0131 ge\u00e7ece\u011fi tahmin ediliyor. R\u00fczgar\u0131n b\u00f6lgenin kuzeyinde yer yer kuvvetli (40-60 km\/sa) esmesi bekleniyor.<\/p>\n<p><strong>AKDEN\u0130Z<\/strong><\/p>\n<p>Par\u00e7al\u0131, yer yer \u00e7ok bulutlu, i\u00e7 kesimleri ile Adana, Osmaniya \u00e7evreleri ve Hatay&#8217;\u0131n bat\u0131 kesimlerinin yerel sa\u011fanak ve g\u00f6k g\u00fcr\u00fclt\u00fcl\u00fc sa\u011fanak ya\u011f\u0131\u015fl\u0131 ge\u00e7ece\u011fi tahmin ediliyor. Ya\u011f\u0131\u015flar\u0131n i\u00e7 kesimlerinde yerel kuvvetli olmas\u0131 bekleniyor.<\/p>\n<p><strong>\u0130\u00c7 ANADOLU<\/strong><\/p>\n<p>Par\u00e7al\u0131 ve yer yer \u00e7ok bulutlu, bat\u0131s\u0131 ile Kayseri, Sivas, Karaman ve Ni\u011fde \u00e7evrelerinin yerel sa\u011fanak ve g\u00f6k g\u00fcr\u00fclt\u00fcl\u00fc sa\u011fanak ya\u011f\u0131\u015fl\u0131 ge\u00e7ece\u011fi tahmin ediliyor. Ya\u011f\u0131\u015flar\u0131n Konya&#8217;n\u0131n bat\u0131 il\u00e7elerinde yerel kuvvetli olmas\u0131 bekleniyor.<\/p>\n<p><strong>BATI KARADEN\u0130Z<\/strong><\/p>\n<p>Par\u00e7al\u0131 bulutlu, Bolu \u00e7evrelerinin yerel sa\u011fanak ve g\u00f6k g\u00fcr\u00fclt\u00fcl\u00fc sa\u011fanak ya\u011f\u0131\u015fl\u0131 ge\u00e7ece\u011fi tahmin ediliyor.<\/p>\n<p><strong>ORTA ve DO\u011eU KARADEN\u0130Z<\/strong><\/p>\n<p>Par\u00e7al\u0131 ve yer yer \u00e7ok bulutlu, Do\u011fu Karadeniz ile \u00c7orum ve Ordu \u00e7evrelerinin yerel sa\u011fanak ve g\u00f6k g\u00fcr\u00fclt\u00fcl\u00fc sa\u011fanak ya\u011f\u0131\u015fl\u0131 ge\u00e7ece\u011fi tahmin ediliyor. Ya\u011f\u0131\u015flar\u0131n Do\u011fu Karadeniz&#8217;de yerel olmak \u00fczere kuvvetli olmas\u0131 bekleniyor.<\/p>\n<p><strong>DO\u011eU ANADOLU<\/strong><\/p>\n<p>Par\u00e7al\u0131 ve az bulutlu, kuzey kesimlerinin yer yer \u00e7ok bulutlu, kuzey kesimlerinin yerel sa\u011fanak ve g\u00f6k g\u00fcr\u00fclt\u00fcl\u00fc sa\u011fanak ya\u011f\u0131\u015fl\u0131 ge\u00e7ece\u011fi tahmin ediliyor. Ya\u011f\u0131\u015flar\u0131n \u00f6\u011fle saatlerinden sonra kuzeydo\u011fusunun yerel kuvvetli olmas\u0131 bekleniyor.<\/p>\n<p><strong>G\u00dcNEYDO\u011eU ANADOLU<\/strong><\/p>\n<p>Az bulutlu ve a\u00e7\u0131k, bat\u0131 kesimlerinin yer yer par\u00e7al\u0131 bulutlu ge\u00e7ece\u011fi tahmin ediliyor.<\/p>\n<p>\u00a0<\/p>\n\n<p><\/p>\n<p>Kaynak :\u00a0<span style=\"background-color: rgb(255, 249, 236); color: rgb(55, 58, 60); font-size: 14px;\">http:\/\/www.milliyet.com.tr\/gundem\/heyelan-otomobili-dereye-surukledi-anne-ve-kizi-kayboldu-meteorolojiden-yeni-uyari-7155638<\/span><\/p>\n","protected":false},"excerpt":{"rendered":"<p>Erzurum-Artvin karayolunda meydana gelen heyelan, yolda seyreden otomobili dere kenar\u0131na s\u00fcr\u00fckledi. Otomobilde bulunan anne ve k\u0131z\u0131 derede kayboldu. Meteoroloji&#8217;den 3 ile uyar\u0131 geldi.<\/p>\n","protected":false},"author":1,"featured_media":105188,"comment_status":"open","ping_status":"open","sticky":false,"template":"","format":"standard","meta":{"footnotes":""},"categories":[3],"tags":[655,205,202,204,2736],"class_list":["post-105187","post","type-post","status-publish","format-standard","has-post-thumbnail","hentry","category-guncel","tag-bati","tag-kuvvetli","tag-kuzey","tag-parcali","tag-yerel"],"_links":{"self":[{"href":"https:\/\/kamucalisani.net\/index.php\/wp-json\/wp\/v2\/posts\/105187","targetHints":{"allow":["GET"]}}],"collection":[{"href":"https:\/\/kamucalisani.net\/index.php\/wp-json\/wp\/v2\/posts"}],"about":[{"href":"https:\/\/kamucalisani.net\/index.php\/wp-json\/wp\/v2\/types\/post"}],"author":[{"embeddable":true,"href":"https:\/\/kamucalisani.net\/index.php\/wp-json\/wp\/v2\/users\/1"}],"replies":[{"embeddable":true,"href":"https:\/\/kamucalisani.net\/index.php\/wp-json\/wp\/v2\/comments?post=105187"}],"version-history":[{"count":1,"href":"https:\/\/kamucalisani.net\/index.php\/wp-json\/wp\/v2\/posts\/105187\/revisions"}],"predecessor-version":[{"id":105190,"href":"https:\/\/kamucalisani.net\/index.php\/wp-json\/wp\/v2\/posts\/105187\/revisions\/105190"}],"wp:featuredmedia":[{"embeddable":true,"href":"https:\/\/kamucalisani.net\/index.php\/wp-json\/wp\/v2\/media\/105188"}],"wp:attachment":[{"href":"https:\/\/kamucalisani.net\/index.php\/wp-json\/wp\/v2\/media?parent=105187"}],"wp:term":[{"taxonomy":"category","embeddable":true,"href":"https:\/\/kamucalisani.net\/index.php\/wp-json\/wp\/v2\/categories?post=105187"},{"taxonomy":"post_tag","embeddable":true,"href":"https:\/\/kamucalisani.net\/index.php\/wp-json\/wp\/v2\/tags?post=105187"}],"curies":[{"name":"wp","href":"https:\/\/api.w.org\/{rel}","templated":true}]}}