{"id":105221,"date":"2024-10-12T13:24:06","date_gmt":"2024-10-12T13:24:06","guid":{"rendered":"https:\/\/kamucalisani.net\/?p=105221"},"modified":"2024-10-12T13:24:06","modified_gmt":"2024-10-12T13:24:06","slug":"gareth-southgate-sanirim-bu-kupayi-almaliyiz","status":"publish","type":"post","link":"https:\/\/kamucalisani.net\/index.php\/2024\/10\/12\/gareth-southgate-sanirim-bu-kupayi-almaliyiz\/","title":{"rendered":"Gareth Southgate: San\u0131r\u0131m bu kupay\u0131 almal\u0131y\u0131z!"},"content":{"rendered":"<p><p>2024 Avrupa Futbol \u015eampiyonas\u0131 (EURO 2024) finalinde yar\u0131n \u0130spanya ile kar\u015f\u0131la\u015facak \u0130ngiltere&#8217;nin teknik direkt\u00f6r\u00fc Gareth Southgate, kazanarak \u00fclkelerine tarihi bir gece ya\u015fatmak istediklerini s\u00f6yledi.<\/p>\n<p>Gareth Southgate, kar\u015f\u0131la\u015fman\u0131n oynanaca\u011f\u0131 Berlin Olimpiyat Stad\u0131&#8217;ndaki bas\u0131n toplant\u0131s\u0131na tak\u0131m kaptan\u0131 Harry Kane ile kat\u0131ld\u0131.<\/p>\n<p>Final ma\u00e7\u0131na haz\u0131r olduklar\u0131n\u0131 belirten Southgate, &#8220;T\u00fcm oyuncular\u0131m formda. Final i\u00e7in tabii ki heyecanl\u0131y\u0131z, tak\u0131m\u0131m\u0131z turnuva boyunca muazzam bir geli\u015fim g\u00f6sterdi. Oyuncular\u0131mla \u00e7al\u0131\u015fmak bir ayr\u0131cal\u0131kt\u0131, her idmanda \u00e7ok iyi \u00e7al\u0131\u015ft\u0131lar ve kendilerini bu turnuvaya adad\u0131lar. Harika bir \u00e7al\u0131\u015fma ortam\u0131m\u0131z var. Yar\u0131n da koydu\u011fumuz hedefe ula\u015fmak i\u00e7in b\u00fcy\u00fck bir f\u0131rsat\u0131m\u0131z var. Rakiple ilgili birka\u00e7 antrenmanda \u00e7al\u0131\u015fabildik. Art\u0131k oyuncular\u0131ma final ma\u00e7\u0131yla ilgili \u00e7ok fazla bir \u015fey s\u00f6ylemeye gerek yok. Bir final i\u00e7in ekstra motivasyona gerek yoktur. Kar\u015f\u0131la\u015fman\u0131n her an\u0131n\u0131 do\u011fru oynamal\u0131 ve her k\u00fc\u00e7\u00fck ayr\u0131nt\u0131ya dikkat etmeliyiz.&#8221; ifadelerini kulland\u0131.<\/p>\n<p>T\u00fcm oyuncular\u0131n\u0131n yar\u0131nki ma\u00e7\u0131n \u00f6neminin fark\u0131nda oldu\u011funun alt\u0131n\u0131 \u00e7izen Southgate, &#8220;Yar\u0131n t\u00fcm \u00fclkemize tarihi ve \u00f6zel bir gece ya\u015fatmak istiyoruz. Peri masallar\u0131na inanm\u0131yorum ama hayallerimiz ve hedeflerimiz var. Final yine penalt\u0131lara kal\u0131r m\u0131 bilmiyorum ama her \u015feye haz\u0131rl\u0131kl\u0131 olmal\u0131y\u0131z. Turnuva boyunca \u00e7\u00f6zmemiz gereken bir\u00e7ok sorun da oldu. Sakat oyuncular\u0131m\u0131z vard\u0131. Bunlarla da ba\u015fa \u00e7\u0131kt\u0131k, geldi\u011fimiz noktadan \u00e7ok mutluyum. Geli\u015fim g\u00f6steriyoruz ama futbol d\u00fcnyas\u0131n\u0131n sayg\u0131s\u0131n\u0131 tam olarak kazanmak i\u00e7in san\u0131r\u0131m bu kupay\u0131 almal\u0131y\u0131z. Yar\u0131nla ilgili hi\u00e7bir endi\u015fem yok, \u00e7\u00fcnk\u00fc kariyerimde her \u015feyi ya\u015fad\u0131m.&#8221; \u015feklinde konu\u015ftu.<\/p>\n<p>\u0130spanya&#8217;n\u0131n \u00e7ok iyi bir ekip oldu\u011funu aktaran Southgate, &#8220;\u0130spanya iyi bask\u0131 yap\u0131yor, \u00e7ok organize bir tak\u0131m ve t\u00fcm \u0130spanyol tak\u0131mlar\u0131 gibi topa fazla sahip oluyorlar. Bu y\u00fczden biz de topa sahip olmal\u0131y\u0131z. Biz de son ma\u00e7lar\u0131m\u0131zda daha iyi oynad\u0131k, Hollanda&#8217;ya kar\u015f\u0131 da iyiydik, yar\u0131n da iyi bir ma\u00e7 \u00e7\u0131karmak istiyoruz.&#8221; de\u011ferlendirmesinde bulundu.<\/p>\n\n<p><\/p>\n<p>Kaynak :\u00a0<span style=\"background-color: rgb(255, 249, 236); color: rgb(55, 58, 60); font-size: 14px;\">http:\/\/www.milliyet.com.tr\/skorer\/gareth-southgate-sanirim-bu-kupayi-almaliyiz-7155663<\/span><\/p>\n","protected":false},"excerpt":{"rendered":"<p>\u0130ngiltere Teknik Direkt\u00f6r\u00fc Gareth Southgate, \u0130spanya ma\u00e7\u0131 \u00f6ncesi konu\u015ftu.<\/p>\n","protected":false},"author":1,"featured_media":105222,"comment_status":"open","ping_status":"open","sticky":false,"template":"","format":"standard","meta":{"footnotes":""},"categories":[7],"tags":[290,288,6729],"class_list":["post-105221","post","type-post","status-publish","format-standard","has-post-thumbnail","hentry","category-spor","tag-final","tag-mac","tag-southgate"],"_links":{"self":[{"href":"https:\/\/kamucalisani.net\/index.php\/wp-json\/wp\/v2\/posts\/105221","targetHints":{"allow":["GET"]}}],"collection":[{"href":"https:\/\/kamucalisani.net\/index.php\/wp-json\/wp\/v2\/posts"}],"about":[{"href":"https:\/\/kamucalisani.net\/index.php\/wp-json\/wp\/v2\/types\/post"}],"author":[{"embeddable":true,"href":"https:\/\/kamucalisani.net\/index.php\/wp-json\/wp\/v2\/users\/1"}],"replies":[{"embeddable":true,"href":"https:\/\/kamucalisani.net\/index.php\/wp-json\/wp\/v2\/comments?post=105221"}],"version-history":[{"count":1,"href":"https:\/\/kamucalisani.net\/index.php\/wp-json\/wp\/v2\/posts\/105221\/revisions"}],"predecessor-version":[{"id":105223,"href":"https:\/\/kamucalisani.net\/index.php\/wp-json\/wp\/v2\/posts\/105221\/revisions\/105223"}],"wp:featuredmedia":[{"embeddable":true,"href":"https:\/\/kamucalisani.net\/index.php\/wp-json\/wp\/v2\/media\/105222"}],"wp:attachment":[{"href":"https:\/\/kamucalisani.net\/index.php\/wp-json\/wp\/v2\/media?parent=105221"}],"wp:term":[{"taxonomy":"category","embeddable":true,"href":"https:\/\/kamucalisani.net\/index.php\/wp-json\/wp\/v2\/categories?post=105221"},{"taxonomy":"post_tag","embeddable":true,"href":"https:\/\/kamucalisani.net\/index.php\/wp-json\/wp\/v2\/tags?post=105221"}],"curies":[{"name":"wp","href":"https:\/\/api.w.org\/{rel}","templated":true}]}}