{"id":105286,"date":"2024-10-12T17:00:11","date_gmt":"2024-10-12T17:00:11","guid":{"rendered":"https:\/\/kamucalisani.net\/?p=105286"},"modified":"2024-10-12T17:00:11","modified_gmt":"2024-10-12T17:00:11","slug":"lamine-yamalin-inanilmaz-hayat-hikayesi-lionel-messi-kutsadi","status":"publish","type":"post","link":"https:\/\/kamucalisani.net\/index.php\/2024\/10\/12\/lamine-yamalin-inanilmaz-hayat-hikayesi-lionel-messi-kutsadi\/","title":{"rendered":"Lamine Yamal&#8217;\u0131n inan\u0131lmaz hayat hikayesi! Lionel Messi kutsad\u0131"},"content":{"rendered":"<p><p>Almanya\u2019n\u0131n ev sahipli\u011finde d\u00fczenlenen 2024 Avrupa Futbol \u015eampiyonas\u0131\u2019na damga vuran oyuncu Lamine Yamal oldu. Finale kadar gelen \u0130spanya Milli Tak\u0131m\u0131\u2019n\u0131n ba\u015far\u0131s\u0131nda \u00f6ne \u00e7\u0131kan isim olan Barcelona kul\u00fcb\u00fcn\u00fcn futbolcusu, 1 gol-3 asistle 4 gole direkt etkide bulundu.<\/p>\n<p>Yar\u0131 finalde Fransa kar\u015f\u0131s\u0131nda ma\u00e7\u0131 \u00e7eviren topu filelere g\u00f6nderdi\u011finde, sol aya\u011f\u0131yla yirmi be\u015f metreden \u00e7\u0131kard\u0131\u011f\u0131 harika \u015futla kaleciyi \u00e7aresi b\u0131rakarak Avrupa \u015fampiyonalar\u0131 tarihinde gol atan en gen\u00e7 oyuncu unvan\u0131n\u0131 elde etti. Yamal ayn\u0131 zamanda Pele\u2019nin rekorunu da k\u0131rd\u0131 ve 16 ya\u015f 362 g\u00fcnle, D\u00fcnya Kupas\u0131 ve Avrupa \u015eampiyonalar\u0131 dahil olmak \u00fczere b\u00fcy\u00fck turnuvalar tarihinde gol atan en gen\u00e7 oyuncu da olmay\u0131 ba\u015fard\u0131.<\/p>\n<p>Lamine Yamal, Fasl\u0131 bir baba ve Ekvator Gineli bir annenin \u00e7ocu\u011fu olarak Barcelona\u2019da do\u011fdu. Annesi Sheila Ebana garsonluk, babas\u0131 Mounir Nasroui badanac\u0131l\u0131k yap\u0131yordu. Ya\u015fad\u0131klar\u0131 Rocafonda bir g\u00f6\u00e7men mahallesiydi ve burada \u0130spanya \u0130statistik Kurumu verilerine g\u00f6re n\u00fcfusun yar\u0131s\u0131 yoksulluk s\u0131n\u0131r\u0131nda bulunuyordu.<\/p>\n<div>\n<div><img decoding=\"async\" src=\"https:\/\/kamucalisani.net\/wp-content\/uploads\/2024\/10\/lamine-yamalin-inanilmaz-hayat-hikayesi-lionel-messi-kutsadi-0-Jjb6ghai.jpg\"\/><\/img><\/div>\n<\/div>\n<p><strong>ALTI YA\u015eINDA KE\u015eFED\u0130LD\u0130<\/strong><\/p>\n<p>Lamine\u2019nin anne ve babas\u0131, o \u00fc\u00e7 ya\u015f\u0131ndayken ayr\u0131ld\u0131lar, ancak \u00e7ocuklu\u011fu boyunca birbirlerine yak\u0131n kald\u0131lar. Annesi ile birlikte Mataro\u2019dan Granollers\u2019e ta\u015f\u0131nd\u0131 ve d\u00f6rt ya\u015f\u0131ndayken yerel kul\u00fcp La Torreta\u2019da futbol oynamaya ba\u015flad\u0131. Anne ve babas\u0131yla vakit ge\u00e7irmek i\u00e7in s\u0131k s\u0131k iki kasaba aras\u0131nda gidip geliyordu.<\/p>\n<p>Barcelona kul\u00fcb\u00fc bu yetenekli oyuncuyu ke\u015ffetti\u011finde Yamal daha sadece 6 ya\u015f\u0131ndayd\u0131. Bir s\u00fcre denendikten sonra kul\u00fcb\u00fcn altyap\u0131s\u0131 La Masia\u2019daki antrenmanlara davet edildi. Sonunda akademiye yerle\u015fti ve Barcelona\u2019da ya\u015famaya ba\u015flad\u0131. K\u0131sa s\u00fcre \u00f6nce Bar\u00e7a ile olan s\u00f6zle\u015fmesini 2026\u2019ya kadar uzatacak ve kul\u00fcb\u00fcn bu kontrata 1 milyar euroluk bir serbest kalma maddesi koydu\u011fu da iddia edilecekti.<\/p>\n<p><strong>XAVI&#8217;DEN 15&#8217;\u0130NDE DAVET<\/strong><\/p>\n<p>Bar\u00e7a\u2019daki ikinci y\u0131l\u0131nda Albert Puig\u2019in teknik direkt\u00f6rl\u00fc\u011f\u00fcnde forma giyen Yamal, 30 ma\u00e7ta 56 gol at\u0131nca dikkatleri iyice \u00fczerine \u00e7ekti. Puig, \u201cYamal\u2019\u0131 U9\u2019larda ve daha sonra U13\u2019lerde \u00e7al\u0131\u015ft\u0131rd\u0131m. Onunla ilgili beni en \u00e7ok \u015fa\u015f\u0131rtan \u015fey, her iki ya\u015f grubunda da tak\u0131m arkada\u015flar\u0131n\u0131n geri kalan\u0131ndan \u00e7ok daha iyi olmas\u0131 de\u011fil, zaman ge\u00e7tik\u00e7e, genellikle oldu\u011fu gibi, her \u015fey dengeye gelmek yerine, Lamine\u2019in daha da \u00f6ne \u00e7\u0131kmas\u0131yd\u0131\u201d diyerek oyuncusunun geli\u015fimini anlat\u0131yor.<\/p>\n<p>Gel zaman git zaman kahraman\u0131m\u0131z akademinin gelecek vaat eden en \u00f6nemli ismi olarak g\u00f6r\u00fclmesiyle, 2022-23 sezonunda a tak\u0131ma dahil edilir. Hen\u00fcz 15 ya\u015f\u0131nda olmas\u0131na kar\u015f\u0131n 2022\u2019in eyl\u00fcl ay\u0131nda teknik direkt\u00f6r Xavi\u2019nin davetiyle a tak\u0131mda ilk antrenmanlara \u00e7\u0131kmaya ba\u015flar. 2023 Nisan\u2019\u0131nda LaLiga\u2019daki Real Betis ma\u00e7\u0131nda sonradan oyuna girerek, Barcelona formas\u0131n\u0131 ilk kez bir resmi ma\u00e7ta s\u0131rt\u0131na ge\u00e7irir. 2023-24 sezonuyla birlikteyse tak\u0131m\u0131n vazge\u00e7ilmezi haline gelir, sezonu t\u00fcm kulvarlarda 7 gol, 10 asist ile tamamlar.<\/p>\n<p><strong>EN \u0130Y\u0130DE SE\u00c7\u0130M G\u00dcN\u00dc<\/strong><\/p>\n<p>Kul\u00fcpte r\u00fc\u015ft\u00fcn\u00fc ispat eden oyuncu i\u00e7in s\u0131ra, ayn\u0131 ba\u015far\u0131y\u0131 milli tak\u0131mda da g\u00f6stermeye gelmi\u015ftir. 2022 D\u00fcnya Kupas\u0131\u2019nda \u0130spanya\u2019y\u0131 eleyerek \u00e7eyrek finale y\u00fckselen Fas Milli Tak\u0131m\u0131\u2019n\u0131 se\u00e7me hakk\u0131 bulunmaktad\u0131r ancak Bo\u011falar elini \u00e7abuk tutarak oyuncuyu ba\u015fka bir tak\u0131ma kapt\u0131rmak istememektedir. \u0130spanya\u2019y\u0131 tercih eden Yamal, Avrupa \u015eampiyonas\u0131 elemelerinde iki golle tak\u0131m\u0131na katk\u0131 sunduktan sonra teredd\u00fcts\u00fcz EURO 2024 kadrosuna da davet edilir. \u00dclkenin gen\u00e7 milli tak\u0131mlar\u0131n\u0131 da uzun s\u00fcre \u00e7al\u0131\u015ft\u0131ran teknik direkt\u00f6r De La Fuente ilk ma\u00e7tan itibaren kendisini ilk 11\u2019de de\u011ferlendirmeye ba\u015flar ve gen\u00e7 y\u0131ld\u0131z\u0131n Almanya\u2019daki resitalinin \u00f6n\u00fcn\u00fc a\u00e7ar.<\/p>\n<p>Bu gece Berlin\u2019deki dev finalini izleyece\u011fimiz Avrupa Futbol \u015eampiyonas\u0131\u2019nda, futbol tarihlerinin belki de en \u00f6nemli ma\u00e7\u0131nda \u0130ngilizler, bir ilki ba\u015farmalar\u0131n\u0131n \u00f6n\u00fcndeki en \u00f6nemli engellerinden birinin 17 ya\u015f\u0131ndaki bir velet olaca\u011f\u0131n\u0131 \u00f6nceden s\u00f6yleseler herhalde inanmazlard\u0131. Yamal\u2019\u0131n taraf\u0131ndan ise bu kar\u015f\u0131la\u015fma, tak\u0131m\u0131n\u0131n kupaya uzanma m\u00fccadelesi olmas\u0131n\u0131n yan\u0131nda, kendisinin turnuvan\u0131n \u2018en iyi oyuncusu\u2019 mu, yoksa \u2018en iyi gen\u00e7 oyuncusu\u2019 mu se\u00e7ilece\u011fi sorusunun yan\u0131t bulaca\u011f\u0131 tarihi bir bulu\u015fma olacak.<\/p>\n<p><strong>&#8220;\u0130ZLEY\u0130N&#8221; DED\u0130LER, G\u00d6ZLER\u0130YLE G\u00d6RD\u00dcLER<\/strong><\/p>\n<p>Lamine Yamal\u2019\u0131n, alt\u0131 ya\u015f\u0131ndayken Barcelona kul\u00fcb\u00fc taraf\u0131ndan ke\u015ffedilmesi, yerel bir g\u00f6zlemcinin kendisini Katalan ekibine tavsiye etmesiyle ger\u00e7ekle\u015fiyor. La Masia akademisinin eski direkt\u00f6r\u00fc Jordi Roura o d\u00f6nemki geli\u015fmeleri \u015f\u00f6yle aktar\u0131yor:<\/p>\n<p>&#8220;Bize ya\u015f grubundaki herkesten farkl\u0131 olan bir \u00e7ocuktan bahsettiler ve onu takip etmemizi \u00f6nerdiler. Birka\u00e7 g\u00fcn sonra, raporlar\u0131 okuduktan sonra, Lamine ve di\u011fer birka\u00e7 \u00e7ocu\u011fu tesislerimizde bir ma\u00e7 oynamaya davet ettik ve onlar\u0131 yak\u0131ndan g\u00f6rmek istedik. \u0130yi bir top kontrol\u00fcne, \u00e7ok fazla h\u0131za sahipti ve uygulamas\u0131 \u00e7ok iyiydi. Ona yat\u0131r\u0131m yapmaya de\u011fer oldu\u011funa karar verdik.&#8221;<\/p>\n<div>\n<div><img decoding=\"async\" src=\"https:\/\/kamucalisani.net\/wp-content\/uploads\/2024\/10\/lamine-yamalin-inanilmaz-hayat-hikayesi-lionel-messi-kutsadi-1-gnL9hzg3.jpg\"\/><\/img><\/div>\n<\/div>\n<p><strong>DAHA ON YED\u0130YM\u0130\u015e!<\/strong><\/p>\n<p>Avrupa \u015fampiyonas\u0131n\u0131n y\u0131ld\u0131z\u0131 haline gelen futbolcu hen\u00fcz d\u00fcne kadar on alt\u0131 ya\u015f\u0131ndayd\u0131. 13 Temmuz 2007 do\u011fumlu olan Lamine Yamal, do\u011fum g\u00fcn\u00fcn\u00fc d\u00fcn kutlad\u0131. Almanya\u2019da milli tak\u0131m kamp\u0131nda kendisi i\u00e7in haz\u0131rlanan pastay\u0131 kesen oyuncu, yeni ya\u015f\u0131na tak\u0131m arkada\u015flar\u0131n\u0131n alk\u0131\u015flar\u0131 e\u015fli\u011finde girdi. Kritik final ma\u00e7\u0131 \u00f6ncesinde 16 ya\u015f\u0131ndan 17\u2019sine ayak basan oyuncu d\u00fczenlenen kutlamayla b\u00fcy\u00fck bir mutluluk ya\u015fad\u0131.<\/p>\n<p>\u0130spanya Futbol Federasyonu, Barcelona Kul\u00fcb\u00fc ve UEFA\u2019n\u0131n resmi hesaplar\u0131 ba\u015fta olmak \u00fczere bir \u00e7ok kul\u00fcp, kurum ve kurulu\u015ftan kutlama mesajlar\u0131 ya\u011fd\u0131. \u0130spanya\u2019n\u0131n \u00f6nde gelen gazeteleri kapak sayfalar\u0131n\u0131 yeni y\u0131ld\u0131z\u0131n do\u011fum g\u00fcn\u00fcne ay\u0131rd\u0131. Yamal \u2018Turnuvadan \u00f6nce tak\u0131m\u0131n potansiyeline g\u00fcvendi\u011fimizi ve favori oldu\u011fumuzu s\u00f6ylemi\u015ftik. \u0130lk be\u015fe giremeyece\u011fimizi s\u00f6yleyenler oldu, bu tam bir \u00e7\u0131lg\u0131nl\u0131kt\u0131\u201d dedi.<\/p>\n<p><strong>\u00dc\u00c7 BAYRAK, \u00dc\u00c7 VATAN<\/strong><\/p>\n<p>Lamine Yamal, Katalonya\u2019da yeti\u015fti\u011fi mahallesi kadar ailesinin k\u00f6kenlerine de ba\u011fl\u0131l\u0131k duyan bir evlat. Barcelona formas\u0131yla sahaya \u00e7\u0131kt\u0131\u011f\u0131 ma\u00e7larda, futbolcunun kramponlar\u0131nda \u00fc\u00e7 \u00fclkenin bayra\u011f\u0131 olmas\u0131 dikkat \u00e7ekiyor. Do\u011fdu\u011fu yer olan \u0130spanya, annesinin memleketi Ekvator Ginesi ve babas\u0131n\u0131n \u00fclkesi Fas\u2019\u0131n bayraklar\u0131n\u0131 ta\u015f\u0131yor.<\/p>\n<p><strong>ROCAFONDA&#8217;YA 304 SELAMI<\/strong><\/p>\n<p>Lamine Yamal gol att\u0131ktan sonra elleriyle 304 numaras\u0131n\u0131 g\u00f6sterdi\u011fi bir kutlama yap\u0131yor. Bu numara, kendisinin b\u00fcy\u00fcd\u00fc\u011f\u00fc Rocafonda mahallesinin posta kodunun son \u00fc\u00e7 rakam\u0131&#8230; Asl\u0131nda gen\u00e7 futbolcu her gol sevincinde yeti\u015fti\u011fi bu muhite bir selam g\u00f6nderiyor. Bu y\u00fczden bu hareket mahallesinde son d\u00f6nemlerde trend olmu\u015f durumda&#8230; \u00c7ocuklar da sokakta att\u0131klar\u0131 gollerden sonra bu sevinci yap\u0131yor ve mahallede bir \u00e7ok yerde yap\u0131lan yaz\u0131lamalarda bu rakamlara rastlan\u0131yor.<\/p>\n<div>\n<div><img decoding=\"async\" src=\"https:\/\/kamucalisani.net\/wp-content\/uploads\/2024\/10\/lamine-yamalin-inanilmaz-hayat-hikayesi-lionel-messi-kutsadi-2-SVg9cQ2f.jpg\"\/><\/img><\/div>\n<\/div>\n<p><strong>MESSI KUTSADI<\/strong><\/p>\n<p>Lionel Messi 20 ya\u015f\u0131ndayken bir yard\u0131m kurulu\u015funun takvim \u00e7ekimlerine kat\u0131l\u0131r. Camp Nou\u2019nun soyunma odas\u0131ndaki \u00e7ekimler i\u00e7in futbolcular ile kat\u0131l\u0131mc\u0131 bebekler e\u015fle\u015ftirilir ve Messi\u2019ye o d\u00f6nem alt\u0131 ayl\u0131k olan Lamine Yamal d\u00fc\u015fer&#8230; Bar\u00e7a\u2019n\u0131n o d\u00f6nemki y\u0131ld\u0131z\u0131n\u0131n, ilerde kendisi gibi gen\u00e7 ya\u015f\u0131nda bir y\u0131ld\u0131z olacak bir futbolcuyu k\u00fcvette y\u0131kamas\u0131 \u2018Messi taraf\u0131ndan vaftiz edildi\u2019 yorumlar\u0131n\u0131 beraberinde getirirken, kimilerine g\u00f6reyse 17 ya\u015f\u0131ndaki oyuncunun ba\u015far\u0131s\u0131n\u0131n b\u00f6yle bir isim taraf\u0131ndan \u2018kutsanmas\u0131\u2019 ile m\u00fcmk\u00fcn oldu\u011fu \u015feklinde de\u011ferlendirilir.<\/p>\n<p><strong>\u00d6DEVLER\u0130N\u0130 \u0130HMAL ETM\u0130YOR<\/strong><\/p>\n<p>\u0130spanya\u2019da 6-16 ya\u015f aras\u0131ndakiler i\u00e7in zorunlu e\u011fitim var. Orta \u00f6\u011fretim \u00f6\u011frencisi olan Lamine Yamal da bu zorunlu safhan\u0131n son senesinde bulunuyor. Avrupa \u015fampiyonas\u0131ndaki bir y\u0131ld\u0131z futbolcunun, turnuva s\u0131ras\u0131nda ayn\u0131 zamanda ders \u00e7al\u0131\u015ft\u0131\u011f\u0131na inanmak hayli g\u00fc\u00e7 ama bu bir ger\u00e7ek. \u00c7\u00fcnk\u00fc Yamal \u00f6\u011fretmeni taraf\u0131ndan kendisine verilen ev \u00f6devlerini de beraberinde Almanya\u2019ya getirmi\u015f.<\/p>\n<div>\n<div><img decoding=\"async\" src=\"https:\/\/kamucalisani.net\/wp-content\/uploads\/2024\/10\/lamine-yamalin-inanilmaz-hayat-hikayesi-lionel-messi-kutsadi-3-QPhGOJjG.jpg\"\/><\/img><\/div>\n<\/div>\n<p><strong>LA MASIA&#8217;DA SEVG\u0130 SEL\u0130<\/strong><\/p>\n<p>Lamine Yamal Barcelona\u2019n\u0131n alt yap\u0131 tesislerinde yat\u0131l\u0131 olarak kal\u0131yor. Kul\u00fcp kurallar\u0131 kendisi i\u00e7in bir nebze esnetilmi\u015f \u00e7\u00fcnk\u00fc asl\u0131nda La Masia\u2019da yat\u0131l\u0131 kalmas\u0131na izin verilen gen\u00e7ler, Katalonya d\u0131\u015f\u0131ndan gelen futbolcular oluyor. Bar\u00e7a\u2019n\u0131n rezidans\u0131nda Yamal, iyi huylu yap\u0131s\u0131yla \u00e7ok seviliyor. Al\u00e7akg\u00f6n\u00fcll\u00fcl\u00fc\u011f\u00fc ve utanga\u00e7l\u0131\u011f\u0131 burada \u00f6ne \u00e7\u0131ksa da esprileriyle de tan\u0131nd\u0131\u011f\u0131 ve herkesle iyi ge\u00e7indi\u011fi belirtiliyor.<\/p>\n\n<p><\/p>\n<p>Kaynak :\u00a0<span style=\"background-color: rgb(255, 249, 236); color: rgb(55, 58, 60); font-size: 14px;\">http:\/\/www.milliyet.com.tr\/skorer\/lamine-yamalin-inanilmaz-hayat-hikayesi-lionel-messi-kutsadi-7155655<\/span><\/p>\n","protected":false},"excerpt":{"rendered":"<p>EURO 2024\u2019e damga vuran Lamine Yamal d\u00fcn on yedi ya\u015f\u0131na girdi. Barcelona\u2019n\u0131n en yoksul mahallesinden yeti\u015fen g\u00f6\u00e7men \u00e7ocu\u011fu, bir ayd\u0131r s\u00fcren turnuva boyunca bir y\u0131la denk geli\u015fim g\u00f6sterdi. Her milletten futbolsever, izlemekten keyif ald\u0131\u011f\u0131 gen\u00e7 y\u0131ld\u0131z\u0131n do\u011fum g\u00fcn\u00fcn\u00fc kutlad\u0131.<\/p>\n","protected":false},"author":1,"featured_media":105287,"comment_status":"open","ping_status":"open","sticky":false,"template":"","format":"standard","meta":{"footnotes":""},"categories":[7],"tags":[949,1707,289,967,226],"class_list":["post-105286","post","type-post","status-publish","format-standard","has-post-thumbnail","hentry","category-spor","tag-futbol","tag-gel","tag-gol","tag-oyuncu","tag-yas"],"_links":{"self":[{"href":"https:\/\/kamucalisani.net\/index.php\/wp-json\/wp\/v2\/posts\/105286","targetHints":{"allow":["GET"]}}],"collection":[{"href":"https:\/\/kamucalisani.net\/index.php\/wp-json\/wp\/v2\/posts"}],"about":[{"href":"https:\/\/kamucalisani.net\/index.php\/wp-json\/wp\/v2\/types\/post"}],"author":[{"embeddable":true,"href":"https:\/\/kamucalisani.net\/index.php\/wp-json\/wp\/v2\/users\/1"}],"replies":[{"embeddable":true,"href":"https:\/\/kamucalisani.net\/index.php\/wp-json\/wp\/v2\/comments?post=105286"}],"version-history":[{"count":1,"href":"https:\/\/kamucalisani.net\/index.php\/wp-json\/wp\/v2\/posts\/105286\/revisions"}],"predecessor-version":[{"id":105292,"href":"https:\/\/kamucalisani.net\/index.php\/wp-json\/wp\/v2\/posts\/105286\/revisions\/105292"}],"wp:featuredmedia":[{"embeddable":true,"href":"https:\/\/kamucalisani.net\/index.php\/wp-json\/wp\/v2\/media\/105287"}],"wp:attachment":[{"href":"https:\/\/kamucalisani.net\/index.php\/wp-json\/wp\/v2\/media?parent=105286"}],"wp:term":[{"taxonomy":"category","embeddable":true,"href":"https:\/\/kamucalisani.net\/index.php\/wp-json\/wp\/v2\/categories?post=105286"},{"taxonomy":"post_tag","embeddable":true,"href":"https:\/\/kamucalisani.net\/index.php\/wp-json\/wp\/v2\/tags?post=105286"}],"curies":[{"name":"wp","href":"https:\/\/api.w.org\/{rel}","templated":true}]}}