{"id":105636,"date":"2024-10-13T10:48:05","date_gmt":"2024-10-13T10:48:05","guid":{"rendered":"https:\/\/kamucalisani.net\/?p=105636"},"modified":"2024-10-13T10:48:05","modified_gmt":"2024-10-13T10:48:05","slug":"samsunsporda-okan-kocuk-ve-dimatadan-iddiali-sozler","status":"publish","type":"post","link":"https:\/\/kamucalisani.net\/index.php\/2024\/10\/13\/samsunsporda-okan-kocuk-ve-dimatadan-iddiali-sozler\/","title":{"rendered":"Samsunspor&#8217;da Okan Kocuk ve Dimata&#8217;dan iddial\u0131 s\u00f6zler"},"content":{"rendered":"<p><p>Trendyol S\u00fcper Lig ekiplerinden Samsunspor&#8217;un oyuncusu Landry Dimata ve kaleci Okan Kocuk, yeni sezonda daha iyi bir tak\u0131m olacaklar\u0131na inan\u0131yor.<\/p>\n<p>Sezon haz\u0131rl\u0131klar\u0131n\u0131 Kayseri&#8217;deki Erciyes Y\u00fcksek \u0130rtifa Kamp Merkezi&#8217;nde s\u00fcrd\u00fcren k\u0131rm\u0131z\u0131-beyazl\u0131 ekibin deneyimli file bek\u00e7isi Okan Kocuk, AA muhabirine yapt\u0131\u011f\u0131 a\u00e7\u0131klamada, haz\u0131rl\u0131k kamp\u0131nda her \u015feyin yolunda gitti\u011fini s\u00f6yledi. Yo\u011fun bir kamp d\u00f6nemi ge\u00e7irdiklerini vurgulayan Kocuk, &#8220;Sezona haz\u0131r olabilmek i\u00e7in kamp s\u00fcresini verimli ge\u00e7irmek istiyoruz. Tak\u0131mda aile havas\u0131 var. Tak\u0131m\u0131n b\u00fcy\u00fck \u00e7o\u011funlu\u011fu ge\u00e7en sezondan birlikte oldu\u011fumuz arkada\u015flar. Kadroya altyap\u0131dan dahil olan arkada\u015flar\u0131m\u0131z da ellerinden geleni yap\u0131yorlar.&#8221; dedi. Kocuk, Samsunspor&#8217;un transfer tahtas\u0131n\u0131n kapal\u0131 olmas\u0131n\u0131n hem avantajl\u0131 hem de dezavantaj\u0131 y\u00f6nlerinin bulundu\u011funu, bu durumun sonu\u00e7lar\u0131n\u0131 zaman\u0131n g\u00f6sterece\u011fini belirtti. Yeni bir teknik direkt\u00f6rle sezona haz\u0131rland\u0131klar\u0131n\u0131 an\u0131msatan Kocuk, \u015funlar\u0131 kaydetti: &#8220;Lig fikst\u00fcr\u00fc \u00e7ekildi. Fikst\u00fcr\u00fcn bizim i\u00e7in avantaj\u0131 ya da dezavantaj\u0131 yok. Sahada yapaca\u011f\u0131m\u0131z i\u015f kadar iyi ya da k\u00f6t\u00fc olacak. Biz i\u00e7 sahada taraftar\u0131m\u0131z\u0131n yan\u0131nda her zaman \u00e7ok iyi m\u00fccadele ettik. Bu sene de b\u00f6yle olaca\u011f\u0131n\u0131 d\u00fc\u015f\u00fcn\u00fcyorum. Bu sezon ge\u00e7en seneden daha iyi bir Samsunspor izlettirece\u011fiz. Taraftar\u0131m\u0131z bizi ge\u00e7en sezon muhte\u015fem destekledi. T\u00fcrkiye&#8217;deki seyirci say\u0131s\u0131nda belki de b\u00fcy\u00fck tak\u0131mlardan sonra Samsunspor geliyor. Bu sene de onlara \u00e7ok ihtiyac\u0131m\u0131z olacak. Onlar bizim itici g\u00fcc\u00fcm\u00fcz. Onlar\u0131 ilk ma\u00e7\u0131m\u0131z olan Be\u015fikta\u015f kar\u015f\u0131la\u015fmas\u0131nda yerlerinde g\u00f6rmek istiyoruz.&#8221;<\/p>\n<p><strong>Dimata: Tak\u0131m\u0131n \u00f6nemli bir oyuncusu haline gelmek istiyorum<\/strong><\/p>\n<p>Tak\u0131ma ge\u00e7en sezon ba\u015f\u0131nda kat\u0131lan Landry Dimata da Samsunspor&#8217;un daha iyi yerlere gelmesi i\u00e7in elinden geleni yapt\u0131\u011f\u0131 s\u00f6yledi. \u0130lk y\u0131l\u0131nda 21 resmi ma\u00e7a \u00e7\u0131kan ve 2 kez rakip a\u011flar\u0131 havaland\u0131ran Dimata, &#8220;Ge\u00e7en sezondan daha fazla forma \u015fans\u0131 bulmak istiyorum. Bu benim i\u00e7in \u00e7ok \u00f6nemli. Tak\u0131m\u0131n \u00f6nemli bir oyuncusu haline gelmek istiyorum. Tak\u0131m arkada\u015flar\u0131ma ve tak\u0131m\u0131n ba\u015far\u0131s\u0131na yard\u0131mc\u0131 olmak istiyorum. Tak\u0131m\u0131n ba\u015far\u0131l\u0131 olmas\u0131 tabi ki beni mutlu eder. Her \u015feyden \u00f6nce futboldan zevk almak gerekiyor. Ben de zevk veren bir oyunun par\u00e7as\u0131 olmak istiyorum.&#8221; ifadelerini kulland\u0131.<\/p>\n<p>Erciyes Y\u00fcksek \u0130rtifa Kamp Merkezi&#8217;nde t\u00fcm \u015fartlar\u0131n antrenman yapmak i\u00e7in uygun oldu\u011funu vurgulayan Dimata, &#8220;Burada olmaktan dolay\u0131 \u00e7ok mutluyum. Buras\u0131 kamp i\u00e7in ideal bir yer. Sahalar, tesisler, hava s\u0131cakl\u0131\u011f\u0131 antrenman i\u00e7in \u00e7ok iyi. S\u00fcper Lig&#8217;deki ikinci y\u0131l\u0131m\u0131za haz\u0131rlan\u0131yoruz. Yeni bir hocam\u0131z var. \u00c7al\u0131\u015fmalar\u0131m\u0131za onunla devam ediyoruz. Tutkulu bir tak\u0131m olmak istiyoruz. Ge\u00e7en sene iyi bir sezon ge\u00e7irdik. Ondan daha iyi bir sezon ge\u00e7irmek i\u00e7in \u00e7al\u0131\u015f\u0131yoruz.&#8221; \u015feklinde konu\u015ftu.<\/p>\n\n<p><\/p>\n<p>Kaynak :\u00a0<span style=\"background-color: rgb(255, 249, 236); color: rgb(55, 58, 60); font-size: 14px;\">http:\/\/www.milliyet.com.tr\/skorer\/samsunsporda-okan-kocuk-ve-dimatadan-iddiali-sozler-7155839<\/span><\/p>\n","protected":false},"excerpt":{"rendered":"<p>Sezon haz\u0131rl\u0131klar\u0131n\u0131 Kayseri&#8217;de s\u00fcrd\u00fcren Karadeniz ekibinde deneyimli kaleci Okan Kocuk ve Landry Dimata iddial\u0131 a\u00e7\u0131klamalarda bulundu.<\/p>\n","protected":false},"author":1,"featured_media":105637,"comment_status":"open","ping_status":"open","sticky":false,"template":"","format":"standard","meta":{"footnotes":""},"categories":[7],"tags":[6966,2403,2159,256,263],"class_list":["post-105636","post","type-post","status-publish","format-standard","has-post-thumbnail","hentry","category-spor","tag-istiyorum","tag-kamp","tag-samsunspor","tag-sezon","tag-takim"],"_links":{"self":[{"href":"https:\/\/kamucalisani.net\/index.php\/wp-json\/wp\/v2\/posts\/105636","targetHints":{"allow":["GET"]}}],"collection":[{"href":"https:\/\/kamucalisani.net\/index.php\/wp-json\/wp\/v2\/posts"}],"about":[{"href":"https:\/\/kamucalisani.net\/index.php\/wp-json\/wp\/v2\/types\/post"}],"author":[{"embeddable":true,"href":"https:\/\/kamucalisani.net\/index.php\/wp-json\/wp\/v2\/users\/1"}],"replies":[{"embeddable":true,"href":"https:\/\/kamucalisani.net\/index.php\/wp-json\/wp\/v2\/comments?post=105636"}],"version-history":[{"count":1,"href":"https:\/\/kamucalisani.net\/index.php\/wp-json\/wp\/v2\/posts\/105636\/revisions"}],"predecessor-version":[{"id":105638,"href":"https:\/\/kamucalisani.net\/index.php\/wp-json\/wp\/v2\/posts\/105636\/revisions\/105638"}],"wp:featuredmedia":[{"embeddable":true,"href":"https:\/\/kamucalisani.net\/index.php\/wp-json\/wp\/v2\/media\/105637"}],"wp:attachment":[{"href":"https:\/\/kamucalisani.net\/index.php\/wp-json\/wp\/v2\/media?parent=105636"}],"wp:term":[{"taxonomy":"category","embeddable":true,"href":"https:\/\/kamucalisani.net\/index.php\/wp-json\/wp\/v2\/categories?post=105636"},{"taxonomy":"post_tag","embeddable":true,"href":"https:\/\/kamucalisani.net\/index.php\/wp-json\/wp\/v2\/tags?post=105636"}],"curies":[{"name":"wp","href":"https:\/\/api.w.org\/{rel}","templated":true}]}}