{"id":105737,"date":"2024-10-13T16:12:09","date_gmt":"2024-10-13T16:12:09","guid":{"rendered":"https:\/\/kamucalisani.net\/?p=105737"},"modified":"2024-10-13T16:12:09","modified_gmt":"2024-10-13T16:12:09","slug":"besiktasta-immobileden-icardi-cevabi-rekabet-olacak","status":"publish","type":"post","link":"https:\/\/kamucalisani.net\/index.php\/2024\/10\/13\/besiktasta-immobileden-icardi-cevabi-rekabet-olacak\/","title":{"rendered":"Be\u015fikta\u015f&#8217;ta Immobile&#8217;den Icardi cevab\u0131! &#8216;Rekabet olacak&#8217;"},"content":{"rendered":"<p><p>Be\u015fikta\u015f&#8217;ta Futbol \u015eube Sorumlusu Feyyaz U\u00e7ar, Asba\u015fkan H\u00fcseyin Y\u00fccel ve yeni transfer Ciro Immobile, bas\u0131n toplant\u0131s\u0131 d\u00fczenledi.<\/p>\n<p><strong>Y\u00dcCEL: LAZIO \u0130LE 48 SAAT PAZARLIK YAPTIK<\/strong><br \/>Asba\u015fkan H\u00fcseyin Y\u00fccel \u015funlar\u0131 s\u00f6yledi: Lazio ile 48 saat boyunca pazarl\u0131k yapt\u0131k. \u0130lk s\u00f6yledikleriyle son s\u00f6yledikleri uyu\u015fmasa bile Immobile fedakarl\u0131k yaparak Be\u015fikta\u015f&#8217;a gelmek istedi\u011fini s\u00f6yledi ve son noktay\u0131 koydu.\u00a0<\/p>\n<p><strong>YABANCI SAYISINI 12&#8217;YE D\u00dc\u015e\u00dcRMEK ZORUNDAYIZ<\/strong><br \/>Transferde \u015fu anda bir es verme zaman\u0131 geldi. \u00c7\u00fcnk\u00fc yabanc\u0131 oyuncu say\u0131s\u0131n\u0131 planlamak gerekiyor. 19 yabanc\u0131 oldu. Bunu 12&#8217;ye d\u00fc\u015f\u00fcrmek zorunday\u0131z. 1 ay daha s\u00fcremiz var. Hi\u00e7 kimse \u015f\u00fcphe etmesin. Transferlerimiz \u00e7ok iyi. Biz bu yolda \u00e7al\u0131\u015fmaya devam edece\u011fiz.&#8221;<\/p>\n<p>&#8220;Kamp\u0131n sonunda hocam\u0131zdan alaca\u011f\u0131m\u0131z rapor do\u011frultusunda hem gidecek hem kalacak hem de takviye gerekirse, o rapora g\u00f6re tak\u0131m\u0131m\u0131z\u0131 tamamlay\u0131p yola\u00a0devam\u00a0edece\u011fiz.&#8221;<\/p>\n<p><strong>IMMOBILE: KEND\u0130M\u0130 \u00d6NEML\u0130 H\u0130SSETT\u0130M<br \/><\/strong>Siyah-beyazl\u0131 tak\u0131m\u0131n golc\u00fcs\u00fc ise transfer i\u00e7in \u015funlar\u0131 s\u00f6yledi: &#8220;Say\u0131n ba\u015fkan\u0131m\u0131za, t\u00fcm y\u00f6netime te\u015fekk\u00fcr ederim. \u00c7ok mutluyum. Kariyerimde yeni bir sayfa a\u00e7\u0131yorum. 8 senelik Lazio maceras\u0131ndan sonra yeni bir sayfa a\u00e7mak i\u00e7in buraday\u0131m. Beni \u00e7ok fazla isteyen bir tak\u0131m oldu\u011funu g\u00f6rd\u00fcm ve kendimi \u00f6nemli hissettim. Lazio&#8217;ya da te\u015fekk\u00fcr etmek istiyorum. Yeni bir maceraya ba\u015fl\u0131yorum. \u00d6nemli i\u015fler yapmay\u0131 umuyoruz. Bu sezona \u00e7ok istekli ba\u015flayaca\u011f\u0131z. Taraftar\u0131 mutlu etmeye \u00e7al\u0131\u015faca\u011f\u0131z. Taraftara ilgilerinden dolay\u0131 \u00e7ok te\u015fekk\u00fcr ederim. Onlar i\u00e7in elimden geleni yapaca\u011f\u0131m. Ma\u00e7 sonunda formam\u0131n terli oldu\u011funu onlara g\u00f6sterece\u011fim&#8221;<\/p>\n<p><strong>ICARDI \u0130LE ARAMIZDA B\u0130R REKABET OLACAK<\/strong><br \/>Icardi, Mertens ve Dzeko \u00f6nemli oyuncular. Aram\u0131zda bir rekabet elbette olacak. Onlar\u0131n \u00f6n\u00fcnde olmak istiyoruz.<\/p>\n<p>\u00a0<\/p>\n\n<p><\/p>\n<p>Kaynak :\u00a0<span style=\"background-color: rgb(255, 249, 236); color: rgb(55, 58, 60); font-size: 14px;\">http:\/\/www.milliyet.com.tr\/skorer\/besiktasta-immobileden-icardi-cevabi-rekabet-olacak-7155889<\/span><\/p>\n","protected":false},"excerpt":{"rendered":"<p>Be\u015fikta\u015f&#8217;ta Futbol \u015eube Sorumlusu Feyyaz U\u00e7ar, Asba\u015fkan H\u00fcseyin Y\u00fccel ve yeni transfer Ciro Immobile, bas\u0131n toplant\u0131s\u0131nda a\u00e7\u0131klamalarda bulundu. Immobile, Icardi ile ilgili gelen soruya cevap verdi.<\/p>\n","protected":false},"author":1,"featured_media":105738,"comment_status":"open","ping_status":"open","sticky":false,"template":"","format":"standard","meta":{"footnotes":""},"categories":[7],"tags":[5774],"class_list":["post-105737","post","type-post","status-publish","format-standard","has-post-thumbnail","hentry","category-spor","tag-soyledi"],"_links":{"self":[{"href":"https:\/\/kamucalisani.net\/index.php\/wp-json\/wp\/v2\/posts\/105737","targetHints":{"allow":["GET"]}}],"collection":[{"href":"https:\/\/kamucalisani.net\/index.php\/wp-json\/wp\/v2\/posts"}],"about":[{"href":"https:\/\/kamucalisani.net\/index.php\/wp-json\/wp\/v2\/types\/post"}],"author":[{"embeddable":true,"href":"https:\/\/kamucalisani.net\/index.php\/wp-json\/wp\/v2\/users\/1"}],"replies":[{"embeddable":true,"href":"https:\/\/kamucalisani.net\/index.php\/wp-json\/wp\/v2\/comments?post=105737"}],"version-history":[{"count":1,"href":"https:\/\/kamucalisani.net\/index.php\/wp-json\/wp\/v2\/posts\/105737\/revisions"}],"predecessor-version":[{"id":105739,"href":"https:\/\/kamucalisani.net\/index.php\/wp-json\/wp\/v2\/posts\/105737\/revisions\/105739"}],"wp:featuredmedia":[{"embeddable":true,"href":"https:\/\/kamucalisani.net\/index.php\/wp-json\/wp\/v2\/media\/105738"}],"wp:attachment":[{"href":"https:\/\/kamucalisani.net\/index.php\/wp-json\/wp\/v2\/media?parent=105737"}],"wp:term":[{"taxonomy":"category","embeddable":true,"href":"https:\/\/kamucalisani.net\/index.php\/wp-json\/wp\/v2\/categories?post=105737"},{"taxonomy":"post_tag","embeddable":true,"href":"https:\/\/kamucalisani.net\/index.php\/wp-json\/wp\/v2\/tags?post=105737"}],"curies":[{"name":"wp","href":"https:\/\/api.w.org\/{rel}","templated":true}]}}