{"id":105963,"date":"2024-10-14T03:12:06","date_gmt":"2024-10-14T03:12:06","guid":{"rendered":"https:\/\/kamucalisani.net\/?p=105963"},"modified":"2024-10-14T03:12:06","modified_gmt":"2024-10-14T03:12:06","slug":"galatasarayda-dries-mertensten-michy-batshuayi-itirafi-kimseyi-incitmek-istemedi","status":"publish","type":"post","link":"https:\/\/kamucalisani.net\/index.php\/2024\/10\/14\/galatasarayda-dries-mertensten-michy-batshuayi-itirafi-kimseyi-incitmek-istemedi\/","title":{"rendered":"Galatasaray&#8217;da Dries Mertens&#8217;ten Michy Batshuayi itiraf\u0131! &#8216;Kimseyi incitmek istemedi&#8217;"},"content":{"rendered":"<p><p>Avusturya&#8217;daki kamp\u0131nda h\u0131z kesmeyen Galatasaray&#8217;da Bel\u00e7ikal\u0131 y\u0131ld\u0131z Dries Mertens suskunlu\u011funu bozdu. Tecr\u00fcbeli futbolcu, vatanda\u015f\u0131 Michy Batshuayi&#8217;nin Fenerbah\u00e7e&#8217;den ayr\u0131ld\u0131ktan sonra Galatasaray&#8217;a imza atmas\u0131n\u0131 de\u011ferlendirdi.<\/p>\n<p>Michy Batshuayi ile transfer s\u00fcrecinde konu\u015fmad\u0131\u011f\u0131n\u0131 belirten Dries Mertens, &#8220;Hay\u0131r! Sadece haberleri g\u00f6rd\u00fcm. Kendisine mesaj att\u0131m; &#8216;Geliyor musun?&#8217; diye sordum. Geldi\u011fi i\u00e7in \u00e7ok mutluyum. Ge\u00e7en sezon iyi i\u015f \u00e7\u0131kartt\u0131 ve \u00e7ok fazla gol att\u0131. Galatasaray&#8217;\u0131n onu istedi\u011fini hissetti ve \u00f6n\u00fcne \u00e7\u0131kan \u015fans\u0131 de\u011ferlendirdi&#8221; dedi.<\/p>\n<p>Michy Batshuayi&#8217;nin ald\u0131\u011f\u0131 karar\u0131 belki kendisinin veremeyece\u011fini vurgulayan Dries Mertens, &#8220;Galatasaray&#8217;a geli\u015fi onun ald\u0131\u011f\u0131 bir karar, belki benim alamayaca\u011f\u0131m bir karar&#8221; diye konu\u015ftu.<\/p>\n<p>Vatanda\u015f\u0131yla ilgili s\u00f6zlerine devam eden Dries Mertens, &#8220;Batshuayi \u00e7ok iyi bir insan, kimseyi incitmek istemedi. Futbol oynamay\u0131 seviyor. Gol atmaya her zaman i\u00e7in susam\u0131\u015f biri. Bu nedenle bu kadar \u00e7ok fazla gol atabiliyor&#8221; a\u00e7\u0131klamas\u0131n\u0131 yapt\u0131.<\/p>\n<div>\n<div><img decoding=\"async\" src=\"https:\/\/kamucalisani.net\/wp-content\/uploads\/2024\/10\/galatasarayda-dries-mertensten-michy-batshuayi-itirafi-kimseyi-incitmek-istemedi-0-wR1DYces.jpg\"\/><\/img><\/div>\n<\/div>\n<p>Be\u015fikta\u015f&#8217;\u0131n Ciro Immobile transferi hakk\u0131nda gelen soruyu cevaplayan Dries Mertens, &#8220;Be\u015fikta\u015f onun gelmesi i\u00e7in \u00e7aba sarf etmi\u015ftir. O da bu sevgiyi hissedip gelme karar\u0131 alm\u0131\u015ft\u0131r. Benim i\u00e7in durum b\u00f6yleydi, Icardi i\u00e7in de ayn\u0131s\u0131 oldu\u011funu d\u00fc\u015f\u00fcn\u00fcyorum. Baz\u0131 zamanlarda kul\u00fcb\u00fcn seni istedi\u011fini hissedersin ve bu senin i\u00e7in en iyi karard\u0131r&#8221; dedi.<\/p>\n<p>Sabah&#8217;a konu\u015fan Dries Mertens, geride kalan sezonda en iyi performans\u0131 g\u00f6steren ismin Bar\u0131\u015f Alper Y\u0131lmaz oldu\u011funu dile getirdi:<\/p>\n<p>&#8220;Bana g\u00f6re en de\u011ferli oyuncu Bar\u0131\u015f Alper Y\u0131lmaz&#8217;d\u0131. \u00c7\u00fcnk\u00fc b\u00fcy\u00fck ad\u0131mlar att\u0131\u011f\u0131n\u0131 d\u00fc\u015f\u00fcn\u00fcyorum. Daha fazla ad\u0131m ataca\u011f\u0131n\u0131 da umuyorum. Bana gelirsek; iyi bir sezon ge\u00e7irdim. \u0130yi i\u015fler yapt\u0131k. Belirli bir ya\u015fa geldi\u011finiz ve kazand\u0131\u011f\u0131n\u0131z zaman mutlu oluyorsunuz.&#8221;<\/p>\n<div>\n<div><img decoding=\"async\" src=\"https:\/\/kamucalisani.net\/wp-content\/uploads\/2024\/10\/galatasarayda-dries-mertensten-michy-batshuayi-itirafi-kimseyi-incitmek-istemedi-1-nyxZOdle.jpg\"\/><\/img><\/div>\n<\/div>\n<p>Bar\u0131\u015f Alper Y\u0131lmaz&#8217;\u0131n Galatasaray&#8217;da kalmas\u0131 gerekti\u011fini belirten Dries Mertens, &#8220;Hem benim i\u00e7in hem de Galatasaray i\u00e7in umar\u0131m kal\u0131r. San\u0131r\u0131m 23-24 ya\u015f\u0131nda, kendisini tam g\u00f6sterebilmek i\u00e7in bir sezon daha kalmas\u0131 gerekir. Tak\u0131m i\u00e7erisinde bir ad\u0131m daha atar ve kendi pozisyonunu bulur. Bakt\u0131\u011f\u0131n\u0131z zaman sol kanat, sol bek, sa\u011f kanat, sa\u011f bek olarak oynad\u0131. Her yerde oynayabiliyor. Gen\u00e7 oyuncularla konu\u015fmay\u0131 ve onlara yard\u0131m etmeyi seviyorum. \u015eimdi \u00f6nlerinde se\u00e7enekler olacak ve ben onlara bu se\u00e7eneklerle ilgili yard\u0131m etmek i\u00e7in buraday\u0131m&#8221; diye konu\u015ftu.<\/p>\n<p>Galatasaray&#8217;\u0131n stadyumdaki atmosferine dikkat \u00e7eken Bel\u00e7ikal\u0131 on numara, &#8220;\u00c7ok g\u00fczel bir stada sahip olmam\u0131z. Galatasaray&#8217;daki atmosfer inan\u0131lmaz. Beni ziyarete gelen b\u00fct\u00fcn arkada\u015flar\u0131ma kal\u0131p ma\u00e7\u0131m\u0131z\u0131 izlemelerini tavsiye ediyorum. Hangi tak\u0131mda oynarsak oynayal\u0131m, stat her zaman dolu oluyor. Geri kalan\u0131n ayn\u0131 oldu\u011funu d\u00fc\u015f\u00fcn\u00fcyorum. Her iki \u015fehirde de insanlar futbolla ya\u015f\u0131yorlar, futbola a\u015f\u0131klar. Herkes kendisini birer hoca gibi g\u00f6r\u00fcp, tak\u0131m i\u00e7in olabilecek iyi \u015feyleri konu\u015fup tart\u0131\u015f\u0131yor&#8221; a\u00e7\u0131klamas\u0131n\u0131 yapt\u0131.<\/p>\n<div>\n<div><img decoding=\"async\" src=\"https:\/\/kamucalisani.net\/wp-content\/uploads\/2024\/10\/galatasarayda-dries-mertensten-michy-batshuayi-itirafi-kimseyi-incitmek-istemedi-2-gz1eDcp2.jpg\"\/><\/img><\/div>\n<\/div>\n<p>&#8220;Okan Buruk&#8217;u Serie A&#8217;da b\u00fcy\u00fck bir tak\u0131m\u0131n ba\u015f\u0131nda g\u00f6r\u00fcrsen \u015fa\u015f\u0131r\u0131r m\u0131s\u0131n&#8221; sorusuna Dries Mertens \u015fu cevab\u0131 verdi:<\/p>\n<p>&#8220;Galatasaray&#8217;da iki senede iki \u015fampiyonluk kazand\u0131 ve art\u0131k bir efsane. Fatih Terim de ayn\u0131yd\u0131. \u00d6nce Fiorentina&#8217;da sonra Milan&#8217;dayd\u0131. Okan Hoca belki Galatasaray&#8217;da biraz daha zaman ge\u00e7irdikten sonra gidebilir. Nereye isterse oraya gidebilecektir. \u015eu anda \u00e7ok mutlu oldu\u011funu ve kul\u00fcb\u00fcn de ondan mutlu oldu\u011funu d\u00fc\u015f\u00fcn\u00fcyorum.&#8221;<\/p>\n<p>O\u011flu Ciro&#8217;ya g\u00f6sterilen ilginin hat\u0131rlat\u0131lmas\u0131n\u0131n ard\u0131ndan Dries Mertens, &#8220;Evet bu \u00e7\u0131lg\u0131nca bir durum. E\u015fim ve ben T\u00fcrkiye&#8217;de sevildi\u011fimizi hissediyoruz. Benim i\u00e7in Napoli&#8217;de y\u00fcr\u00fcmek \u00e7ok daha zor. Ama o\u011flum Ciro i\u00e7in tabii ki de \u0130stanbul&#8217;da. O bir star gibi ilgi g\u00f6r\u00fcyor&#8221; dedi.<\/p>\n<p>Sokaklarda gezmesiyle ilgili soruya Dries Mertens, &#8220;Ben normal bir insan\u0131m ve normal olmay\u0131 seviyorum. Halkla i\u00e7 i\u00e7e olmak ve istedi\u011fim her yeri rahat\u00e7a gezmek g\u00fczel&#8221; cevab\u0131n\u0131 verdi.<\/p>\n<div>\n<div><img decoding=\"async\" src=\"https:\/\/kamucalisani.net\/wp-content\/uploads\/2024\/10\/galatasarayda-dries-mertensten-michy-batshuayi-itirafi-kimseyi-incitmek-istemedi-3-YQYms9tq.jpg\"\/><\/img><\/div>\n<\/div>\n<p>A Milli Futbol Tak\u0131m\u0131&#8217;n\u0131n 2024 Avrupa \u015eampiyonas\u0131 performans\u0131n\u0131 yorumlayan Dries Mertens, &#8220;Hollanda birinci gol\u00fc att\u0131ktan hemen sonra orta geldi ve ikinci gol\u00fc att\u0131lar. Bu an T\u00fcrkiye ad\u0131na \u015fanss\u0131zl\u0131kt\u0131. Belki bu gol olmasayd\u0131, T\u00fcrkiye turnuvaya devam edecekti. T\u00fcrk Milli Tak\u0131m\u0131 oyuncular\u0131 b\u00fcy\u00fck tutkuyla oynad\u0131. Montella da kendi kimli\u011fini koydu. \u0130zlemesi \u00e7ok keyifliydi&#8221; diye konu\u015ftu.<\/p>\n<p>Milli futbolcular\u0131n Vincenzo Montella&#8217;y\u0131 \u00e7ok sevdi\u011fini vurgulayan Dries Mertens, &#8220;Napolililer gibi her yerde T\u00fcrklerle kar\u015f\u0131la\u015fabiliyorsunuz. \u00c7al\u0131\u015fmay\u0131 seviyorlar, macera ar\u0131yorlar, tak\u0131mlar\u0131na tutkuyla ba\u011fl\u0131lar&#8230; Montella ile EURO 2024 \u00f6ncesi g\u00f6r\u00fc\u015ft\u00fcm. Futbolla ilgili olduk\u00e7a fazla konu\u015ftuk. \u00c7ok iyi bir insan. T\u00fcrk Milli Tak\u0131m\u0131&#8217;ndaki oyuncularla da konu\u015ftum, Montella&#8217;y\u0131 \u00e7ok seviyorlar&#8221; a\u00e7\u0131klamas\u0131n\u0131 yapt\u0131.<\/p>\n<p>Bel\u00e7ika&#8217;n\u0131n \u015fanss\u0131z bir turnuva ge\u00e7irdi\u011fini belirten Dries Mertens, &#8220;Daha fazla ba\u015far\u0131 bekleniyordu. Ama turnuvalarda bazen \u015fans, i\u015fin i\u00e7ine giriyor. Mesela \u015fu anda \u0130ngiltere finalde ama Bellingham son dakikada gol atmasayd\u0131 \u00e7oktan eleneceklerdi. \u00c7ok ufak detaylar. Bel\u00e7ika da Fransa&#8217;ya elendi\u011fi ma\u00e7\u0131nda \u015fanss\u0131zd\u0131. Kendimi izlemekten keyif alm\u0131yorum&#8221; dedi.<\/p>\n<p>T\u00fcrkiye&#8217;ye y\u0131ld\u0131z futbolcular\u0131n geldi\u011finin alt\u0131n\u0131 \u00e7izen Dries Mertens, \u015fampiyonluk yar\u0131\u015f\u0131na dair soruyu \u015fu s\u00f6zlerle cevaplad\u0131:<\/p>\n<p>&#8220;Hem Fenerbah\u00e7e hem biz inan\u0131lmaz bir sezon ge\u00e7irdik ve bir o kadar inan\u0131lmaz bir performans ortaya koyduk. 102 puan toplad\u0131k, onlar da 99 puan ald\u0131lar. \u00c7\u0131lg\u0131ncayd\u0131. Rekorlar k\u0131r\u0131ld\u0131. Buradan kaliteyi de g\u00f6r\u00fcyorsunuz. \u00c7ok fazla y\u0131ld\u0131z oyuncu, T\u00fcrk tak\u0131mlar\u0131na gelmeye ba\u015flad\u0131. O nedenle \u015funu \u00e7ok net bir \u015fekilde s\u00f6yleyebilirim ki bu sezon daha zor ge\u00e7ecek.&#8221;<\/p>\n<p><strong>Dries Mertens son olarak k\u0131sa sorulara \u015fu cevaplar\u0131 verdi:<\/strong><\/p>\n<p><em>&#8211; \u0130stanbul mu Napoli mi?<\/em><\/p>\n<p>Napoli.<\/p>\n<p><em>&#8211; Bodrum mu \u00c7e\u015fme mi?<\/em><\/p>\n<p>Bodrum&#8217;u da \u00e7ok seviyorum ama tercihim \u00c7e\u015fme.<\/p>\n<p><em>&#8211; T\u00fcrk kahvesi mi \u0130talyan espresso mu?<\/em><\/p>\n<p>Espresso.<\/p>\n<p><em>&#8211; Baklava m\u0131 tiramisu mu?<\/em><\/p>\n<p>Tiramisu.<\/p>\n<p><em>&#8211; Pide mi pizza m\u0131?<\/em><\/p>\n<p>Pide.<\/p>\n<p><em>&#8211; Ronaldo mu Messi mi?<\/em><\/p>\n<p>\u0130kisini de \u00e7ok be\u011feniyorum, inan\u0131lmazlar.<\/p>\n<p><em>&#8211; Mertens mi Sneijder mi?<\/em><\/p>\n<p>Sneijder&#8230; \u00c7\u00fcnk\u00fc kendimi izlemekten keyif alm\u0131yorum.<\/p>\n<p><em>&#8211; Galatasaray&#8217;daki en g\u00fczel gol\u00fcn?<\/em><\/p>\n<p>Ljubljana ma\u00e7\u0131nda att\u0131\u011f\u0131m gol.<\/p>\n<p><em>&#8211; Galatasaray&#8217;daki en g\u00fczel asistin?<\/em><\/p>\n<p>\u00c7ok fazla asist yapt\u0131m. Bunu bir hayli d\u00fc\u015f\u00fcnmem gerek.<\/p>\n<p><em>&#8211; Napoli mi Galatasaray m\u0131?<\/em><\/p>\n<p>Cevaplamas\u0131 ger\u00e7ekten benim i\u00e7in olduk\u00e7a zor. \u0130kisini de \u00e7ok seviyorum. \u0130kisi de \u00f6zel bir yere sahip.<\/p>\n\n<p><\/p>\n<p>Kaynak :\u00a0<span style=\"background-color: rgb(255, 249, 236); color: rgb(55, 58, 60); font-size: 14px;\">http:\/\/www.milliyet.com.tr\/skorer\/galatasarayda-dries-mertensten-michy-batshuayi-itirafi-kimseyi-incitmek-istemedi-7155930<\/span><\/p>\n","protected":false},"excerpt":{"rendered":"<p>Galatasaray&#8217;\u0131n 37 ya\u015f\u0131ndaki on numaras\u0131 Dries Mertens, sar\u0131-k\u0131rm\u0131z\u0131l\u0131lar\u0131n yeni transferi Michy Batshuayi ile ilgili konu\u015ftu. Mertens&#8217;in Ciro Immobile ve Mauro Icardi ile ilgili s\u00f6zleri dikkat \u00e7ekti.<\/p>\n","protected":false},"author":1,"featured_media":105964,"comment_status":"open","ping_status":"open","sticky":false,"template":"","format":"standard","meta":{"footnotes":""},"categories":[7],"tags":[1486,949,289,263,221],"class_list":["post-105963","post","type-post","status-publish","format-standard","has-post-thumbnail","hentry","category-spor","tag-dries-mertens","tag-futbol","tag-gol","tag-takim","tag-turk"],"_links":{"self":[{"href":"https:\/\/kamucalisani.net\/index.php\/wp-json\/wp\/v2\/posts\/105963","targetHints":{"allow":["GET"]}}],"collection":[{"href":"https:\/\/kamucalisani.net\/index.php\/wp-json\/wp\/v2\/posts"}],"about":[{"href":"https:\/\/kamucalisani.net\/index.php\/wp-json\/wp\/v2\/types\/post"}],"author":[{"embeddable":true,"href":"https:\/\/kamucalisani.net\/index.php\/wp-json\/wp\/v2\/users\/1"}],"replies":[{"embeddable":true,"href":"https:\/\/kamucalisani.net\/index.php\/wp-json\/wp\/v2\/comments?post=105963"}],"version-history":[{"count":1,"href":"https:\/\/kamucalisani.net\/index.php\/wp-json\/wp\/v2\/posts\/105963\/revisions"}],"predecessor-version":[{"id":105969,"href":"https:\/\/kamucalisani.net\/index.php\/wp-json\/wp\/v2\/posts\/105963\/revisions\/105969"}],"wp:featuredmedia":[{"embeddable":true,"href":"https:\/\/kamucalisani.net\/index.php\/wp-json\/wp\/v2\/media\/105964"}],"wp:attachment":[{"href":"https:\/\/kamucalisani.net\/index.php\/wp-json\/wp\/v2\/media?parent=105963"}],"wp:term":[{"taxonomy":"category","embeddable":true,"href":"https:\/\/kamucalisani.net\/index.php\/wp-json\/wp\/v2\/categories?post=105963"},{"taxonomy":"post_tag","embeddable":true,"href":"https:\/\/kamucalisani.net\/index.php\/wp-json\/wp\/v2\/tags?post=105963"}],"curies":[{"name":"wp","href":"https:\/\/api.w.org\/{rel}","templated":true}]}}