{"id":105970,"date":"2024-10-14T03:24:06","date_gmt":"2024-10-14T03:24:06","guid":{"rendered":"https:\/\/kamucalisani.net\/?p=105970"},"modified":"2024-10-14T03:24:06","modified_gmt":"2024-10-14T03:24:06","slug":"fransa-bisiklet-turunda-15-etabin-galibi-tadej-pogacar","status":"publish","type":"post","link":"https:\/\/kamucalisani.net\/index.php\/2024\/10\/14\/fransa-bisiklet-turunda-15-etabin-galibi-tadej-pogacar\/","title":{"rendered":"Fransa Bisiklet Turu&#8217;nda 15. etab\u0131n galibi Tadej Pogacar!"},"content":{"rendered":"<p><p>111. Fransa Bisiklet Turu&#8217;nun 15. etab\u0131n\u0131, BAE Emirates tak\u0131m\u0131ndan Tadej Pogacar kazand\u0131.<\/p>\n<p>Yol bisikletinin en prestijli yar\u0131\u015f\u0131 kabul edilen organizasyona, Loudenvielle ile Plateau de Beille aras\u0131ndaki 198 kilometrelik etapla devam edildi.<\/p>\n<p>Etab\u0131 5 saat 13 dakika 55 saniyede bitiren Pogacar, Jonas Vingegaard (Visma-Lease a Bike tak\u0131m\u0131) ve Remco Evenepoel&#8217;in (Soudal-QuickStep) \u00f6n\u00fcnde birinci oldu.<\/p>\n<p>Fransa Turu&#8217;nu 2020 ve 2021&#8217;de kazanan Pogacar, genel klasmandaki liderli\u011fini de s\u00fcrd\u00fcrd\u00fc. Sloven bisiklet\u00e7i, en yak\u0131n takip\u00e7isiyle aras\u0131ndaki fark\u0131 3 dakika 9 saniyeye \u00e7\u0131kard\u0131.<\/p>\n<p>Turda yar\u0131n yar\u0131\u015f yap\u0131lmayacak ve sporcular g\u00fcn\u00fc dinlenerek ge\u00e7irecek.<\/p>\n<p>2024 Fransa Bisiklet Turu, 21 Temmuz Pazar g\u00fcn\u00fc Nice kentindeki 21. etapla son bulacak.<\/p>\n<p>Genel klasman\u0131n ilk 3 s\u0131ras\u0131ndaki bisiklet\u00e7iler \u015f\u00f6yle:<\/p>\n<p>1. Tadej Pogacar (BAE Emirates): 61 saat 56 dakika 24 saniye<br \/>3. Jonas Vingegaard (Visma-Lease a Bike): +3 dakika 9 saniye<br \/>3. Remco Evenepoel (Soudal-QuickStep): +5 dakika 19 saniye<\/p>\n\n<p><\/p>\n<p>Kaynak :\u00a0<span style=\"background-color: rgb(255, 249, 236); color: rgb(55, 58, 60); font-size: 14px;\">http:\/\/www.milliyet.com.tr\/skorer\/fransa-bisiklet-turunda-15-etabin-galibi-tadej-pogacar-7155970<\/span><\/p>\n","protected":false},"excerpt":{"rendered":"<p>Tadej Pogacar, Fransa Bisiklet Turu&#8217;nda 15. etab\u0131 ilk s\u0131rada tamamlad\u0131.<\/p>\n","protected":false},"author":1,"featured_media":105971,"comment_status":"open","ping_status":"open","sticky":false,"template":"","format":"standard","meta":{"footnotes":""},"categories":[7],"tags":[360,1557,3112],"class_list":["post-105970","post","type-post","status-publish","format-standard","has-post-thumbnail","hentry","category-spor","tag-bisiklet","tag-dakika","tag-saniye"],"_links":{"self":[{"href":"https:\/\/kamucalisani.net\/index.php\/wp-json\/wp\/v2\/posts\/105970","targetHints":{"allow":["GET"]}}],"collection":[{"href":"https:\/\/kamucalisani.net\/index.php\/wp-json\/wp\/v2\/posts"}],"about":[{"href":"https:\/\/kamucalisani.net\/index.php\/wp-json\/wp\/v2\/types\/post"}],"author":[{"embeddable":true,"href":"https:\/\/kamucalisani.net\/index.php\/wp-json\/wp\/v2\/users\/1"}],"replies":[{"embeddable":true,"href":"https:\/\/kamucalisani.net\/index.php\/wp-json\/wp\/v2\/comments?post=105970"}],"version-history":[{"count":1,"href":"https:\/\/kamucalisani.net\/index.php\/wp-json\/wp\/v2\/posts\/105970\/revisions"}],"predecessor-version":[{"id":105972,"href":"https:\/\/kamucalisani.net\/index.php\/wp-json\/wp\/v2\/posts\/105970\/revisions\/105972"}],"wp:featuredmedia":[{"embeddable":true,"href":"https:\/\/kamucalisani.net\/index.php\/wp-json\/wp\/v2\/media\/105971"}],"wp:attachment":[{"href":"https:\/\/kamucalisani.net\/index.php\/wp-json\/wp\/v2\/media?parent=105970"}],"wp:term":[{"taxonomy":"category","embeddable":true,"href":"https:\/\/kamucalisani.net\/index.php\/wp-json\/wp\/v2\/categories?post=105970"},{"taxonomy":"post_tag","embeddable":true,"href":"https:\/\/kamucalisani.net\/index.php\/wp-json\/wp\/v2\/tags?post=105970"}],"curies":[{"name":"wp","href":"https:\/\/api.w.org\/{rel}","templated":true}]}}