{"id":105992,"date":"2024-10-14T04:36:08","date_gmt":"2024-10-14T04:36:08","guid":{"rendered":"https:\/\/kamucalisani.net\/?p=105992"},"modified":"2024-10-14T04:36:08","modified_gmt":"2024-10-14T04:36:08","slug":"uygun-fiyatli-apple-vision-pro-detaylaniyor-fiyati-ortaya-cikti","status":"publish","type":"post","link":"https:\/\/kamucalisani.net\/index.php\/2024\/10\/14\/uygun-fiyatli-apple-vision-pro-detaylaniyor-fiyati-ortaya-cikti\/","title":{"rendered":"Uygun fiyatl\u0131 Apple Vision Pro detaylan\u0131yor: Fiyat\u0131 ortaya \u00e7\u0131kt\u0131"},"content":{"rendered":"<p><figure> <span> <img decoding=\"async\" src=\"https:\/\/kamucalisani.net\/wp-content\/uploads\/2024\/10\/uygun-fiyatli-apple-vision-pro-detaylaniyor-fiyati-ortaya-cikti-0-ceTvjfr6.jpg\"\/> <\/span> Apple\u2019\u0131n uzun y\u0131llard\u0131r \u00fczerinde \u00e7al\u0131\u015ft\u0131\u011f\u0131 ve geli\u015ftirilme s\u00fcrecinde milyonlarca dolar harcad\u0131\u011f\u0131 <strong>Vision Pro<\/strong>, ba\u015far\u0131l\u0131 donan\u0131m\u0131 ve yaz\u0131l\u0131m\u0131 ile dikkatleri \u00fczerine \u00e7ekse de \u00fcr\u00fcn\u00fcn fiyat\u0131, Vision Pro\u2019nun pop\u00fcler olmas\u0131n\u0131n \u00f6n\u00fcne ge\u00e7ti. Bu do\u011frultuda Apple, ge\u00e7ti\u011fimiz aylarda cihaz\u0131n <strong>uygun fiyatl\u0131 <\/strong>versiyonu i\u00e7in \u00e7al\u0131\u015fmalara ba\u015flam\u0131\u015ft\u0131. Merakla beklenen cihazdan yeni detaylar ortaya \u00e7\u0131kt\u0131. <\/figure>\n<p><b>Uygun fiyatl\u0131 Vision Pro; plastik g\u00f6vdeye ve A serisi i\u015flemciye sahip olabilir<\/b><\/p>\n<p>Apple\u2019a yak\u0131n kaynaklar\u0131yla bilinen<em> Mark Gurman<\/em>, Bloomberg\u2019in <strong>Power On<\/strong> k\u00f6\u015fesinde Vision Pro hakk\u0131nda konu\u015ftu. Gurman\u2019a g\u00f6re firman\u0131n Vision ekibi, <strong>en az 4 farkl\u0131<\/strong> cihaz \u00fczerinde \u00e7al\u0131\u015f\u0131yor ve bu cihazlardan biri uygun fiyatl\u0131 Vision Pro olarak belirtilmi\u015f.\u00a0<\/p>\n<figure> <span> <img decoding=\"async\" src=\"https:\/\/kamucalisani.net\/wp-content\/uploads\/2024\/10\/uygun-fiyatli-apple-vision-pro-detaylaniyor-fiyati-ortaya-cikti-1-2OFQNiSO.jpg\"\/> <\/span> Gurman\u2019a g\u00f6re Apple\u2019\u0131n uygun fiyatl\u0131 Viison Pro ba\u015fl\u0131\u011f\u0131, <strong>\u00f6n\u00fcm\u00fczdeki y\u0131l<\/strong> tan\u0131t\u0131labilir. Rapora g\u00f6re <strong>2000$ <\/strong>seviyesinde olacak bu cihaz, standart s\u00fcr\u00fcmden daha d\u00fc\u015f\u00fck seviye i\u015flemciye sahip olacak ve daha uygun fiyatl\u0131 malzemeler ile \u00fcretilecek. Bu da bu \u00fcr\u00fcn\u00fcn iPhone modellerinde kullan\u0131lan<strong> A18 Pro<\/strong> veya benzeri bir A serisi i\u015flemciye ve <strong>plastik g\u00f6vdeye<\/strong> sahip olaca\u011f\u0131n\u0131 i\u015faret ediyor. Daha <strong>d\u00fc\u015f\u00fck \u00e7\u00f6z\u00fcn\u00fcrl\u00fckl\u00fc <\/strong>lensler ve EyeSight \u00f6zelli\u011finin <strong>olmayaca\u011f\u0131<\/strong> da gelen bilgiler aras\u0131nda. Gurman\u2019a g\u00f6re Apple, \u00f6n\u00fcm\u00fczdeki y\u0131l uygun fiyatl\u0131 Vision Pro\u2019yu daha sonraki y\u0131l ise Vision Pro 2\u2019yi piyasaya s\u00fcrecek. Bakal\u0131m firma, uygun fiyatl\u0131 bir ba\u015fl\u0131k ile karma ger\u00e7eklik pazar\u0131nda daha pop\u00fcler hale gelebilecek mi? <\/figure>\n<\/p>\n<p>Kaynak\u00a0 :\u00a0<span style=\"background-color: rgb(255, 249, 236); color: rgb(55, 58, 60); font-size: 14px;\">https:\/\/www.donanimhaber.com\/uygun-fiyatli-vision-pro-detaylaniyor&#8211;183050<\/span><\/p>\n","protected":false},"excerpt":{"rendered":"<p>Apple\u2019\u0131n uzun y\u0131llard\u0131r \u00fczerinde \u00e7al\u0131\u015ft\u0131\u011f\u0131 ve geli\u015ftirilme s\u00fcrecinde milyonlarca dolar harcad\u0131\u011f\u0131 Vision Pro, ba\u015far\u0131l\u0131 donan\u0131m\u0131 ve yaz\u0131l\u0131m\u0131 ile dikkatleri \u00fczerine \u00e7ekse de \u00fcr\u00fcn\u00fcn fiyat\u0131, Vision Pro\u2019nun pop\u00fcler olmas\u0131n\u0131n \u00f6n\u00fcne ge\u00e7ti. Bu do\u011frultuda &#8230;<\/p>\n","protected":false},"author":1,"featured_media":105993,"comment_status":"open","ping_status":"open","sticky":false,"template":"","format":"standard","meta":{"footnotes":""},"categories":[8],"tags":[452,2685,2329],"class_list":["post-105992","post","type-post","status-publish","format-standard","has-post-thumbnail","hentry","category-teknoloji","tag-cihaz","tag-uygun-fiyatli","tag-vision-pro"],"_links":{"self":[{"href":"https:\/\/kamucalisani.net\/index.php\/wp-json\/wp\/v2\/posts\/105992","targetHints":{"allow":["GET"]}}],"collection":[{"href":"https:\/\/kamucalisani.net\/index.php\/wp-json\/wp\/v2\/posts"}],"about":[{"href":"https:\/\/kamucalisani.net\/index.php\/wp-json\/wp\/v2\/types\/post"}],"author":[{"embeddable":true,"href":"https:\/\/kamucalisani.net\/index.php\/wp-json\/wp\/v2\/users\/1"}],"replies":[{"embeddable":true,"href":"https:\/\/kamucalisani.net\/index.php\/wp-json\/wp\/v2\/comments?post=105992"}],"version-history":[{"count":1,"href":"https:\/\/kamucalisani.net\/index.php\/wp-json\/wp\/v2\/posts\/105992\/revisions"}],"predecessor-version":[{"id":105996,"href":"https:\/\/kamucalisani.net\/index.php\/wp-json\/wp\/v2\/posts\/105992\/revisions\/105996"}],"wp:featuredmedia":[{"embeddable":true,"href":"https:\/\/kamucalisani.net\/index.php\/wp-json\/wp\/v2\/media\/105993"}],"wp:attachment":[{"href":"https:\/\/kamucalisani.net\/index.php\/wp-json\/wp\/v2\/media?parent=105992"}],"wp:term":[{"taxonomy":"category","embeddable":true,"href":"https:\/\/kamucalisani.net\/index.php\/wp-json\/wp\/v2\/categories?post=105992"},{"taxonomy":"post_tag","embeddable":true,"href":"https:\/\/kamucalisani.net\/index.php\/wp-json\/wp\/v2\/tags?post=105992"}],"curies":[{"name":"wp","href":"https:\/\/api.w.org\/{rel}","templated":true}]}}