{"id":106356,"date":"2024-10-14T18:00:07","date_gmt":"2024-10-14T18:00:07","guid":{"rendered":"https:\/\/kamucalisani.net\/?p=106356"},"modified":"2024-10-14T18:00:07","modified_gmt":"2024-10-14T18:00:07","slug":"siyasilerden-15-temmuz-demokrasi-ve-milli-birlik-gunu-mesajlari","status":"publish","type":"post","link":"https:\/\/kamucalisani.net\/index.php\/2024\/10\/14\/siyasilerden-15-temmuz-demokrasi-ve-milli-birlik-gunu-mesajlari\/","title":{"rendered":"Siyasilerden 15 Temmuz Demokrasi ve Milli Birlik G\u00fcn\u00fc mesajlar\u0131"},"content":{"rendered":"<p><p>15 Temmuz Demokrasi ve Milli Birlik G\u00fcn\u00fc dolay\u0131s\u0131yla siyasiler sosyal medya hesaplar\u0131ndan mesajlar\u0131 yay\u0131mlad\u0131. Birlik ve beraberlik vurgusu yap\u0131lan a\u00e7\u0131klamalarda \u015fehitler rahmet, gaziler sayg\u0131yla an\u0131ld\u0131.<\/p>\n<p><strong>BAH\u00c7EL\u0130: 15 TEMMUZ, \u0130\u015eGAL G\u0130R\u0130\u015e\u0130M\u0130NE \u0130MAN \u0130RADEYLE D\u0130REN\u0130\u015e VE D\u0130K DURU\u015e MEFK\u00dbRES\u0130D\u0130R<\/strong><\/p>\n<p>Milliyet\u00e7i Hareket Partisi Genel Ba\u015fkan\u0131 Devlet Bah\u00e7eli, 15 Temmuz Demokrasi ve Milli Birlik G\u00fcn\u00fc dolay\u0131s\u0131yla sosyal medya hesab\u0131ndan yay\u0131mlad\u0131\u011f\u0131 mesajda, \u015fu ifadeleri kulland\u0131:<\/p>\n<p>&#8220;15 Temmuz, Mill\u00ee Kahramanl\u0131\u011f\u0131n d\u0131\u015f ba\u011flant\u0131l\u0131 ihanet ve i\u015fgal giri\u015fimine iman ve iradeyle direni\u015f ve dik duru\u015f mefk\u00fbresidir. 15 Temmuz \u015fehitlerimize ve bilc\u00fcmle b\u00fct\u00fcn \u015fehitlerimize Cenab-\u0131 Allah&#8217;tan rahmetler niyaz ediyor, gazilerimize uzun ve sa\u011fl\u0131kl\u0131 \u00f6m\u00fcrler diliyorum. 15 Temmuz Demokrasi ve Mill\u00ee Birlik G\u00fcn\u00fc m\u00fcnasebetiyle T\u00fcrkiye aleyhine karanl\u0131k senaryo haz\u0131rl\u0131\u011f\u0131 i\u00e7inde olanlara sadece felaket g\u00fcnlerinde T\u00fcrk milletinin hangi fedak\u00e2rl\u0131klar\u0131 g\u00f6ze alaca\u011f\u0131n\u0131 idrak etmelerini ikazen tavsiye ediyorum.&#8221;<\/p>\n<p><strong>BAKAN G\u00d6KTA\u015e: M\u0130LLET\u0130N ZAFER\u0130&#8217;N\u0130 NES\u0130LDEN NES\u0130LE AKTARACA\u011eIZ<\/strong><\/p>\n<p>Aile ve Sosyal Hizmetler Bakan\u0131 Mahinur \u00d6zdemir G\u00f6kta\u015f, sosyal medya hesab\u0131ndan yapt\u0131\u011f\u0131 payla\u015f\u0131mda, &#8220;Bir hilal u\u011fruna canlar\u0131n\u0131 feda etmekten \u00e7ekinmeden hain FET\u00d6\u2019n\u00fcn darbe te\u015febb\u00fcs\u00fcn\u00fc g\u00f6\u011fs\u00fcnde durduran kahramanlar\u0131m\u0131z\u0131 da; o karanl\u0131k gecenin nas\u0131l ayd\u0131nl\u0131\u011fa d\u00f6nd\u00fc\u011f\u00fcn\u00fc de unutmad\u0131k, unutmayaca\u011f\u0131z. 15Temmuz\u2019un ruhunu bu topraklarda her daim diri tutacak, Cumhurba\u015fkan\u0131m\u0131z Say\u0131n Recep Tayyip Erdo\u011fan&#8217;\u0131n tarihi liderli\u011findeki &#8216;Milletin Zaferi&#8217;ni nesilden nesile aktaraca\u011f\u0131z. Demokrasimize ve milli birli\u011fimize kasteden hain darbe giri\u015fiminin y\u0131l d\u00f6n\u00fcm\u00fcnde aziz \u015fehitlerimizi rahmetle y\u00e2d ediyor, gazilerimize \u015f\u00fckranlar\u0131m\u0131 sunuyorum&#8221; dedi.<\/p>\n<p><strong>BAKAN ERSOY: DEMOKRAS\u0130M\u0130Z\u0130 VE M\u0130LL\u00ce B\u0130RL\u0130\u011e\u0130M\u0130Z\u0130 HER ZAMAN KORUYACA\u011eIZ<\/strong><\/p>\n<p>K\u00fclt\u00fcr ve Turizm Bakan\u0131 Mehmet Nuri Ersoy, sosyal medya hesab\u0131ndan payla\u015ft\u0131\u011f\u0131 mesajda, &#8220;15 Temmuz, aziz milletimizin tek y\u00fcrek olarak can\u0131 pahas\u0131na yazd\u0131\u011f\u0131 bir destand\u0131r. Bu kahramanl\u0131k destan\u0131n\u0131 birlik ve beraberlik ruhuyla asla unutmayaca\u011f\u0131z ve daima ya\u015fataca\u011f\u0131z. T\u00fcrkiye Y\u00fczy\u0131l\u0131&#8217;nda gelece\u011fe umutla bakarak, \u00fclkemizi daha g\u00fc\u00e7l\u00fc yar\u0131nlara ta\u015f\u0131ma kararl\u0131l\u0131\u011f\u0131m\u0131zla demokrasimizi ve mill\u00ee birli\u011fimizi her zaman koruyaca\u011f\u0131z. 15 Temmuz Demokrasi ve Mill\u00ee Birlik G\u00fcn\u00fc vesilesiyle kahraman \u015fehitlerimizi rahmetle, gazilerimizi \u015f\u00fckran ve minnetle an\u0131yorum&#8221; diye konu\u015ftu.<\/p>\n<p><strong>BAKAN BOLAT: 15 TEMMUZ RUHUNU YA\u015eATMAYA DEVAM EDECE\u011e\u0130Z<\/strong><\/p>\n<p>Ticaret Bakan\u0131 \u00d6mer Bolat, &#8220;15 Temmuz gecesi, aziz milletimiz \u015fanl\u0131 tarihinden ald\u0131\u011f\u0131 g\u00fc\u00e7le, \u00fclkemizin gelece\u011fini hedef alan hain darbe giri\u015fimine kar\u015f\u0131 \u015fanl\u0131 bir direni\u015f g\u00f6stermi\u015ftir. Cumhurba\u015fkan\u0131m\u0131z Say\u0131n Recep Tayyip Erdo\u011fan\u2019\u0131n g\u00f6stermi\u015f oldu\u011fu liderlik ve milletimizin d\u00fcnyaya \u00f6rnek olan engin cesaretiyle b\u00fct\u00fcnle\u015fmi\u015f olan direni\u015f ruhu, devletimizi, gelece\u011fimizi, ekonomimizi, g\u00fcvenli\u011fimizi hedef alan cuntac\u0131lar\u0131n ve onlar\u0131n arkas\u0131ndaki odaklar\u0131n planlar\u0131n\u0131n ba\u015far\u0131s\u0131zl\u0131\u011fa mahkum olmas\u0131nda b\u00fcy\u00fck bir rol oynam\u0131\u015ft\u0131r. 15 Temmuz gecesi devletimizi, kurumlar\u0131m\u0131z\u0131, Gazi Meclisimizi, \u015fehirlerimizi ve milletimizin iradesini hedef alan sald\u0131r\u0131lara kar\u015f\u0131 devlet-millet el ele vererek T\u00fcrkiye\u2019mizin gelece\u011fini karanl\u0131\u011fa sokmaya \u00e7al\u0131\u015fan hain sald\u0131r\u0131y\u0131 p\u00fcsk\u00fcrtt\u00fck. Bu d\u00fc\u015f\u00fcncelerle, \u00fclkemizin ba\u011f\u0131ms\u0131zl\u0131\u011f\u0131n\u0131 ve birli\u011fini hedef alan hain darbe giri\u015fiminin y\u0131l d\u00f6n\u00fcm\u00fcnde 15 Temmuz gecesi \u015fehit olan t\u00fcm vatan evlatlar\u0131m\u0131za Allah\u2019tan rahmet, gazilerimize \u015f\u00fckranlar\u0131m\u0131 sunuyorum. Ayr\u0131ca bu aziz vatan i\u00e7in can\u0131n\u0131 feda eden t\u00fcm kahraman asker, polis ve sivil \u015fehitlerimize \u015f\u00fckranlar\u0131m\u0131z\u0131 sunuyor, Y\u00fcce Allah\u2019tan gani rahmet diliyoruz. Tarih boyunca bir\u00e7ok zorlu\u011fun \u00fcstesinden gelen milletimiz ile el ele vererek ecdad\u0131m\u0131z\u0131n bize miras b\u0131rakt\u0131\u011f\u0131 \u00fclkemizi daha g\u00fc\u00e7l\u00fc yar\u0131nlara haz\u0131rlamaya ve 15 Temmuz ruhunu ya\u015fatmaya devam edece\u011fiz&#8221; ifadelerini kulland\u0131.<\/p>\n<p><strong>BAKAN TEK\u0130N: 15 TEMMUZ EMPERYAL\u0130STLERE TAR\u0130H\u0130 B\u0130R CEVAPTIR<\/strong><\/p>\n<p>Milli E\u011fitim Bakan\u0131 Yusuf Tekin, sosyal medya hesab\u0131ndan payla\u015ft\u0131\u011f\u0131 mesajda, &#8220;15 Temmuz, milletimizin ba\u011f\u0131ms\u0131zl\u0131k ve h\u00fcrriyetine olan sars\u0131lmaz inanc\u0131n\u0131n te\u015fekk\u00fcl etti\u011fi, ortak zaferimizin ve kutlu direni\u015fimizin y\u0131l d\u00f6n\u00fcm\u00fcd\u00fcr. O gece, milletimiz hain darbe giri\u015fimini sadece p\u00fcsk\u00fcrtmekle kalmam\u0131\u015f, birlik, beraberlik ve demokrasiye olan ba\u011fl\u0131l\u0131\u011f\u0131n g\u00fcc\u00fcn\u00fc t\u00fcm d\u00fcnyaya g\u00f6stermi\u015ftir. 15 Temmuz, emperyalistlere ve onlar\u0131n i\u015f birlik\u00e7ilerine verilmi\u015f tarih\u00ee ve destans\u0131 bir cevapt\u0131r. Bu nedenle, 15 Temmuz Destan\u0131\u2019n\u0131 diri tutacak, yar\u0131nlar\u0131 kuracak bir ruhla anmaya devam edece\u011fiz. Unutmamak, unutturmamak, \u015fehitlerimizin aziz hat\u0131ralar\u0131n\u0131 ya\u015fatmak hepimizin g\u00f6revidir. Mill\u00ee E\u011fitim Bakanl\u0131\u011f\u0131 olarak gen\u00e7 nesillerimizi mill\u00ee ve manevi de\u011ferlerine ba\u011fl\u0131, vatan sevgisiyle yo\u011frulmu\u015f bireyler olarak yeti\u015ftirmeyi en \u00f6ncelikli g\u00f6revimiz olarak kabul ediyoruz. 15 Temmuz ruhunu ve milletimizin direni\u015fini gen\u00e7 nesillerimize aktararak, evlatlar\u0131m\u0131z\u0131n her daim vatan\u0131na, milletine ve bayra\u011f\u0131na ba\u011fl\u0131, cesur ve fedak\u00e2r bireyler olmas\u0131n\u0131 hedefliyoruz. Bu vesileyle, 15 Temmuz\u2019un y\u0131l d\u00f6n\u00fcm\u00fcnde bir kez daha vatan\u0131m\u0131z i\u00e7in canlar\u0131n\u0131 feda eden t\u00fcm \u015fehitlerimizi rahmetle an\u0131yor, gazilerimize minnet ve \u015f\u00fckranlar\u0131m\u0131 sunuyorum. Birlik ve beraberlik i\u00e7inde, daha g\u00fc\u00e7l\u00fc bir T\u00fcrkiye i\u00e7in hep birlikte \u00e7al\u0131\u015fmaya devam edece\u011fiz&#8221; ifadelerine yer verdi.<\/p>\n<p><strong>BAKAN TUN\u00c7: \u00dcLKEM\u0130ZDE DARBELER D\u00d6NEM\u0130 B\u0130R DAHA A\u00c7ILMAMAK \u00dcZERE KAPANMI\u015eTIR<\/strong><\/p>\n<p>Adalet Bakan\u0131 Y\u0131lmaz Tun\u00e7, sosyal medya hesab\u0131ndan payla\u015ft\u0131\u011f\u0131 mesaj\u0131nda \u015fu ifadelere yer verdi:<\/p>\n<p>&#8220;15 Temmuz hain darbe giri\u015fiminin 8. y\u0131l d\u00f6n\u00fcm\u00fcnde t\u00fcm darbeleri ve darbe giri\u015fimlerini lanetliyor; vatan\u0131m\u0131z, ba\u011f\u0131ms\u0131zl\u0131\u011f\u0131m\u0131z ve demokrasimiz u\u011fruna can veren aziz \u015fehitlerimizi rahmetle an\u0131yor, gazilerimize \u015f\u00fckranlar\u0131m\u0131 sunuyorum. Mazisi kahramanl\u0131klarla dolu aziz milletimizin 15 Temmuz Demokrasi ve Milli Birlik G\u00fcn\u00fc\u2019n\u00fc tebrik ediyorum. 15 Temmuz 2016\u2019da ger\u00e7ekle\u015ftirilen hain darbe giri\u015fimi, aziz milletimiz i\u00e7in bir d\u00f6n\u00fcm noktas\u0131d\u0131r. Darbelerle, muht\u0131ralarla, kumpaslarla, sokak olaylar\u0131yla amac\u0131na ula\u015famayan vesayet\u00e7i zihniyet, FET\u00d6 eliyle anayasal d\u00fczeni ve milli iradeyi yok etmek istemi\u015f, Say\u0131n Cumhurba\u015fkan\u0131m\u0131z\u0131 ve halk\u0131n oylar\u0131yla se\u00e7ilmi\u015f h\u00fck\u00fcmeti devirmeye kalk\u0131\u015fm\u0131\u015ft\u0131r. Aziz milletimiz, t\u0131pk\u0131 Milli M\u00fccadele\u2019de oldu\u011fu gibi 15 Temmuz\u2019da da hainlere ge\u00e7it vermemi\u015f, Cumhurba\u015fkan\u0131m\u0131z Say\u0131n Recep Tayyip Erdo\u011fan\u2019\u0131n \u00e7a\u011fr\u0131s\u0131yla meydanlara ak\u0131n ederek vatan ve bayrak a\u015fk\u0131yla yeni bir kahramanl\u0131k destan\u0131 yazm\u0131\u015ft\u0131r. Hainlerin kar\u015f\u0131s\u0131nda dimdik duran milletimiz, onurlu m\u00fccadelesiyle t\u00fcm d\u00fcnyaya bir kez daha demokrasi dersi vermi\u015ftir. Hain darbe giri\u015fiminin \u00f6nlenmesinde en \u00f6nemli unsurlardan biri de \u015f\u00fcphesiz tarafs\u0131z ve ba\u011f\u0131ms\u0131z yarg\u0131d\u0131r. Darbe giri\u015fiminin ilk an\u0131ndan itibaren Cumhuriyet ba\u015fsavc\u0131l\u0131klar\u0131 soru\u015fturmalar\u0131n\u0131 ba\u015flatm\u0131\u015f, darbeciler hakk\u0131nda g\u00f6zalt\u0131 ve tutuklama kararlar\u0131 vermi\u015ftir. Yarg\u0131 mensuplar\u0131n\u0131n g\u00f6sterdi\u011fi kahramanl\u0131k, ge\u00e7mi\u015fteki darbelerde cuntac\u0131lar\u0131 \u2018haz\u0131r ol\u2019da bekleyen vesayet\u00e7i yarg\u0131 anlay\u0131\u015f\u0131n\u0131n tarihe kar\u0131\u015ft\u0131\u011f\u0131n\u0131n en \u00f6nemli g\u00f6stergesi olmu\u015ftur. 15 Temmuz\u2019la birlikte \u00fclkemizde art\u0131k darbeler d\u00f6nemi bir daha a\u00e7\u0131lmamak \u00fczere kapanm\u0131\u015ft\u0131r. Ge\u00e7mi\u015ften gelece\u011fe kurdu\u011fumuz k\u00f6pr\u00fcn\u00fcn harc\u0131n\u0131 birli\u011fimizle, karde\u015fli\u011fimizle, istiklal a\u015fk\u0131yla, vatan ve millet sevgisiyle karmaya devam edece\u011fiz. Vesayet\u00e7i zihniyete, \u00fclkemiz \u00fczerinde oyun kurmak isteyen \u015fer odaklar\u0131na asla m\u00fcsaade etmeyece\u011fiz. Cumhurba\u015fkan\u0131m\u0131z Say\u0131n Recep Tayyip Erdo\u011fan\u2019\u0131n liderli\u011finde b\u00fcy\u00fck ve g\u00fc\u00e7l\u00fc T\u00fcrkiye\u2019yi in\u015fa etmeyi s\u00fcrd\u00fcrece\u011fiz. Ba\u015fta FET\u00d6 ve PKK olmak \u00fczere \u00fclkemizin huzurunu hedef alan hi\u00e7bir ter\u00f6r \u00f6rg\u00fct\u00fcne g\u00f6z a\u00e7t\u0131rmayaca\u011f\u0131z.&#8221;<\/p>\n<p><strong>BAKAN KACIR: 15 TEMMUZ CUMHURBA\u015eKANIMIZ L\u0130DERL\u0130\u011e\u0130NDE KAZANILMI\u015e M\u0130LLET\u0130N ZAFER\u0130\u2019D\u0130R<\/strong><\/p>\n<p>Sanayi ve Teknoloji Bakan\u0131 Mehmet Fatih Kac\u0131r, yay\u0131mlad\u0131\u011f\u0131 mesaj\u0131nda, &#8220;15 Temmuz T\u00fcrk Milletinin istikl\u00e2line ve istikb\u00e2line sahip \u00e7\u0131karak, kad\u0131n\u0131yla erke\u011fiyle, genciyle ya\u015fl\u0131s\u0131yla birlikte verdi\u011fi kahramanca m\u00fccadelenin ve yazd\u0131\u011f\u0131 destan\u0131n ad\u0131d\u0131r. Cumhurba\u015fkan\u0131m\u0131z ve Ba\u015fkomutan\u0131m\u0131z Say\u0131n Recep Tayyip Erdo\u011fan\u2019\u0131n liderli\u011finde kazan\u0131lm\u0131\u015f Milletin Zaferi\u2019dir. \u015eair\u2019in &#8216;As\u0131m\u2019\u0131n nesli diyordum ya; nesilmi\u015f ger\u00e7ek\u2026&#8217; diye bahsetti\u011fi o nesilden, namusunu \u00e7i\u011fnetmemek ad\u0131na \u015fehadete ko\u015fan kahramanlar\u0131m\u0131z\u0131 rahmetle, \u015fanl\u0131 gazilerimizi minnetle an\u0131yorum&#8221; ifadelerine yer verdi.<\/p>\n\n<p><\/p>\n<p>Kaynak :\u00a0<span style=\"background-color: rgb(255, 249, 236); color: rgb(55, 58, 60); font-size: 14px;\">http:\/\/www.milliyet.com.tr\/gundem\/siyasilerden-15-temmuz-demokrasi-ve-milli-birlik-gunu-mesajlari-7156093<\/span><\/p>\n","protected":false},"excerpt":{"rendered":"<p>15 Temmuz Demokrasi ve Milli Birlik G\u00fcn\u00fc dolay\u0131s\u0131yla siyasiler pe\u015f pe\u015fe mesaj yay\u0131nlad\u0131.<\/p>\n","protected":false},"author":1,"featured_media":106357,"comment_status":"open","ping_status":"open","sticky":false,"template":"","format":"standard","meta":{"footnotes":""},"categories":[3],"tags":[6581,224,2613,7008,6790],"class_list":["post-106356","post","type-post","status-publish","format-standard","has-post-thumbnail","hentry","category-guncel","tag-15-temmuz","tag-bakan","tag-darbe","tag-kahraman","tag-sehitler"],"_links":{"self":[{"href":"https:\/\/kamucalisani.net\/index.php\/wp-json\/wp\/v2\/posts\/106356","targetHints":{"allow":["GET"]}}],"collection":[{"href":"https:\/\/kamucalisani.net\/index.php\/wp-json\/wp\/v2\/posts"}],"about":[{"href":"https:\/\/kamucalisani.net\/index.php\/wp-json\/wp\/v2\/types\/post"}],"author":[{"embeddable":true,"href":"https:\/\/kamucalisani.net\/index.php\/wp-json\/wp\/v2\/users\/1"}],"replies":[{"embeddable":true,"href":"https:\/\/kamucalisani.net\/index.php\/wp-json\/wp\/v2\/comments?post=106356"}],"version-history":[{"count":1,"href":"https:\/\/kamucalisani.net\/index.php\/wp-json\/wp\/v2\/posts\/106356\/revisions"}],"predecessor-version":[{"id":106358,"href":"https:\/\/kamucalisani.net\/index.php\/wp-json\/wp\/v2\/posts\/106356\/revisions\/106358"}],"wp:featuredmedia":[{"embeddable":true,"href":"https:\/\/kamucalisani.net\/index.php\/wp-json\/wp\/v2\/media\/106357"}],"wp:attachment":[{"href":"https:\/\/kamucalisani.net\/index.php\/wp-json\/wp\/v2\/media?parent=106356"}],"wp:term":[{"taxonomy":"category","embeddable":true,"href":"https:\/\/kamucalisani.net\/index.php\/wp-json\/wp\/v2\/categories?post=106356"},{"taxonomy":"post_tag","embeddable":true,"href":"https:\/\/kamucalisani.net\/index.php\/wp-json\/wp\/v2\/tags?post=106356"}],"curies":[{"name":"wp","href":"https:\/\/api.w.org\/{rel}","templated":true}]}}