{"id":106731,"date":"2024-10-15T10:48:07","date_gmt":"2024-10-15T10:48:07","guid":{"rendered":"https:\/\/kamucalisani.net\/?p=106731"},"modified":"2024-10-15T10:48:07","modified_gmt":"2024-10-15T10:48:07","slug":"mehmet-kasapoglundan-15-temmuz-mesaji-bu-millet-bir-oldukca-bilegini-hicbir-guc-bukemez","status":"publish","type":"post","link":"https:\/\/kamucalisani.net\/index.php\/2024\/10\/15\/mehmet-kasapoglundan-15-temmuz-mesaji-bu-millet-bir-oldukca-bilegini-hicbir-guc-bukemez\/","title":{"rendered":"Mehmet Kasapo\u011flu&#8217;ndan 15 Temmuz mesaj\u0131: Bu millet bir olduk\u00e7a, bile\u011fini hi\u00e7bir g\u00fc\u00e7 b\u00fckemez"},"content":{"rendered":"<p><p>15 Temmuz darbe giri\u015fiminin 8\u2019inci y\u0131l d\u00f6n\u00fcm\u00fc vesilesiyle mesaj yay\u0131mlayan \u00f6nceki d\u00f6nem Gen\u00e7lik ve Spor Bakan\u0131, AK Parti \u0130zmir Milletvekili Mehmet Kasapo\u011flu, \u201c15 Temmuz milli iradenin \u00fczerinde hi\u00e7bir g\u00fc\u00e7 olamayaca\u011f\u0131n\u0131n tasdikidir. \u00c7anakkale ruhunun hala taze oldu\u011funun ve bu ruhun milletimizin birli\u011fini peki\u015ftirdi\u011finin ispat\u0131d\u0131r. Vatana el s\u00fcrd\u00fcrmemek i\u00e7in can\u0131ndan ve evlatlar\u0131ndan vazge\u00e7en milletimizin dik ve dirayetli duru\u015fudur. 7\u2019den 77\u2019ye aziz milletimizin kararl\u0131l\u0131k ve cesaret ni\u015fanesidir\u201d dedi.<\/p>\n<div>\n<div><img decoding=\"async\" src=\"https:\/\/kamucalisani.net\/wp-content\/uploads\/2024\/10\/mehmet-kasapoglundan-15-temmuz-mesaji-bu-millet-bir-oldukca-bilegini-hicbir-guc-bukemez-0-Hzx3J23V.jpg\"\/><\/img><\/div>\n<\/div>\n<p><strong>\u201c15 TEMMUZ ONURUMUZDUR, GURURUMUZDUR, \u015eEREF\u0130M\u0130ZD\u0130R, HAYS\u0130YET\u0130M\u0130ZD\u0130R\u201d<\/strong><\/p>\n<p>Kasapo\u011flu, mesaj\u0131n\u0131n devam\u0131nda \u015fu ifadeleri kulland\u0131:<\/p>\n<p>\u201c15 Temmuz; istikbalimiz i\u00e7in ter\u00f6re, darbecilere, emperyalistlere, gelece\u011fimize pranga vurmak isteyenlere kar\u015f\u0131 s\u00f6yledi\u011fimiz s\u00f6z, s\u0131kt\u0131\u011f\u0131m\u0131z yumruk, vatan evlatlar\u0131n\u0131n omzunda y\u00fckselen \u015fanl\u0131 bir zaferdir. Bu millet bir olduk\u00e7a, bile\u011fini hi\u00e7bir g\u00fc\u00e7 b\u00fckemez. Gen\u00e7lerimiz, 15 Temmuz 2016 gecesi g\u00f6sterdikleri dirayetle milletimizin yar\u0131nlara olan umudunu ye\u015fertmi\u015ftir. Devlet, millet ve vatan kavramlar\u0131n\u0131n idrak ve \u015fuurunda olan gen\u00e7lerimiz, \u015fanl\u0131 mazimizden ald\u0131klar\u0131 ilhamla hem kendi geleceklerine hem T\u00fcrkiye\u2019nin yar\u0131nlar\u0131na sahip \u00e7\u0131km\u0131\u015flard\u0131r. Kahraman \u015fehitlerimizi rahmet ve minnetle yad ediyorum. Mekanlar\u0131 cennet olsun. Gazilerimize, ba\u011f\u0131ms\u0131zl\u0131k m\u00fccadelemizde g\u00f6sterdikleri cesaretten ve fedakarl\u0131ktan dolay\u0131 \u015f\u00fckranlar\u0131m\u0131 arz ediyorum.<\/p>\n<p>Bu millet, kahramanlar\u0131n\u0131 asla unutmayacak, unutturmayacakt\u0131r. 15 Temmuz bizlere, milletimizin ne kadar b\u00fcy\u00fck ve g\u00fc\u00e7l\u00fc oldu\u011funu bir kez daha g\u00f6stermi\u015ftir. Bu zafer, sadece T\u00fcrkiye&#8217;nin de\u011fil, t\u00fcm mazlum milletlerin de zaferidir. Demokrasiye ve milli iradeye olan inanc\u0131m\u0131z\u0131 her daim koruyacak ve birli\u011fimize ket vurmaya \u00e7al\u0131\u015fan al\u00e7aklara asla f\u0131rsat vermeyece\u011fiz. Biz, hep birlikte T\u00fcrkiye\u2019yiz. 15 Temmuz Demokrasi ve Birlik G\u00fcn\u00fcm\u00fcz kutlu olsun.\u201d<\/p>\n<p>\u00a0<\/p>\n\n<p><\/p>\n<p>Kaynak :\u00a0<span style=\"background-color: rgb(255, 249, 236); color: rgb(55, 58, 60); font-size: 14px;\">http:\/\/www.milliyet.com.tr\/gundem\/mehmet-kasapoglundan-15-temmuz-mesaji-bu-millet-bir-oldukca-bilegini-hicbir-guc-bukemez-7156224<\/span><\/p>\n","protected":false},"excerpt":{"rendered":"<p>\u00d6nceki d\u00f6nem Gen\u00e7lik ve Spor Bakan\u0131, AK Parti \u0130zmir Milletvekili Mehmet Kasapo\u011flu, &#8220;15 Temmuz; istikbalimiz i\u00e7in ter\u00f6re, darbecilere, emperyalistlere, gelece\u011fimize pranga vurmak isteyenlere kar\u015f\u0131 s\u00f6yledi\u011fimiz s\u00f6z, s\u0131kt\u0131\u011f\u0131m\u0131z yumruk, vatan evlatlar\u0131n\u0131n omzunda y\u00fckselen \u015fanl\u0131 bir zaferdir&#8221; dedi.<\/p>\n","protected":false},"author":1,"featured_media":106732,"comment_status":"open","ping_status":"open","sticky":false,"template":"","format":"standard","meta":{"footnotes":""},"categories":[3],"tags":[6581,2106,7023],"class_list":["post-106731","post","type-post","status-publish","format-standard","has-post-thumbnail","hentry","category-guncel","tag-15-temmuz","tag-millet","tag-milletimizin"],"_links":{"self":[{"href":"https:\/\/kamucalisani.net\/index.php\/wp-json\/wp\/v2\/posts\/106731","targetHints":{"allow":["GET"]}}],"collection":[{"href":"https:\/\/kamucalisani.net\/index.php\/wp-json\/wp\/v2\/posts"}],"about":[{"href":"https:\/\/kamucalisani.net\/index.php\/wp-json\/wp\/v2\/types\/post"}],"author":[{"embeddable":true,"href":"https:\/\/kamucalisani.net\/index.php\/wp-json\/wp\/v2\/users\/1"}],"replies":[{"embeddable":true,"href":"https:\/\/kamucalisani.net\/index.php\/wp-json\/wp\/v2\/comments?post=106731"}],"version-history":[{"count":1,"href":"https:\/\/kamucalisani.net\/index.php\/wp-json\/wp\/v2\/posts\/106731\/revisions"}],"predecessor-version":[{"id":106734,"href":"https:\/\/kamucalisani.net\/index.php\/wp-json\/wp\/v2\/posts\/106731\/revisions\/106734"}],"wp:featuredmedia":[{"embeddable":true,"href":"https:\/\/kamucalisani.net\/index.php\/wp-json\/wp\/v2\/media\/106732"}],"wp:attachment":[{"href":"https:\/\/kamucalisani.net\/index.php\/wp-json\/wp\/v2\/media?parent=106731"}],"wp:term":[{"taxonomy":"category","embeddable":true,"href":"https:\/\/kamucalisani.net\/index.php\/wp-json\/wp\/v2\/categories?post=106731"},{"taxonomy":"post_tag","embeddable":true,"href":"https:\/\/kamucalisani.net\/index.php\/wp-json\/wp\/v2\/tags?post=106731"}],"curies":[{"name":"wp","href":"https:\/\/api.w.org\/{rel}","templated":true}]}}