{"id":106986,"date":"2024-10-15T21:36:12","date_gmt":"2024-10-15T21:36:12","guid":{"rendered":"https:\/\/kamucalisani.net\/?p=106986"},"modified":"2024-10-15T21:36:12","modified_gmt":"2024-10-15T21:36:12","slug":"sevilladan-youssef-en-nesyri-aciklamasi-bizi-memnun-eden-bir-teklif-yok","status":"publish","type":"post","link":"https:\/\/kamucalisani.net\/index.php\/2024\/10\/15\/sevilladan-youssef-en-nesyri-aciklamasi-bizi-memnun-eden-bir-teklif-yok\/","title":{"rendered":"Sevilla&#8217;dan Youssef En-Nesyri a\u00e7\u0131klamas\u0131! &#8216;Bizi memnun eden bir teklif yok&#8217;"},"content":{"rendered":"<p><p>Jose Mourinho y\u00f6netimindeki Fenerbah\u00e7e&#8217;nin durumunu yak\u0131ndan takip etti\u011fi Youssef En-Nesyri i\u00e7in Sevilla cephesinden a\u00e7\u0131klama yap\u0131ld\u0131. Sevilla Sportif Direkt\u00f6r\u00fc Victor Orta, Fasl\u0131 futbolcunun transferi hakk\u0131nda deme\u00e7 verdi.<\/p>\n<p>27 ya\u015f\u0131ndaki santrfora \u00e7ok say\u0131da kul\u00fcb\u00fcn ilgi g\u00f6sterdi\u011fini belirten Victor Orta, &#8220;Youssef En-Nesyri&#8217;ye Avrupa&#8217;dan bir\u00e7ok tak\u0131m\u0131n ilgisi var&#8221; dedi.<\/p>\n<p>Hen\u00fcz kendilerini memnun edecek teklif almad\u0131klar\u0131n\u0131 dile getiren Victor Orta, &#8220;Onun \u00f6neminin fark\u0131nday\u0131z ama bug\u00fcn bizi memnun eden bir teklif yok&#8221; ifadelerini kulland\u0131.<\/p>\n<div>\n<div><img decoding=\"async\" src=\"https:\/\/kamucalisani.net\/wp-content\/uploads\/2024\/10\/sevilladan-youssef-en-nesyri-aciklamasi-bizi-memnun-eden-bir-teklif-yok-0-UHisbXDT.jpg\"\/><\/img><\/div>\n<\/div>\n<p>Youssfe En-Nesyri i\u00e7in Serie A&#8217;dan Roma ve Suudi Arabistan&#8217;dan Al Quadsiah&#8217;\u0131n ilgi duydu\u011fu iddialar\u0131 \u00f6ne s\u00fcr\u00fclm\u00fc\u015ft\u00fc. Roma&#8217;n\u0131n Fenerbah\u00e7e&#8217;den daha iyi bir teklif yaparak transferi bitirme a\u015famas\u0131na geldi\u011fi belirtilmi\u015fti.<\/p>\n<p>Youssef En-Nesyri, geride kalan sezonda Sevilla formas\u0131n\u0131 41 resmi ma\u00e7ta terletti. Fasl\u0131 forvet, bu m\u00fcsabakalarda 20 gol atma ba\u015far\u0131s\u0131 g\u00f6sterdi. 27 ya\u015f\u0131ndaki santrfor, tak\u0131m arkada\u015flar\u0131na 3 asist yapt\u0131.<\/p>\n<p>Youssef En-Nesyri&#8217;nin Sevilla ile olan s\u00f6zle\u015fmesi 30 Haziran 2025&#8217;te sona erecek. Tecr\u00fcbeli forvetin g\u00fcncel piyasa de\u011feri 20 milyon euro.<\/p>\n<div>\n<div><img decoding=\"async\" src=\"https:\/\/kamucalisani.net\/wp-content\/uploads\/2024\/10\/sevilladan-youssef-en-nesyri-aciklamasi-bizi-memnun-eden-bir-teklif-yok-1-elqfv7cV.jpg\"\/><\/img><\/div>\n<\/div>\n<p>Malaga altyap\u0131s\u0131nda yeti\u015fen Youssef En-Nesyri daha sonra Leganes&#8217;te oynad\u0131. Sevilla, 2019-2020 sezonu devre aras\u0131nda ba\u015far\u0131l\u0131 forvet i\u00e7in 20 milyon euro bonservis bedeli \u00f6dedi.<\/p>\n<p>Youssef En-Nesyri, Fas Milli Tak\u0131m\u0131&#8217;nda 73 kar\u015f\u0131la\u015fmada forma \u015fans\u0131 buldu. 27 ya\u015f\u0131ndaki santrfor, bu m\u00fccadelelerde 20 kez rakip fileleri havaland\u0131rd\u0131.<\/p>\n\n<p><\/p>\n<p>Kaynak :\u00a0<span style=\"background-color: rgb(255, 249, 236); color: rgb(55, 58, 60); font-size: 14px;\">http:\/\/www.milliyet.com.tr\/skorer\/sevilladan-youssef-en-nesyri-aciklamasi-bizi-memnun-eden-bir-teklif-yok-7156328<\/span><\/p>\n","protected":false},"excerpt":{"rendered":"<p>Fenerbah\u00e7e&#8217;nin transfer g\u00fcndemindeki Youssef En-Nesyri i\u00e7in Sevilla&#8217;dan resmi a\u00e7\u0131klama geldi. Sevilla Sportif Direkt\u00f6r\u00fc Victor Orta, 27 ya\u015f\u0131ndaki santrforla ilgili konu\u015ftu.<\/p>\n","protected":false},"author":1,"featured_media":106987,"comment_status":"open","ping_status":"open","sticky":false,"template":"","format":"standard","meta":{"footnotes":""},"categories":[7],"tags":[7057,5807],"class_list":["post-106986","post","type-post","status-publish","format-standard","has-post-thumbnail","hentry","category-spor","tag-sevilla","tag-youssef-en-nesyri"],"_links":{"self":[{"href":"https:\/\/kamucalisani.net\/index.php\/wp-json\/wp\/v2\/posts\/106986","targetHints":{"allow":["GET"]}}],"collection":[{"href":"https:\/\/kamucalisani.net\/index.php\/wp-json\/wp\/v2\/posts"}],"about":[{"href":"https:\/\/kamucalisani.net\/index.php\/wp-json\/wp\/v2\/types\/post"}],"author":[{"embeddable":true,"href":"https:\/\/kamucalisani.net\/index.php\/wp-json\/wp\/v2\/users\/1"}],"replies":[{"embeddable":true,"href":"https:\/\/kamucalisani.net\/index.php\/wp-json\/wp\/v2\/comments?post=106986"}],"version-history":[{"count":1,"href":"https:\/\/kamucalisani.net\/index.php\/wp-json\/wp\/v2\/posts\/106986\/revisions"}],"predecessor-version":[{"id":106990,"href":"https:\/\/kamucalisani.net\/index.php\/wp-json\/wp\/v2\/posts\/106986\/revisions\/106990"}],"wp:featuredmedia":[{"embeddable":true,"href":"https:\/\/kamucalisani.net\/index.php\/wp-json\/wp\/v2\/media\/106987"}],"wp:attachment":[{"href":"https:\/\/kamucalisani.net\/index.php\/wp-json\/wp\/v2\/media?parent=106986"}],"wp:term":[{"taxonomy":"category","embeddable":true,"href":"https:\/\/kamucalisani.net\/index.php\/wp-json\/wp\/v2\/categories?post=106986"},{"taxonomy":"post_tag","embeddable":true,"href":"https:\/\/kamucalisani.net\/index.php\/wp-json\/wp\/v2\/tags?post=106986"}],"curies":[{"name":"wp","href":"https:\/\/api.w.org\/{rel}","templated":true}]}}