{"id":107093,"date":"2024-10-16T03:12:07","date_gmt":"2024-10-16T03:12:07","guid":{"rendered":"https:\/\/kamucalisani.net\/?p=107093"},"modified":"2024-10-16T03:12:07","modified_gmt":"2024-10-16T03:12:07","slug":"manchester-uniteddan-fenerbahceye-takas-teklifi-ferdi-kadioglu-icin-jose-mourinhonun-prensi-onerildi","status":"publish","type":"post","link":"https:\/\/kamucalisani.net\/index.php\/2024\/10\/16\/manchester-uniteddan-fenerbahceye-takas-teklifi-ferdi-kadioglu-icin-jose-mourinhonun-prensi-onerildi\/","title":{"rendered":"Manchester United&#8217;dan Fenerbah\u00e7e&#8217;ye takas teklifi! Ferdi Kad\u0131o\u011flu i\u00e7in Jose Mourinho&#8217;nun prensi \u00f6nerildi"},"content":{"rendered":"<p><p>Jose Mourinho y\u00f6netimindeki Fenerbah\u00e7e&#8217;nin milli y\u0131ld\u0131z\u0131 Ferdi Kad\u0131o\u011flu, 2024 Avrupa \u015eampiyonas\u0131&#8217;nda g\u00f6sterdi\u011fi performans sonras\u0131 Avrupa devlerini pe\u015fine takt\u0131. Borussia Dortmund ve Juventus&#8217;un yak\u0131ndan takip etti\u011fi Ferdi Kad\u0131o\u011flu i\u00e7in devreye giren son tak\u0131m Manchester United oldu.<\/p>\n<p>Manchester United&#8217;\u0131n tecr\u00fcbeli sol beki transfer etmekte kararl\u0131 oldu\u011fu belirtildi. Premier Lig devinin, milli futbolcu i\u00e7in Fenerbah\u00e7e&#8217;ye 25 milyon euro \u00f6nerdi\u011fi aktar\u0131ld\u0131.<\/p>\n<div>\n<div><img decoding=\"async\" src=\"https:\/\/kamucalisani.net\/wp-content\/uploads\/2024\/10\/manchester-uniteddan-fenerbahceye-takas-teklifi-ferdi-kadioglu-icin-jose-mourinhonun-prensi-onerildi-0-iCqua5dJ.jpg\"\/><\/img><\/div>\n<\/div>\n<p>Fenerbah\u00e7e&#8217;de kurmaylar\u0131n, Manchester United&#8217;\u0131n 25 milyon euroluk teklifini yeterli bulmad\u0131\u011f\u0131 vurguland\u0131. Sar\u0131-lacivertlilerin, 30 milyon euro istedi\u011fi kaydedildi. Manchester United&#8217;\u0131n Ferdi Kad\u0131o\u011flu transferinde kararl\u0131 oldu\u011fu belirtildi.<\/p>\n<p>Manchester United&#8217;\u0131n 30 milyon euroluk teklif yapmak istemedi\u011fi bu nedenle takas form\u00fcl\u00fcne ba\u015fvurabilece\u011fi kaydedildi. Todofichajes&#8217;te yer alan habere g\u00f6re; Manchester United&#8217;\u0131n takasta Victor Lindel\u00f6f&#8217;\u00fc kullanmak istedi\u011fi vurguland\u0131.<\/p>\n<div>\n<div><img decoding=\"async\" src=\"https:\/\/kamucalisani.net\/wp-content\/uploads\/2024\/10\/manchester-uniteddan-fenerbahceye-takas-teklifi-ferdi-kadioglu-icin-jose-mourinhonun-prensi-onerildi-1-ZLEVzOSB.jpg\"\/><\/img><\/div>\n<\/div>\n<p>Jose Mourinho&#8217;nun Victor Lindel\u00f6f&#8217;\u00fc takip etti\u011fi ve bu takas\u0131n ger\u00e7ekle\u015fmesi durumunda ikilinin yeniden bulu\u015fabilece\u011fi belirtildi. Manchester United&#8217;\u0131n hem Victor Lindel\u00f6f hem de Christian Eriksen&#8217;i elden \u00e7\u0131karmak istedi\u011fi aktar\u0131ld\u0131.<\/p>\n<p>Evening News&#8217;in haberine g\u00f6re; Victor Lindel\u00f6f&#8217;\u00fcn kendisine gelecek transfer tekliflerini de\u011ferlendirece\u011fi vurguland\u0131. \u0130sve\u00e7li savunmac\u0131n\u0131n k\u0131sa s\u00fcre \u00f6nce yine Fenerbah\u00e7e ile an\u0131ld\u0131\u011f\u0131 hat\u0131rlat\u0131ld\u0131.<\/p>\n\n<p><\/p>\n<p>Kaynak :\u00a0<span style=\"background-color: rgb(255, 249, 236); color: rgb(55, 58, 60); font-size: 14px;\">http:\/\/www.milliyet.com.tr\/skorer\/manchester-uniteddan-fenerbahceye-takas-teklifi-ferdi-kadioglu-icin-jose-mourinhonun-prensi-onerildi-7156339<\/span><\/p>\n","protected":false},"excerpt":{"rendered":"<p>Fenerbah\u00e7e formas\u0131 giyen Ferdi Kad\u0131o\u011flu i\u00e7in Manchester United&#8217;\u0131n vites y\u00fckseltti\u011fi \u00f6\u011frenildi. Premier Lig devinin bu transferde takas form\u00fcl\u00fcn\u00fc deneyece\u011fi ve g\u00f6zden \u00e7\u0131kard\u0131\u011f\u0131 isim netlik kazand\u0131.<\/p>\n","protected":false},"author":1,"featured_media":107094,"comment_status":"open","ping_status":"open","sticky":false,"template":"","format":"standard","meta":{"footnotes":""},"categories":[7],"tags":[2599],"class_list":["post-107093","post","type-post","status-publish","format-standard","has-post-thumbnail","hentry","category-spor","tag-manchester-united"],"_links":{"self":[{"href":"https:\/\/kamucalisani.net\/index.php\/wp-json\/wp\/v2\/posts\/107093","targetHints":{"allow":["GET"]}}],"collection":[{"href":"https:\/\/kamucalisani.net\/index.php\/wp-json\/wp\/v2\/posts"}],"about":[{"href":"https:\/\/kamucalisani.net\/index.php\/wp-json\/wp\/v2\/types\/post"}],"author":[{"embeddable":true,"href":"https:\/\/kamucalisani.net\/index.php\/wp-json\/wp\/v2\/users\/1"}],"replies":[{"embeddable":true,"href":"https:\/\/kamucalisani.net\/index.php\/wp-json\/wp\/v2\/comments?post=107093"}],"version-history":[{"count":1,"href":"https:\/\/kamucalisani.net\/index.php\/wp-json\/wp\/v2\/posts\/107093\/revisions"}],"predecessor-version":[{"id":107097,"href":"https:\/\/kamucalisani.net\/index.php\/wp-json\/wp\/v2\/posts\/107093\/revisions\/107097"}],"wp:featuredmedia":[{"embeddable":true,"href":"https:\/\/kamucalisani.net\/index.php\/wp-json\/wp\/v2\/media\/107094"}],"wp:attachment":[{"href":"https:\/\/kamucalisani.net\/index.php\/wp-json\/wp\/v2\/media?parent=107093"}],"wp:term":[{"taxonomy":"category","embeddable":true,"href":"https:\/\/kamucalisani.net\/index.php\/wp-json\/wp\/v2\/categories?post=107093"},{"taxonomy":"post_tag","embeddable":true,"href":"https:\/\/kamucalisani.net\/index.php\/wp-json\/wp\/v2\/tags?post=107093"}],"curies":[{"name":"wp","href":"https:\/\/api.w.org\/{rel}","templated":true}]}}