{"id":107224,"date":"2024-10-16T09:36:08","date_gmt":"2024-10-16T09:36:08","guid":{"rendered":"https:\/\/kamucalisani.net\/?p=107224"},"modified":"2024-10-16T09:36:08","modified_gmt":"2024-10-16T09:36:08","slug":"mecliste-15-temmuz-demokrasi-ve-milli-birlik-gunu-toreni","status":"publish","type":"post","link":"https:\/\/kamucalisani.net\/index.php\/2024\/10\/16\/mecliste-15-temmuz-demokrasi-ve-milli-birlik-gunu-toreni\/","title":{"rendered":"Meclis&#8217;te \u201815 Temmuz Demokrasi ve Milli Birlik G\u00fcn\u00fc\u2019 t\u00f6reni"},"content":{"rendered":"<p><p>TBMM T\u00f6ren Salonu&#8217;nda 15 Temmuz Demokrasi ve Milli Birlik G\u00fcn\u00fc dolay\u0131s\u0131yla anma t\u00f6reni d\u00fczenlendi.<\/p>\n<p>TBMM Ba\u015fkan\u0131 Numan Kurtulmu\u015f&#8217;un ev sahipli\u011finde d\u00fczenlenen t\u00f6rene Cumhurba\u015fkan\u0131 Yard\u0131mc\u0131s\u0131 Cevdet Y\u0131lmaz, CHP Genel Ba\u015fkan\u0131 \u00d6zg\u00fcr \u00d6zel, AK Parti TBMM Grup Ba\u015fkan\u0131 Abdullah G\u00fcler, kabine \u00fcyeleri, eski TBMM Ba\u015fkanlar\u0131, H\u00dcDA-PAR Genel Ba\u015fkan\u0131 Zekeriya Yap\u0131c\u0131o\u011flu, B\u00fcy\u00fck Birlik Partisi Genel Ba\u015fkan\u0131 Mustafa Destici, siyasi parti temsilcileri, 15 Temmuz \u015fehitlerinin aileleri ve gaziler ile \u00e7ok say\u0131da davetli kat\u0131ld\u0131.<\/p>\n<p>Sayg\u0131 duru\u015fu ve \u0130stiklal Mar\u015f\u0131&#8217;n\u0131n okunmas\u0131yla ba\u015flayan t\u00f6rende Kur-an&#8217;\u0131 Kerim tilaveti okundu, Diyanet \u0130\u015fleri Ba\u015fkan\u0131 Ali Erba\u015f dua etti.<\/p>\n<p>Cumhurba\u015fkan\u0131 Recep Tayyip Erdo\u011fan&#8217;\u0131n 15 Temmuz darbe gecesinde kat\u0131ld\u0131\u011f\u0131 canl\u0131 yay\u0131nda halk\u0131 meydanlara davet etti\u011fi konu\u015fma, o geceden g\u00f6r\u00fcnt\u00fcler ile camilerden okunan selalar sinevizyona yans\u0131t\u0131ld\u0131.<\/p>\n<p>Daha sonra AK Parti \u0130stanbul Milletvekili ve besteci Y\u00fccel Arzen Hac\u0131o\u011fullar\u0131 y\u00f6netimindeki TRT \u00e7ok sesli m\u00fczik korosunun e\u015flik etti\u011fi &#8220;15 Temmuz&#8221; isimli dinleti sunuldu.<\/p>\n<p><strong>Milletvekillerinden olu\u015fan koro, Erzurum t\u00fcrk\u00fcs\u00fcn\u00fc seslendirdi<\/strong><\/p>\n<p>AK Parti&#8217;li Hac\u0131o\u011fullar\u0131, yapt\u0131\u011f\u0131 konu\u015fmada &#8220;Gazi Mustafa Kemal Atat\u00fcrk \u00f6nderli\u011finde \u0130stiklal Harbi ile birinci gazili\u011fini, Cumhurba\u015fkan\u0131m\u0131z say\u0131n Recep Tayyip Erdo\u011fan liderli\u011finde bu kez istiklal m\u00fcdafaas\u0131yla ikinci gazili\u011fini d\u00fcnyaya ilan eden T\u00fcrkiye B\u00fcy\u00fck Millet Meclisi&#8217;mizin \u015feref salonunda sizleri 15 Temmuz selas\u0131 ile selamlad\u0131k.&#8221; dedi.<\/p>\n<p>\u015eehitleri rahmetle anan Hac\u0131o\u011fullar\u0131, konu\u015fmas\u0131n\u0131n ard\u0131ndan AK Parti Trabzon Milletvekili Mustafa \u015een, AK Parti Erzurum Milletvekili Fatma \u00d6nc\u00fc, CHP Kars Milletvekili \u0130nan Akg\u00fcn Alp, Saadet Partisi \u0130zmir Milletvekili Mustafa Bilici ile \u0130Y\u0130 Parti \u0130zmir H\u00fcsmen K\u0131rkp\u0131nar&#8217;\u0131 sahneye davet etti.<\/p>\n<p>Milletvekillerinden olu\u015fan koro, Erzurum y\u00f6resine ait bir t\u00fcrk\u00fc seslendirdi.<\/p>\n<p>\u00a0<\/p>\n\n<p><\/p>\n<p>Kaynak :\u00a0<span style=\"background-color: rgb(255, 249, 236); color: rgb(55, 58, 60); font-size: 14px;\">http:\/\/www.milliyet.com.tr\/gundem\/mecliste-15-temmuz-demokrasi-ve-milli-birlik-gunu-toreni-7156422<\/span><\/p>\n","protected":false},"excerpt":{"rendered":"<p>15 Temmuz Demokrasi ve Milli Birlik G\u00fcn\u00fc dolay\u0131s\u0131yla Meclis&#8217;te d\u00fczenlenen t\u00f6rende, AK Parti \u0130stanbul Milletvekili ve besteci Y\u00fccel Arzen Hac\u0131o\u011fullar\u0131 y\u00f6netiminde milletvekillerinden olu\u015fan koro, Erzurum y\u00f6resine ait t\u00fcrk\u00fc seslendirdi.<\/p>\n","protected":false},"author":1,"featured_media":107225,"comment_status":"open","ping_status":"open","sticky":false,"template":"","format":"standard","meta":{"footnotes":""},"categories":[3],"tags":[6581,1537,215,3068],"class_list":["post-107224","post","type-post","status-publish","format-standard","has-post-thumbnail","hentry","category-guncel","tag-15-temmuz","tag-ak-parti","tag-baskani","tag-milletvekili"],"_links":{"self":[{"href":"https:\/\/kamucalisani.net\/index.php\/wp-json\/wp\/v2\/posts\/107224","targetHints":{"allow":["GET"]}}],"collection":[{"href":"https:\/\/kamucalisani.net\/index.php\/wp-json\/wp\/v2\/posts"}],"about":[{"href":"https:\/\/kamucalisani.net\/index.php\/wp-json\/wp\/v2\/types\/post"}],"author":[{"embeddable":true,"href":"https:\/\/kamucalisani.net\/index.php\/wp-json\/wp\/v2\/users\/1"}],"replies":[{"embeddable":true,"href":"https:\/\/kamucalisani.net\/index.php\/wp-json\/wp\/v2\/comments?post=107224"}],"version-history":[{"count":1,"href":"https:\/\/kamucalisani.net\/index.php\/wp-json\/wp\/v2\/posts\/107224\/revisions"}],"predecessor-version":[{"id":107226,"href":"https:\/\/kamucalisani.net\/index.php\/wp-json\/wp\/v2\/posts\/107224\/revisions\/107226"}],"wp:featuredmedia":[{"embeddable":true,"href":"https:\/\/kamucalisani.net\/index.php\/wp-json\/wp\/v2\/media\/107225"}],"wp:attachment":[{"href":"https:\/\/kamucalisani.net\/index.php\/wp-json\/wp\/v2\/media?parent=107224"}],"wp:term":[{"taxonomy":"category","embeddable":true,"href":"https:\/\/kamucalisani.net\/index.php\/wp-json\/wp\/v2\/categories?post=107224"},{"taxonomy":"post_tag","embeddable":true,"href":"https:\/\/kamucalisani.net\/index.php\/wp-json\/wp\/v2\/tags?post=107224"}],"curies":[{"name":"wp","href":"https:\/\/api.w.org\/{rel}","templated":true}]}}