{"id":107238,"date":"2024-10-16T10:12:06","date_gmt":"2024-10-16T10:12:06","guid":{"rendered":"https:\/\/kamucalisani.net\/?p=107238"},"modified":"2024-10-16T10:12:06","modified_gmt":"2024-10-16T10:12:06","slug":"eyupspor-boluda-kampa-girdi","status":"publish","type":"post","link":"https:\/\/kamucalisani.net\/index.php\/2024\/10\/16\/eyupspor-boluda-kampa-girdi\/","title":{"rendered":"Ey\u00fcpspor, Bolu&#8217;da kampa girdi!"},"content":{"rendered":"<p><p>Trendyol S\u00fcper Lig&#8217;in yeni ekiplerinden Ey\u00fcpspor, 2024-2025 sezonu haz\u0131rl\u0131klar\u0131 kapsam\u0131nda Bolu&#8217;da kampa girdi.<\/p>\n<p>Abant G\u00f6l\u00fc Milli Park\u0131 yolu \u00fczerinde bulunan bir otelde kampa giren Ey\u00fcpspor, ilk antrenman\u0131n\u0131 teknik direkt\u00f6r Arda Turan y\u00f6netiminde ger\u00e7ekle\u015ftirdi.<\/p>\n<p>Futbolcular, idmanda \u0131s\u0131nma ko\u015fusunun ard\u0131ndan kuvvet, koordinasyon ve pas \u00e7al\u0131\u015fmas\u0131 yapt\u0131.<\/p>\n<p>Ey\u00fcpspor, kamp s\u00fcresince g\u00fcnde \u00e7ift antrenman ve haz\u0131rl\u0131k ma\u00e7lar\u0131 yaparak yeni sezona haz\u0131rlanacak.<\/p>\n\n<p><\/p>\n<p>Kaynak :\u00a0<span style=\"background-color: rgb(255, 249, 236); color: rgb(55, 58, 60); font-size: 14px;\">http:\/\/www.milliyet.com.tr\/skorer\/eyupspor-boluda-kampa-girdi-7156428<\/span><\/p>\n","protected":false},"excerpt":{"rendered":"<p>Arda Turan y\u00f6netimindeki Ey\u00fcpspor, yeni sezon \u00f6ncesi Bolu&#8217;da kampa ba\u015flad\u0131.<\/p>\n","protected":false},"author":1,"featured_media":107239,"comment_status":"open","ping_status":"open","sticky":false,"template":"","format":"standard","meta":{"footnotes":""},"categories":[7],"tags":[],"class_list":["post-107238","post","type-post","status-publish","format-standard","has-post-thumbnail","hentry","category-spor"],"_links":{"self":[{"href":"https:\/\/kamucalisani.net\/index.php\/wp-json\/wp\/v2\/posts\/107238","targetHints":{"allow":["GET"]}}],"collection":[{"href":"https:\/\/kamucalisani.net\/index.php\/wp-json\/wp\/v2\/posts"}],"about":[{"href":"https:\/\/kamucalisani.net\/index.php\/wp-json\/wp\/v2\/types\/post"}],"author":[{"embeddable":true,"href":"https:\/\/kamucalisani.net\/index.php\/wp-json\/wp\/v2\/users\/1"}],"replies":[{"embeddable":true,"href":"https:\/\/kamucalisani.net\/index.php\/wp-json\/wp\/v2\/comments?post=107238"}],"version-history":[{"count":1,"href":"https:\/\/kamucalisani.net\/index.php\/wp-json\/wp\/v2\/posts\/107238\/revisions"}],"predecessor-version":[{"id":107240,"href":"https:\/\/kamucalisani.net\/index.php\/wp-json\/wp\/v2\/posts\/107238\/revisions\/107240"}],"wp:featuredmedia":[{"embeddable":true,"href":"https:\/\/kamucalisani.net\/index.php\/wp-json\/wp\/v2\/media\/107239"}],"wp:attachment":[{"href":"https:\/\/kamucalisani.net\/index.php\/wp-json\/wp\/v2\/media?parent=107238"}],"wp:term":[{"taxonomy":"category","embeddable":true,"href":"https:\/\/kamucalisani.net\/index.php\/wp-json\/wp\/v2\/categories?post=107238"},{"taxonomy":"post_tag","embeddable":true,"href":"https:\/\/kamucalisani.net\/index.php\/wp-json\/wp\/v2\/tags?post=107238"}],"curies":[{"name":"wp","href":"https:\/\/api.w.org\/{rel}","templated":true}]}}