{"id":107915,"date":"2024-10-17T13:48:06","date_gmt":"2024-10-17T13:48:06","guid":{"rendered":"https:\/\/kamucalisani.net\/?p=107915"},"modified":"2024-10-17T13:48:06","modified_gmt":"2024-10-17T13:48:06","slug":"otomobiller-carpisti-dede-ve-nine-oldu-3-torun-yaralandi","status":"publish","type":"post","link":"https:\/\/kamucalisani.net\/index.php\/2024\/10\/17\/otomobiller-carpisti-dede-ve-nine-oldu-3-torun-yaralandi\/","title":{"rendered":"Otomobiller \u00e7arp\u0131\u015ft\u0131! Dede ve nine \u00f6ld\u00fc, 3 torun yaraland\u0131"},"content":{"rendered":"<p><p>Kaza, sabah saatlerinde Torul il\u00e7esinin K\u00f6pr\u00fcba\u015f\u0131 Mahallesi&#8217;nde meydana geldi. G\u00fcm\u00fc\u015fhane\u2019den Trabzon y\u00f6n\u00fcne giden R.K. idaresindeki 29 DB 001 plakal\u0131 otomobil, kav\u015fa\u011fa girmeye \u00e7al\u0131\u015fan Veysel Yal\u00e7\u0131n\u2019\u0131n kulland\u0131\u011f\u0131 29 DA 474 plakal\u0131 otomobille \u00e7arp\u0131\u015ft\u0131.<\/p>\n<p>Savrulan ara\u00e7lar metrelerce s\u00fcr\u00fcklenirken, 29 DA 474 plakal\u0131 otomobildeki M\u00fcnevver Yal\u00e7\u0131n hayat\u0131n\u0131 kaybetti, s\u00fcr\u00fcc\u00fc e\u015fi Veysel Yal\u00e7\u0131n ile torunlar\u0131 Tolgahan, Tunahan ve \u0130lker Yal\u00e7\u0131n yaraland\u0131.<\/p>\n<p>\u0130hbarla b\u00f6lgeye sa\u011fl\u0131k, jandarma ve AFAD ekipleri sevk edildi. Yaral\u0131lar, ambulanslarla G\u00fcm\u00fc\u015fhane Devlet Hastanesi&#8217;ne kald\u0131r\u0131ld\u0131. Tedaviye al\u0131nan yaral\u0131lardan Veysel Yal\u00e7\u0131n da m\u00fcdahalelere ra\u011fmen kurtar\u0131lamad\u0131. Di\u011fer 3 yaral\u0131n\u0131n, hayati tehlikelerinin bulunmad\u0131\u011f\u0131 belirtildi.<\/p>\n<p>Kazayla ilgili soru\u015fturma ba\u015flat\u0131ld\u0131.<\/p>\n\n<p><\/p>\n<p>Kaynak :\u00a0<span style=\"background-color: rgb(255, 249, 236); color: rgb(55, 58, 60); font-size: 14px;\">http:\/\/www.milliyet.com.tr\/gundem\/otomobiller-carpisti-dede-ve-nine-oldu-3-torun-yaralandi-7156692<\/span><\/p>\n","protected":false},"excerpt":{"rendered":"<p>G\u00fcm\u00fc\u015fhane\u2019de iki otomobilin \u00e7arp\u0131\u015ft\u0131\u011f\u0131 kazada Veysel Yal\u00e7\u0131n (72) ile e\u015fi M\u00fcnevver Yal\u00e7\u0131n (70) hayat\u0131n\u0131 kaybetti. Kazada \u00e7iftin 3 torunu ise yaraland\u0131.<\/p>\n","protected":false},"author":1,"featured_media":107916,"comment_status":"open","ping_status":"open","sticky":false,"template":"","format":"standard","meta":{"footnotes":""},"categories":[3],"tags":[1942],"class_list":["post-107915","post","type-post","status-publish","format-standard","has-post-thumbnail","hentry","category-guncel","tag-yalcin"],"_links":{"self":[{"href":"https:\/\/kamucalisani.net\/index.php\/wp-json\/wp\/v2\/posts\/107915","targetHints":{"allow":["GET"]}}],"collection":[{"href":"https:\/\/kamucalisani.net\/index.php\/wp-json\/wp\/v2\/posts"}],"about":[{"href":"https:\/\/kamucalisani.net\/index.php\/wp-json\/wp\/v2\/types\/post"}],"author":[{"embeddable":true,"href":"https:\/\/kamucalisani.net\/index.php\/wp-json\/wp\/v2\/users\/1"}],"replies":[{"embeddable":true,"href":"https:\/\/kamucalisani.net\/index.php\/wp-json\/wp\/v2\/comments?post=107915"}],"version-history":[{"count":1,"href":"https:\/\/kamucalisani.net\/index.php\/wp-json\/wp\/v2\/posts\/107915\/revisions"}],"predecessor-version":[{"id":107917,"href":"https:\/\/kamucalisani.net\/index.php\/wp-json\/wp\/v2\/posts\/107915\/revisions\/107917"}],"wp:featuredmedia":[{"embeddable":true,"href":"https:\/\/kamucalisani.net\/index.php\/wp-json\/wp\/v2\/media\/107916"}],"wp:attachment":[{"href":"https:\/\/kamucalisani.net\/index.php\/wp-json\/wp\/v2\/media?parent=107915"}],"wp:term":[{"taxonomy":"category","embeddable":true,"href":"https:\/\/kamucalisani.net\/index.php\/wp-json\/wp\/v2\/categories?post=107915"},{"taxonomy":"post_tag","embeddable":true,"href":"https:\/\/kamucalisani.net\/index.php\/wp-json\/wp\/v2\/tags?post=107915"}],"curies":[{"name":"wp","href":"https:\/\/api.w.org\/{rel}","templated":true}]}}