{"id":107957,"date":"2024-10-17T16:24:07","date_gmt":"2024-10-17T16:24:07","guid":{"rendered":"https:\/\/kamucalisani.net\/?p=107957"},"modified":"2024-10-17T16:24:07","modified_gmt":"2024-10-17T16:24:07","slug":"yakin-arkadasini-oldurdu-kendisi-kardesim-annesi-annem-gibiydi","status":"publish","type":"post","link":"https:\/\/kamucalisani.net\/index.php\/2024\/10\/17\/yakin-arkadasini-oldurdu-kendisi-kardesim-annesi-annem-gibiydi\/","title":{"rendered":"Yak\u0131n arkada\u015f\u0131n\u0131 \u00f6ld\u00fcrd\u00fc! &#8216;Kendisi karde\u015fim, annesi annem gibiydi&#8217;"},"content":{"rendered":"<p><p>Olay, 19 \u015eubat 2023&#8217;de \u00d6mera\u011fa Mahallesi&#8217;nde meydana geldi. Burak B&#8217;nin (28) k\u0131z arkada\u015f\u0131n\u0131n, \u0130brahim Deniz Vayvalak&#8217;a (30) ve ailesine k\u00fcf\u00fcr etti\u011fi iddias\u0131yla konu\u015fmak i\u00e7in bir araya gelen arkada\u015flar\u0131n aras\u0131nda tart\u0131\u015fma \u00e7\u0131kt\u0131.<\/p>\n<p>Tart\u0131\u015fman\u0131n b\u00fcy\u00fcmesi \u00fczerine Burak B. yan\u0131nda bulunan b\u0131\u00e7akla \u0130brahim Deniz Vayvalak&#8217;\u0131 5 yerinden b\u0131\u00e7aklad\u0131. \u0130hbar \u00fczerine olay yerine gelen sa\u011fl\u0131k ekiplerince yap\u0131lan kontrollerde Vayvalak&#8217;\u0131n ya\u015fam\u0131n\u0131 yitirdi\u011fi tespit edildi. G\u00f6zalt\u0131na al\u0131nan Burak B. ise emniyetteki i\u015flemlerinin ard\u0131ndan tutukland\u0131.<\/p>\n<p><strong>&#8220;KEND\u0130S\u0130 KARDE\u015e\u0130M, ANNES\u0130 ANNEM G\u0130B\u0130YD\u0130&#8221;<\/strong><\/p>\n<p>Olayla ilgili a\u00e7\u0131lan davan\u0131n duru\u015fmas\u0131 Kocaeli 1. A\u011f\u0131r Ceza Mahkemesinde g\u00f6r\u00fclmeye devam etti. Duru\u015fmaya tutuklu san\u0131k Burak B. ve taraf avukatlar\u0131 kat\u0131ld\u0131. S\u00f6z hakk\u0131 verilen san\u0131k Burak B., &#8220;K\u00f6t\u00fc bir insan de\u011filim. Maktul i\u015f sahibi olsun diye elimden geleni yapt\u0131m, onu i\u015fe soktum. Kendisi karde\u015fim, annesi annem gibiydi. Olay Deniz&#8217;in \u00fcst\u00fcme y\u00fcr\u00fcmesi ve bana vurmas\u0131yla aniden ger\u00e7ekle\u015fti. Kendimi korumak i\u00e7in yapt\u0131m, \u00e7\u0131kmaz yola girdim. Cezaevinden \u00e7\u0131k\u0131nca d\u00fckkan a\u00e7aca\u011f\u0131m. Evlilik yoluna girecektim ama olmad\u0131. Elektronik kelep\u00e7eye de raz\u0131y\u0131m, yerim yurdu belli. Zaten olay sonras\u0131nda ka\u00e7mad\u0131m, kendi r\u0131zamla teslim oldum. Tahliyemi talep ediyorum&#8221; dedi.<\/p>\n<p><strong>12 YILDAN 18 YILA KADAR HAP\u0130S TALEB\u0130<\/strong><\/p>\n<p>Cumhuriyet savc\u0131s\u0131 m\u00fctalaas\u0131nda, san\u0131\u011f\u0131n haks\u0131z tahrik alt\u0131nda olay\u0131 ger\u00e7ekle\u015ftirdi\u011fine kanaat getirerek, 12 y\u0131ldan 18 y\u0131la kadar hapisle cezaland\u0131r\u0131lmas\u0131n\u0131 talep etti. Mahkeme heyeti, san\u0131\u011f\u0131n tutukluluk halinin devam\u0131na duru\u015fman\u0131n ertelenmesine karar verdi.<\/p>\n\n<p><\/p>\n<p>Kaynak :\u00a0<span style=\"background-color: rgb(255, 249, 236); color: rgb(55, 58, 60); font-size: 14px;\">http:\/\/www.milliyet.com.tr\/gundem\/yakin-arkadasini-oldurdu-kendisi-kardesim-annesi-annem-gibiydi-7156716<\/span><\/p>\n","protected":false},"excerpt":{"rendered":"<p>Kocaeli&#8217;de k\u00fcf\u00fcr sebebiyle \u00e7\u0131kan tart\u0131\u015fmada yak\u0131n arkada\u015f\u0131n\u0131 5 yerinden b\u0131\u00e7aklayarak \u00f6ld\u00fcren san\u0131k, ilk hamlenin kar\u015f\u0131 taraftan geldi\u011fini, kendisini korumak amac\u0131yla hareket etti\u011fini belirterek, &#8220;Kendisi karde\u015fim, annesi annem gibiydi&#8221; dedi.<\/p>\n","protected":false},"author":1,"featured_media":107958,"comment_status":"open","ping_status":"open","sticky":false,"template":"","format":"standard","meta":{"footnotes":""},"categories":[3],"tags":[5678,377],"class_list":["post-107957","post","type-post","status-publish","format-standard","has-post-thumbnail","hentry","category-guncel","tag-burak","tag-olay"],"_links":{"self":[{"href":"https:\/\/kamucalisani.net\/index.php\/wp-json\/wp\/v2\/posts\/107957","targetHints":{"allow":["GET"]}}],"collection":[{"href":"https:\/\/kamucalisani.net\/index.php\/wp-json\/wp\/v2\/posts"}],"about":[{"href":"https:\/\/kamucalisani.net\/index.php\/wp-json\/wp\/v2\/types\/post"}],"author":[{"embeddable":true,"href":"https:\/\/kamucalisani.net\/index.php\/wp-json\/wp\/v2\/users\/1"}],"replies":[{"embeddable":true,"href":"https:\/\/kamucalisani.net\/index.php\/wp-json\/wp\/v2\/comments?post=107957"}],"version-history":[{"count":1,"href":"https:\/\/kamucalisani.net\/index.php\/wp-json\/wp\/v2\/posts\/107957\/revisions"}],"predecessor-version":[{"id":107959,"href":"https:\/\/kamucalisani.net\/index.php\/wp-json\/wp\/v2\/posts\/107957\/revisions\/107959"}],"wp:featuredmedia":[{"embeddable":true,"href":"https:\/\/kamucalisani.net\/index.php\/wp-json\/wp\/v2\/media\/107958"}],"wp:attachment":[{"href":"https:\/\/kamucalisani.net\/index.php\/wp-json\/wp\/v2\/media?parent=107957"}],"wp:term":[{"taxonomy":"category","embeddable":true,"href":"https:\/\/kamucalisani.net\/index.php\/wp-json\/wp\/v2\/categories?post=107957"},{"taxonomy":"post_tag","embeddable":true,"href":"https:\/\/kamucalisani.net\/index.php\/wp-json\/wp\/v2\/tags?post=107957"}],"curies":[{"name":"wp","href":"https:\/\/api.w.org\/{rel}","templated":true}]}}