{"id":108191,"date":"2024-10-18T02:12:06","date_gmt":"2024-10-18T02:12:06","guid":{"rendered":"https:\/\/kamucalisani.net\/?p=108191"},"modified":"2024-10-18T02:12:06","modified_gmt":"2024-10-18T02:12:06","slug":"yeni-ipad-mini-cikmadan-deger-kaybetti-iste-nedeni","status":"publish","type":"post","link":"https:\/\/kamucalisani.net\/index.php\/2024\/10\/18\/yeni-ipad-mini-cikmadan-deger-kaybetti-iste-nedeni\/","title":{"rendered":"Yeni iPad Mini \u00e7\u0131kmadan de\u011fer kaybetti: \u0130\u015fte nedeni"},"content":{"rendered":"<p><figure> <span> <img decoding=\"async\" src=\"https:\/\/kamucalisani.net\/wp-content\/uploads\/2024\/10\/yeni-ipad-mini-cikmadan-deger-kaybetti-iste-nedeni-0-sPAiWj3B.jpg\"\/> <\/span> Bildi\u011finiz gibi Apple, yapay zeka \u00f6zellikleriyle donat\u0131lan 2024 iPad mini modelini tan\u0131tt\u0131.\u00a0Bu, b\u00fcy\u00fck oranda s\u00fcrpriz oldu keza cihaz\u0131n 1 Kas\u0131m&#8217;a kadar duyurulmas\u0131 beklenmiyordu. Peki yeni iPad Mini, i\u015flem g\u00fcc\u00fc ve bellek kapasitesi konusunda neler sunuyor? \u015eimdi\u00a0cihazda kullan\u0131lan\u00a0<strong>A17 Pro\u00a0<\/strong>hakk\u0131nda baz\u0131 ilgin\u00e7 detaylar payla\u015f\u0131ld\u0131.\u00a0 <\/figure>\n<p><b>K\u0131rp\u0131lm\u0131\u015f A17 Pro&#8217;dan g\u00fc\u00e7 al\u0131yor<\/b><\/p>\n<p>Son raporlara g\u00f6re ilk etapta iPhone 15 Pro modelleri i\u00e7in \u00fcretilen ve yeni\u00a0iPad Mini&#8217;de de kullan\u0131lan<strong> A17 Pro \u00e7ipi\u00a0<\/strong>tamam\u0131yla ayn\u0131. Ancak \u00fcretilen i\u015flemcilerin k\u00fc\u00e7\u00fck bir y\u00fczdesinin <strong>ar\u0131zal\u0131 bir GPU \u00e7ekirde\u011fine sahip oldu\u011fu<\/strong> ve Apple&#8217;\u0131n bu \u00e7ekirde\u011fi devre d\u0131\u015f\u0131 b\u0131rakt\u0131\u011f\u0131 s\u00f6yleniyor. Yani s\u00f6z konusu \u00e7ipler iPad Mini ile yeniden de\u011ferlendirilmi\u015f durumda. Ayr\u0131ca iPhone 15 Pro ve Pro Max&#8217;in halihaz\u0131rda \u00fcretimden kalkt\u0131\u011f\u0131n\u0131 da belirtelim.\u00a0<\/p>\n<p>Apple&#8217;\u0131n teknik \u00f6zelliklerine g\u00f6re, iPad mini 7&#8217;deki A17 Pro \u00e7ipi 5 \u00e7ekirdekli bir GPU&#8217;ya sahipken, iPhone 15 Pro modellerinde \u00e7ip 6 \u00e7ekirdekli bir GPU&#8217;ya sahip. Bu, iPad mini&#8217;nin iPhone 15 Pro modellerine k\u0131yasla biraz daha k\u00f6t\u00fc grafik performans\u0131na sahip olaca\u011f\u0131 anlam\u0131na geliyor.<\/p>\n<p>Daha \u00f6nce Apple, yeni iPad mini&#8217;deki A17 Pro \u00e7ipinin \u00f6nceki modeldeki<strong> A15 Bionic \u00e7ipine k\u0131yasla %30&#8217;a kadar daha h\u0131zl\u0131 CPU performans\u0131<\/strong> ve <strong>%25&#8217;e kadar daha h\u0131zl\u0131 GPU performans\u0131 sa\u011flad\u0131\u011f\u0131n\u0131<\/strong> belirtti. Yeni iPad Mini&#8217;nin ger\u00e7ek d\u00fcnya k\u0131yaslama sonu\u00e7lar\u0131 ise hen\u00fcz ortaya \u00e7\u0131kmad\u0131, ancak Apple&#8217;\u0131n genellikle ger\u00e7e\u011fe yak\u0131n rakamlar payla\u015ft\u0131\u011f\u0131n\u0131 biliyoruz.\u00a0<\/p>\n<p>Ayr\u0131ca\u00a0yeni iPad mini&#8217;nin Apple Intelligence&#8217;\u0131 destekledi\u011fi g\u00f6z \u00f6n\u00fcne al\u0131nd\u0131\u011f\u0131nda, 8 GB RAM&#8217;e sahip olmas\u0131 muhtemel. Bu bir \u00f6nceki s\u00fcr\u00fcmde 4GB ile s\u0131n\u0131rl\u0131 kalm\u0131\u015ft\u0131. Ancak t\u00fcm bu detaylar i\u00e7in 23 Ekim tarihini beklememiz gerekiyor. Ka\u00e7\u0131ranlar i\u00e7in Apple, iPad mini 7\u2019yi mavi, mor, y\u0131ld\u0131z \u0131\u015f\u0131\u011f\u0131 ve uzay grisi renk se\u00e7enekleriyle sat\u0131\u015fa sunacak. iPad mini 7. nesil fiyat\u0131\u00a0<strong>24.000 TL&#8217;den<\/strong>\u00a0ba\u015fl\u0131yor ve \u00f6n sipari\u015fler halihaz\u0131rda ba\u015flam\u0131\u015f durumda.<\/p>\n\n<p>Kaynak\u00a0 :\u00a0<span style=\"background-color: rgb(255, 249, 236); color: rgb(55, 58, 60); font-size: 14px;\">https:\/\/www.donanimhaber.com\/yeni-ipad-mini-cikmadan-deger-kaybetti-iste-nedeni&#8211;183185<\/span><\/p>\n","protected":false},"excerpt":{"rendered":"<p>Bildi\u011finiz gibi Apple, yapay zeka \u00f6zellikleriyle donat\u0131lan 2024 iPad mini modelini tan\u0131tt\u0131.\u00a0Bu, b\u00fcy\u00fck oranda s\u00fcrpriz oldu keza cihaz\u0131n 1 Kas\u0131m&#8217;a kadar duyurulmas\u0131 beklenmiyordu. Peki yeni iPad Mini, i\u015flem g\u00fcc\u00fc ve bellek kapasitesi konusunda neler &#8230;<\/p>\n","protected":false},"author":1,"featured_media":108192,"comment_status":"open","ping_status":"open","sticky":false,"template":"","format":"standard","meta":{"footnotes":""},"categories":[8],"tags":[82,480,5609,118],"class_list":["post-108191","post","type-post","status-publish","format-standard","has-post-thumbnail","hentry","category-teknoloji","tag-apple","tag-cip","tag-ipad-mini","tag-pro"],"_links":{"self":[{"href":"https:\/\/kamucalisani.net\/index.php\/wp-json\/wp\/v2\/posts\/108191","targetHints":{"allow":["GET"]}}],"collection":[{"href":"https:\/\/kamucalisani.net\/index.php\/wp-json\/wp\/v2\/posts"}],"about":[{"href":"https:\/\/kamucalisani.net\/index.php\/wp-json\/wp\/v2\/types\/post"}],"author":[{"embeddable":true,"href":"https:\/\/kamucalisani.net\/index.php\/wp-json\/wp\/v2\/users\/1"}],"replies":[{"embeddable":true,"href":"https:\/\/kamucalisani.net\/index.php\/wp-json\/wp\/v2\/comments?post=108191"}],"version-history":[{"count":1,"href":"https:\/\/kamucalisani.net\/index.php\/wp-json\/wp\/v2\/posts\/108191\/revisions"}],"predecessor-version":[{"id":108194,"href":"https:\/\/kamucalisani.net\/index.php\/wp-json\/wp\/v2\/posts\/108191\/revisions\/108194"}],"wp:featuredmedia":[{"embeddable":true,"href":"https:\/\/kamucalisani.net\/index.php\/wp-json\/wp\/v2\/media\/108192"}],"wp:attachment":[{"href":"https:\/\/kamucalisani.net\/index.php\/wp-json\/wp\/v2\/media?parent=108191"}],"wp:term":[{"taxonomy":"category","embeddable":true,"href":"https:\/\/kamucalisani.net\/index.php\/wp-json\/wp\/v2\/categories?post=108191"},{"taxonomy":"post_tag","embeddable":true,"href":"https:\/\/kamucalisani.net\/index.php\/wp-json\/wp\/v2\/tags?post=108191"}],"curies":[{"name":"wp","href":"https:\/\/api.w.org\/{rel}","templated":true}]}}