{"id":108515,"date":"2024-10-18T16:48:11","date_gmt":"2024-10-18T16:48:11","guid":{"rendered":"https:\/\/kamucalisani.net\/?p=108515"},"modified":"2024-10-18T16:48:11","modified_gmt":"2024-10-18T16:48:11","slug":"kaldirin-ellerinizi-engelleyelim-olumleri","status":"publish","type":"post","link":"https:\/\/kamucalisani.net\/index.php\/2024\/10\/18\/kaldirin-ellerinizi-engelleyelim-olumleri\/","title":{"rendered":"\u2018Kald\u0131r\u0131n ellerinizi engelleyelim \u00f6l\u00fcmleri\u2019"},"content":{"rendered":"<p><p><strong>ANKARA Milliyet &#8211;<\/strong> CHP Genel Ba\u015fkan\u0131 \u00d6zg\u00fcr \u00d6zel, partisinin TBMM Grubu toplant\u0131s\u0131nda g\u00fcndeme dair a\u00e7\u0131klamalarda bulundu. CHP lideri konu\u015fmas\u0131nda \u00f6zetle \u015funlar\u0131 s\u00f6yledi:\u00a0<\/p>\n<p><strong>ARA\u015eTIRMA KOM\u0130SYONU KURULSUN:<\/strong> \u0130zmir Konak\u2019ta izlemeye katlanamad\u0131\u011f\u0131m\u0131z ak\u0131lalmaz bir ihmal sonucunda gencecik iki karde\u015fimizi kaybettik. Bu mesele ile ilgili grup ba\u015fkanvekillerimiz bir Meclis Ara\u015ft\u0131rma Komisyonu kurulmas\u0131n\u0131 istediler. Buradan bir kaza olunca \u2018Aman ucu bize dokunacaksa\u2019 diye her \u015feye hay\u0131r diyenlere \u2018hadi\u2019 diyorum. AK Parti, MHP, belki de ucu bize, bizim belediyeye dokunacak. Kald\u0131r\u0131n elleri, engelleyelim \u00f6l\u00fcmleri. Kurun \u015fu komisyonu.\u00a0<\/p>\n<p><strong>DEPREM KONUTLARI TEPK\u0130S\u0130:<\/strong> \u00c7i\u00e7e\u011fi burnunda \u00c7evre ve \u015eehircilik Bakan\u0131, bumerang gibi millet at\u0131yor, O geri geliyor. \u015eimdi \u00e7\u0131km\u0131\u015f Bakan diyor ki; \u20182025 sonuna kadar b\u00fct\u00fcn konutlar bitecek.\u2019 Tutulmayan s\u00f6zlerden hesap sorulmaya ihtiya\u00e7 var.\u00a0<\/p>\n<p><strong>LEBLEB\u0130 \u00d6RNE\u011e\u0130:<\/strong> G\u00fcya hayvan haklar\u0131 kanunu. Evet, T\u00fcrkiye\u2019de ba\u015f\u0131bo\u015f k\u00f6pek sorunu var. Ama bunun \u00e7\u00f6z\u00fcm\u00fc i\u00e7in insanc\u0131l, ak\u0131lc\u0131, bilimsel y\u00f6ntemlerin uygulanmas\u0131 gerekirken, verilen kanun teklifi mu\u011flak ifadelerle \u00f6ld\u00fcrmeyi me\u015frula\u015ft\u0131ran ve \u00e7\u00f6z\u00fcm\u00fc tamamen belediyelerde uygulay\u0131c\u0131lar\u0131n inisiyatifine b\u0131rakan, bak\u0131mevi a\u00e7ma zorunlulu\u011funu 2028\u2019e kadar erteleyen, yani ka\u015f yapay\u0131m derken g\u00f6z \u00e7\u0131karan, hayvanlar\u0131n ya\u015fam hakk\u0131n\u0131 tehdit eden bir \u00f6l\u00fcm yasas\u0131. Bir aya\u011f\u0131 olmayan Mira k\u00f6pek gibi, Say\u0131n Emine Han\u0131m ile Tayyip Bey\u2019in sahiplendi\u011fi engelli k\u00f6pek Leblebi gibi k\u00f6pekleri alacaklar hayatlar\u0131na son verecekler. Say\u0131n Erdo\u011fan\u2019a da s\u00f6yledim; hepimizin evlatlar\u0131, torunlar\u0131 hayvan haklar\u0131 meselesine duyarl\u0131lar. Siz milyonlarca hayvan\u0131 katlettirdi\u011finizde, bir ku\u015fakta hi\u00e7birimizi affetmeyecek bir travma yaratacaks\u0131n\u0131z. CHP olarak bunun kar\u015f\u0131s\u0131nday\u0131z.\u00a0<\/p>\n<p><strong>TW\u0130TTER SOLCULARI:<\/strong> Ge\u00e7ti\u011fimiz hafta elektriklerin yak\u0131l\u0131p s\u00f6nd\u00fcr\u00fclmesini istedik. 3 g\u00fcn s\u00fcrd\u00fcrd\u00fc\u011f\u00fcm\u00fcz eyleme T\u00fcrkiye\u2019nin d\u00f6rt bir yan\u0131ndan kat\u0131l\u0131mlar oldu. Ama baz\u0131lar\u0131 d\u00f6nd\u00fcler, \u2018Yeterince \u0131\u015f\u0131k yanm\u0131yor\u2019. Ne demek istiyorsun? Bir s\u00f6z\u00fcm de klavye muhaliflerine, Twitter solcular\u0131na. Karde\u015fim bu millet tarihinin en b\u00fcy\u00fck yoksullu\u011funu ya\u015f\u0131yor. \u00c7\u0131k\u0131n meydanlara m\u00fccadaleye destek verin.\u00a0<\/p>\n<p><strong>EMEKL\u0130 ZAMMINA TEPK\u0130:<\/strong> En d\u00fc\u015f\u00fck emekli maa\u015f\u0131 6 ay \u00f6nce 10 bin lira oldu\u011funda 25 kilo dana k\u0131yma al\u0131yordu. Bug\u00fcn yapt\u0131klar\u0131 s\u00f6zde zamla 20 kiloya \u00e7\u0131kt\u0131. Bunun ad\u0131 zam de\u011fil emekliye ihanettir.\u00a0<\/p>\n<p><strong>\u2018Elektrik \u00f6nerisi\u2019 kabul edilmedi<\/strong><\/p>\n<p>TBMM Genel Kurulunda CHP\u2019nin \u201cElektrik da\u011f\u0131t\u0131m sisteminin \u00f6zelle\u015ftirilmesi\u201d \u00fczerine verdi\u011fi grup \u00f6nerisi kabul edilmedi. CHP \u0130zmir Milletvekili Ednan Arslan, \u0130zmir\u2019in Konak il\u00e7esinde ya\u011fmur sonras\u0131 olu\u015fan su birikintisinde iki vatanda\u015f\u0131n elektrik ak\u0131m\u0131na kap\u0131larak hayat\u0131n\u0131 kaybetti\u011fini hat\u0131rlatarak, ara\u015ft\u0131rma komisyonunun kurulmas\u0131n\u0131 ve elektrik da\u011f\u0131t\u0131m \u015firketlerinin denetlenmesini istedi. Ancak \u00f6neri kabul edilmedi.<\/p>\n\n<p><\/p>\n<p>Kaynak :\u00a0<span style=\"background-color: rgb(255, 249, 236); color: rgb(55, 58, 60); font-size: 14px;\">http:\/\/www.milliyet.com.tr\/gundem\/kaldirin-ellerinizi-engelleyelim-olumleri-7156993<\/span><\/p>\n","protected":false},"excerpt":{"rendered":"<p>CHP lideri \u00d6zel, partisinin grup toplant\u0131s\u0131nda \u201cKonak\u2019ta ak\u0131lalmaz bir ihmal sonucunda gencecik iki evlad\u0131m\u0131z\u0131 kaybettik. Meclis Ara\u015ft\u0131rma Komisyonu kurulmas\u0131n\u0131 istedik. AK Parti, MHP, belki de ucu bize, bizim belediyeye dokunacak. Kald\u0131r\u0131n elleri, engelleyelim \u00f6l\u00fcmleri. Kurun \u015fu komisyonu\u201d dedi.<\/p>\n","protected":false},"author":1,"featured_media":108516,"comment_status":"open","ping_status":"open","sticky":false,"template":"","format":"standard","meta":{"footnotes":""},"categories":[3],"tags":[271,412],"class_list":["post-108515","post","type-post","status-publish","format-standard","has-post-thumbnail","hentry","category-guncel","tag-chp","tag-elektrik"],"_links":{"self":[{"href":"https:\/\/kamucalisani.net\/index.php\/wp-json\/wp\/v2\/posts\/108515","targetHints":{"allow":["GET"]}}],"collection":[{"href":"https:\/\/kamucalisani.net\/index.php\/wp-json\/wp\/v2\/posts"}],"about":[{"href":"https:\/\/kamucalisani.net\/index.php\/wp-json\/wp\/v2\/types\/post"}],"author":[{"embeddable":true,"href":"https:\/\/kamucalisani.net\/index.php\/wp-json\/wp\/v2\/users\/1"}],"replies":[{"embeddable":true,"href":"https:\/\/kamucalisani.net\/index.php\/wp-json\/wp\/v2\/comments?post=108515"}],"version-history":[{"count":1,"href":"https:\/\/kamucalisani.net\/index.php\/wp-json\/wp\/v2\/posts\/108515\/revisions"}],"predecessor-version":[{"id":108517,"href":"https:\/\/kamucalisani.net\/index.php\/wp-json\/wp\/v2\/posts\/108515\/revisions\/108517"}],"wp:featuredmedia":[{"embeddable":true,"href":"https:\/\/kamucalisani.net\/index.php\/wp-json\/wp\/v2\/media\/108516"}],"wp:attachment":[{"href":"https:\/\/kamucalisani.net\/index.php\/wp-json\/wp\/v2\/media?parent=108515"}],"wp:term":[{"taxonomy":"category","embeddable":true,"href":"https:\/\/kamucalisani.net\/index.php\/wp-json\/wp\/v2\/categories?post=108515"},{"taxonomy":"post_tag","embeddable":true,"href":"https:\/\/kamucalisani.net\/index.php\/wp-json\/wp\/v2\/tags?post=108515"}],"curies":[{"name":"wp","href":"https:\/\/api.w.org\/{rel}","templated":true}]}}