{"id":108954,"date":"2025-02-03T05:12:09","date_gmt":"2025-02-03T05:12:09","guid":{"rendered":"https:\/\/kamucalisani.net\/?p=108954"},"modified":"2025-02-03T05:12:09","modified_gmt":"2025-02-03T05:12:09","slug":"honor-magic-7-serisi-canli-olarak-goruntulendi-iste-tasarimi","status":"publish","type":"post","link":"https:\/\/kamucalisani.net\/index.php\/2025\/02\/03\/honor-magic-7-serisi-canli-olarak-goruntulendi-iste-tasarimi\/","title":{"rendered":"Honor Magic 7 serisi canl\u0131 olarak g\u00f6r\u00fcnt\u00fclendi: \u0130\u015fte tasar\u0131m\u0131"},"content":{"rendered":"<p><figure> <span> <img decoding=\"async\" src=\"https:\/\/kamucalisani.net\/wp-content\/uploads\/2025\/02\/honor-magic-7-serisi-canli-olarak-goruntulendi-iste-tasarimi-0-PyuOiJPk.jpg\"\/> <\/span> Honor\u2019un yak\u0131nda tan\u0131taca\u011f\u0131 ak\u0131ll\u0131 telefonu Magic 7\u2019yi ge\u00e7ti\u011fimiz g\u00fcnlerde \u015firketin CEO\u2019su Zhao Ming\u2019in elinde g\u00f6rm\u00fc\u015ft\u00fck. As\u0131l merak edilen arka tasar\u0131m\u0131 da yeni bir s\u0131z\u0131nt\u0131da ortaya \u00e7\u0131kt\u0131. <\/figure>\n<p><strong>Honor Magic 7<\/strong> ve<strong> Magic 7 Pro<\/strong>\u2019nun y\u00fcksek kaliteli render g\u00f6rselleri ve ger\u00e7ek foto\u011fraflar\u0131 payla\u015f\u0131ld\u0131. Arkada g\u00f6ze \u00e7arpan detay g\u00fcm\u00fc\u015f veya gri kenarl\u0131 sekizgen tasar\u0131ma sahip kamera b\u00f6l\u00fcm\u00fc. Mod\u00fcl, \u00fc\u00e7 kamera sens\u00f6r\u00fcne (periscope telefoto lens dahil) ve LEF fla\u015fa ev sahipli\u011fi yap\u0131yor. Altta markan\u0131n logosu da dikkat \u00e7ekiyor.<\/p>\n<p>Honor Magic 7\u2019nin renk se\u00e7eneklerini merak edenler i\u00e7in; alt\u0131n, beyaz, siyah, mavi ve gri renkler olacak. Pro modelde daha yumu\u015fak beyaz, siyah, mavi ve gri renk se\u00e7enekleri olacak. En \u00fcst ve pahal\u0131 modelde 1TB depolama alan\u0131 olacak. Bellek miktar\u0131 hen\u00fcz bilinmiyor.<\/p>\n<p><b>Honor Magic 7 serisi beklenen \u00f6zellikleri<\/b><\/p>\n<p>Magic 7 serisi, Qualcomm\u2019un Snapdragon 8 Elite i\u015flemcisi ile gelebilir. Kamera kurulumu, 50MP ana kamera (Omnivision OV50H), 50MP periskop telefoto lens (Sony IMX882) ve 50MP &#8211; 200MP aras\u0131 de\u011fi\u015fen \u00fc\u00e7\u00fcnc\u00fc bir sens\u00f6rden (Samsung HP3) olu\u015facak. Standart modelin 1.5K \u00e7\u00f6z\u00fcn\u00fcrl\u00fckl\u00fc, Pro\u2019nun 2K \u00e7\u00f6z\u00fcn\u00fcrl\u00fckl\u00fc OLED ekrana sahip olaca\u011f\u0131 s\u00f6yleniyor. Pro\u2019nun ayr\u0131ca 100w kablolu, 66w kablosuz \u015farj\u0131 destekleyen 5800 mAh bataryadan g\u00fc\u00e7 almas\u0131 bekleniyor. Her iki modelin de IP68\/IP69 sertifikas\u0131na ve ultrasonic parmak izi okuyucuyla gelmesi muhtemel. Pro modelde uydu ba\u011flant\u0131s\u0131 da olabilir.<\/p>\n<p>Honor\u2019un telefondan \u00f6nce <strong>MagicOS 9.0<\/strong> i\u015fletim sistemini tan\u0131tacak. Magic 7 serisinin tasar\u0131m\u0131 ve \u00f6zelliklerine ili\u015fkin t\u00fcm detaylar\u0131 30 Ekim\u2019de \u00f6\u011frenece\u011fiz.<\/p>\n\n<p>Kaynak\u00a0 :\u00a0<span style=\"background-color: rgb(255, 249, 236); color: rgb(55, 58, 60); font-size: 14px;\">https:\/\/www.donanimhaber.com\/honor-magic-7-pro-canli-olarak-goruntulendi-iste-tasarimi&#8211;183271<\/span><\/p>\n","protected":false},"excerpt":{"rendered":"<p>Honor\u2019un yak\u0131nda tan\u0131taca\u011f\u0131 ak\u0131ll\u0131 telefonu Magic 7\u2019yi ge\u00e7ti\u011fimiz g\u00fcnlerde \u015firketin CEO\u2019su Zhao Ming\u2019in elinde g\u00f6rm\u00fc\u015ft\u00fck. As\u0131l merak edilen arka tasar\u0131m\u0131 da yeni bir s\u0131z\u0131nt\u0131da ortaya \u00e7\u0131kt\u0131. Honor Magic 7 ve Magic 7 Pro\u2019nun y\u00fcksek kaliteli render &#8230;<\/p>\n","protected":false},"author":1,"featured_media":108955,"comment_status":"open","ping_status":"open","sticky":false,"template":"","format":"standard","meta":{"footnotes":""},"categories":[8],"tags":[2091,118],"class_list":["post-108954","post","type-post","status-publish","format-standard","has-post-thumbnail","hentry","category-teknoloji","tag-honor","tag-pro"],"_links":{"self":[{"href":"https:\/\/kamucalisani.net\/index.php\/wp-json\/wp\/v2\/posts\/108954","targetHints":{"allow":["GET"]}}],"collection":[{"href":"https:\/\/kamucalisani.net\/index.php\/wp-json\/wp\/v2\/posts"}],"about":[{"href":"https:\/\/kamucalisani.net\/index.php\/wp-json\/wp\/v2\/types\/post"}],"author":[{"embeddable":true,"href":"https:\/\/kamucalisani.net\/index.php\/wp-json\/wp\/v2\/users\/1"}],"replies":[{"embeddable":true,"href":"https:\/\/kamucalisani.net\/index.php\/wp-json\/wp\/v2\/comments?post=108954"}],"version-history":[{"count":1,"href":"https:\/\/kamucalisani.net\/index.php\/wp-json\/wp\/v2\/posts\/108954\/revisions"}],"predecessor-version":[{"id":108957,"href":"https:\/\/kamucalisani.net\/index.php\/wp-json\/wp\/v2\/posts\/108954\/revisions\/108957"}],"wp:featuredmedia":[{"embeddable":true,"href":"https:\/\/kamucalisani.net\/index.php\/wp-json\/wp\/v2\/media\/108955"}],"wp:attachment":[{"href":"https:\/\/kamucalisani.net\/index.php\/wp-json\/wp\/v2\/media?parent=108954"}],"wp:term":[{"taxonomy":"category","embeddable":true,"href":"https:\/\/kamucalisani.net\/index.php\/wp-json\/wp\/v2\/categories?post=108954"},{"taxonomy":"post_tag","embeddable":true,"href":"https:\/\/kamucalisani.net\/index.php\/wp-json\/wp\/v2\/tags?post=108954"}],"curies":[{"name":"wp","href":"https:\/\/api.w.org\/{rel}","templated":true}]}}