{"id":109108,"date":"2025-04-30T14:24:12","date_gmt":"2025-04-30T14:24:12","guid":{"rendered":"https:\/\/kamucalisani.net\/?p=109108"},"modified":"2025-04-30T14:24:12","modified_gmt":"2025-04-30T14:24:12","slug":"samsung-galaxy-s25-ve-s25-uitranin-maket-goruntuleri-sizdi-iste-tasarimi","status":"publish","type":"post","link":"https:\/\/kamucalisani.net\/index.php\/2025\/04\/30\/samsung-galaxy-s25-ve-s25-uitranin-maket-goruntuleri-sizdi-iste-tasarimi\/","title":{"rendered":"Samsung Galaxy S25 ve S25 UItra&#8217;n\u0131n maket g\u00f6r\u00fcnt\u00fcleri s\u0131zd\u0131: \u0130\u015fte tasar\u0131m\u0131"},"content":{"rendered":"<p><figure> <span> <img decoding=\"async\" src=\"https:\/\/kamucalisani.net\/wp-content\/uploads\/2025\/04\/samsung-galaxy-s25-ve-s25-uitranin-maket-goruntuleri-sizdi-iste-tasarimi-0-tlsPbJZR.jpg\"\/> <\/span> Samsung\u2019un \u00f6n\u00fcm\u00fczdeki y\u0131l tan\u0131taca\u011f\u0131\u00a0<strong>Galaxy S25, 25+ ve S25 Ultra modelleri\u00a0<\/strong>hakk\u0131nda s\u0131z\u0131nt\u0131lar\u0131n ard\u0131 arkas\u0131 kesilmiyor.\u00a0Bildi\u011finiz \u00fczere serinin amiral gemisi modeli, ge\u00e7ti\u011fimiz y\u0131l titanyum \u00e7er\u00e7eve ba\u015fta olmak \u00fczere bir dizi yeniliklerle kar\u015f\u0131m\u0131za \u00e7\u0131km\u0131\u015ft\u0131. Ge\u00e7ti\u011fimiz saatlerde ise,\u00a0<strong>Galaxy S25, S25+, S25 Ultra&#8217;n\u0131n maket g\u00f6r\u00fcnt\u00fcleri ortaya \u00e7\u0131kt\u0131<\/strong>.\u00a0Gelin tasar\u0131m\u0131na hep birlikte g\u00f6z atal\u0131m. <\/figure>\n<p><b>Galaxy S25, S25+, S25 Ultra maket g\u00f6r\u00fcnt\u00fcleri ortaya \u00e7\u0131kt\u0131<\/b><\/p>\n<p>Hat\u0131rlayanlar olacakt\u0131r,\u00a0<strong>Galaxy S25 Ultra<\/strong>&#8216;n\u0131n tasar\u0131m\u0131 ilk kez ge\u00e7ti\u011fimiz haftalarda ortaya \u00e7\u0131km\u0131\u015f ve telefonun\u00a0<strong>yuvarlat\u0131lm\u0131\u015f k\u00f6\u015felere ve d\u00fcz kenarlara<\/strong>\u00a0sahip olaca\u011f\u0131 do\u011frulanm\u0131\u015ft\u0131. Son s\u0131z\u0131nt\u0131lar ise bunu do\u011frular nitelikte. Aktar\u0131ld\u0131\u011f\u0131 kadar\u0131yla Samsung, Galaxy S25 serisinde minimalist tasar\u0131m anlay\u0131\u015f\u0131n\u0131 s\u00fcrd\u00fcrecek.<\/p>\n<figure> <span> <img decoding=\"async\" src=\"https:\/\/kamucalisani.net\/wp-content\/uploads\/2025\/04\/samsung-galaxy-s25-ve-s25-uitranin-maket-goruntuleri-sizdi-iste-tasarimi-1-Yb8h6wnq.jpg\"\/> <\/span> Buna g\u00f6re Galaxy S25&#8217;in boyutlar\u0131, selefinin 147 x 70.6 x 7.6 mm boyutlar\u0131na k\u0131yasla\u00a0146,94 x 70,46 x 7,25 mm \u00f6l\u00e7\u00fclerinde olacak. Galaxy S25 Plus&#8217;\u0131n ise\u00a0158,44 x 75,79 x 7,35 mm \u00f6l\u00e7\u00fclerinde tan\u0131t\u0131laca\u011f\u0131 belirtiliyor. Bu da selefinden 0,35mm daha ince. S25 Ultra ise, 162,82 x 77,65 x 8,25 mm boyutlar\u0131nda geliyor. K\u0131yaslamak ad\u0131na S24 Ultra,\u00a0162.3 x 79 x 8.6 mm boyutlar\u0131nda sat\u0131\u015fa \u00e7\u0131km\u0131\u015ft\u0131. <\/figure>\n<ul>\n<li>Galaxy S25:\u00a0146,94 x 70,46 x 7,25 mm<\/li>\n<li>Galaxy S25+:\u00a0158,44 x 75,79 x 7,35 mm<\/li>\n<li>Galaxy S25 Ultra: 162.3 x 79 x 8.6 mm<\/li>\n<\/ul>\n<p>Galaxy S24 serisinin sevkiyat rakamlar\u0131 a\u00e7\u0131s\u0131ndan ba\u015far\u0131s\u0131 g\u00f6z \u00f6n\u00fcne al\u0131nd\u0131\u011f\u0131nda, Samsung muhtemelen bu ivmeyi devam ettirmek istiyor. Ancak tasar\u0131msal yeniliklerin yan\u0131 s\u0131ra, yonga seti b\u00f6l\u00fcm\u00fcnde bir kez daha eskiye d\u00f6nece\u011fiz.\u00a0Bildi\u011finiz gibi Samsung, \u015eubat 2023&#8217;te tan\u0131t\u0131lan Galaxy S23 modellerinde yaln\u0131zca Snapdragon 8 Gen 2 for Galaxy i\u015flemciye yer verdi.<\/p>\n<p>\u015eirketin mevcut amiral gemisi Galaxy S24 ve S24 Plus ise, sat\u0131ld\u0131\u011f\u0131 b\u00f6lgeye g\u00f6re\u00a0<strong>Snapdragon<\/strong>\u00a0ve\u00a0<strong>Exynos\u00a0<\/strong>kurulumundan g\u00fc\u00e7 al\u0131yor. Galaxy S25 serisinde ise Exynos 2500&#8217;de ya\u015fanan fabrikasyon sorunlar\u0131 nedeniyle t\u00fcm modellerin Snapdragon 8 Gen 4&#8217;ten g\u00fc\u00e7 almas\u0131 bekleniyor.<\/p>\n<p><b>Galaxy S25, S25 ve S25 Ultra ne zaman tan\u0131t\u0131lacak?<\/b><\/p>\n<p>Samsung, Galaxy S24 serisini Ocak 2024&#8217;te tan\u0131tt\u0131. Bu nedenle, Galaxy S25 serisinin Ocak 2025&#8217;te piyasaya \u00e7\u0131kt\u0131\u011f\u0131n\u0131 g\u00f6rebiliriz. \u015eu anda S25 serisinin fiyatland\u0131rmas\u0131 hakk\u0131nda herhangi bir bilgi yok.<\/p>\n\n<p>Kaynak\u00a0 :\u00a0<span style=\"background-color: rgb(255, 249, 236); color: rgb(55, 58, 60); font-size: 14px;\">https:\/\/www.donanimhaber.com\/samsung-galaxy-s25-ve-s25-uitra-nin-maket-goruntuleri-sizdi&#8211;183311<\/span><\/p>\n","protected":false},"excerpt":{"rendered":"<p>Samsung\u2019un \u00f6n\u00fcm\u00fczdeki y\u0131l tan\u0131taca\u011f\u0131\u00a0Galaxy S25, 25+ ve S25 Ultra modelleri\u00a0hakk\u0131nda s\u0131z\u0131nt\u0131lar\u0131n ard\u0131 arkas\u0131 kesilmiyor.\u00a0Bildi\u011finiz \u00fczere serinin amiral gemisi modeli, ge\u00e7ti\u011fimiz y\u0131l titanyum \u00e7er\u00e7eve ba\u015fta olmak \u00fczere bir dizi yeniliklerle &#8230;<\/p>\n","protected":false},"author":1,"featured_media":109109,"comment_status":"open","ping_status":"open","sticky":false,"template":"","format":"standard","meta":{"footnotes":""},"categories":[8],"tags":[176,107,2909,175],"class_list":["post-109108","post","type-post","status-publish","format-standard","has-post-thumbnail","hentry","category-teknoloji","tag-galaxy","tag-galaxy-s25","tag-s24","tag-samsung"],"_links":{"self":[{"href":"https:\/\/kamucalisani.net\/index.php\/wp-json\/wp\/v2\/posts\/109108","targetHints":{"allow":["GET"]}}],"collection":[{"href":"https:\/\/kamucalisani.net\/index.php\/wp-json\/wp\/v2\/posts"}],"about":[{"href":"https:\/\/kamucalisani.net\/index.php\/wp-json\/wp\/v2\/types\/post"}],"author":[{"embeddable":true,"href":"https:\/\/kamucalisani.net\/index.php\/wp-json\/wp\/v2\/users\/1"}],"replies":[{"embeddable":true,"href":"https:\/\/kamucalisani.net\/index.php\/wp-json\/wp\/v2\/comments?post=109108"}],"version-history":[{"count":1,"href":"https:\/\/kamucalisani.net\/index.php\/wp-json\/wp\/v2\/posts\/109108\/revisions"}],"predecessor-version":[{"id":109112,"href":"https:\/\/kamucalisani.net\/index.php\/wp-json\/wp\/v2\/posts\/109108\/revisions\/109112"}],"wp:featuredmedia":[{"embeddable":true,"href":"https:\/\/kamucalisani.net\/index.php\/wp-json\/wp\/v2\/media\/109109"}],"wp:attachment":[{"href":"https:\/\/kamucalisani.net\/index.php\/wp-json\/wp\/v2\/media?parent=109108"}],"wp:term":[{"taxonomy":"category","embeddable":true,"href":"https:\/\/kamucalisani.net\/index.php\/wp-json\/wp\/v2\/categories?post=109108"},{"taxonomy":"post_tag","embeddable":true,"href":"https:\/\/kamucalisani.net\/index.php\/wp-json\/wp\/v2\/tags?post=109108"}],"curies":[{"name":"wp","href":"https:\/\/api.w.org\/{rel}","templated":true}]}}