{"id":109329,"date":"2025-05-01T00:36:08","date_gmt":"2025-05-01T00:36:08","guid":{"rendered":"https:\/\/kamucalisani.net\/?p=109329"},"modified":"2025-05-01T00:36:08","modified_gmt":"2025-05-01T00:36:08","slug":"allan-saint-maximin-resmen-fenerbahcede-iste-sozlesme-detaylari","status":"publish","type":"post","link":"https:\/\/kamucalisani.net\/index.php\/2025\/05\/01\/allan-saint-maximin-resmen-fenerbahcede-iste-sozlesme-detaylari\/","title":{"rendered":"Allan Saint-Maximin resmen Fenerbah\u00e7e&#8217;de! \u0130\u015fte s\u00f6zle\u015fme detaylar\u0131"},"content":{"rendered":"<p><p>Fenerbah\u00e7e Allan Saint Maximin&#8217;i 1 y\u0131ll\u0131\u011f\u0131na kiral\u0131k olarak transfer etti\u011fini KAP&#8217;a bildirdi.<\/p>\n<p>KAP&#8217;a yap\u0131lan bildirimde \u015fu ifadeler kullan\u0131ld\u0131:\u00a0<strong>Profesyonel futbolcu Allan Irenee Saint-Maximin&#8217;in ge\u00e7ici transferi konusunda kul\u00fcb\u00fc ve kendisi ile anla\u015fmaya var\u0131lm\u0131\u015ft\u0131r. \u0130mzalanan kiralama s\u00f6zle\u015fmesi kapsam\u0131nda Al-Ahli kul\u00fcb\u00fcne toplam 8.000.000 Avro, 4 e\u015fit taksitle \u00f6denecektir.<\/strong><\/p>\n<p><strong>MAA\u015eINI AL AHLI KAR\u015eILAYACAK<\/strong><\/p>\n<p><strong>\u0130lgili s\u00f6zle\u015fme uyar\u0131nca, oyuncunun 2024-2025 sezonunda alaca\u011f\u0131 maa\u015f Al-Ahli kul\u00fcb\u00fc taraf\u0131ndan kar\u015f\u0131lanacakt\u0131r. Yat\u0131r\u0131mc\u0131lar\u0131m\u0131z\u0131n bilgisine sunar\u0131z.<\/strong><\/p>\n<p>Kul\u00fcb\u00fcn resmi internet sitesinden yap\u0131lan a\u00e7\u0131klama \u015f\u00f6yle: <strong>Kul\u00fcb\u00fcm\u00fcz, Frans\u0131z kanat oyuncusu Allan Saint-Maximin\u2019in 1 y\u0131ll\u0131\u011f\u0131na kiral\u0131k transferi i\u00e7in kendisi ve kul\u00fcb\u00fc Al-Ahli ile anla\u015fmaya vard\u0131. 27 ya\u015f\u0131ndaki futbolcu, 2024-25 sezonunda Fenerbah\u00e7emizin formas\u0131n\u0131 giyecek. Allan Saint-Maximin\u2019e \u2018Ailemize ho\u015f geldin\u2019 diyor, Fenerbah\u00e7emiz ile nice \u015fampiyonluklar diliyoruz.<\/strong><\/p>\n<p>\u00a0<\/p>\n\n<p><\/p>\n<p>Kaynak :\u00a0<span style=\"background-color: rgb(255, 249, 236); color: rgb(55, 58, 60); font-size: 14px;\">http:\/\/www.milliyet.com.tr\/skorer\/allan-saint-maximin-resmen-fenerbahcede-iste-sozlesme-detaylari-7157333<\/span><\/p>\n","protected":false},"excerpt":{"rendered":"<p>Sar\u0131-lacivertli kul\u00fcp, Frans\u0131z y\u0131ld\u0131z\u0131 1 y\u0131ll\u0131\u011f\u0131na kiral\u0131k olarak kadrosuna katt\u0131\u011f\u0131n\u0131 KAP&#8217;a bildirdi. Y\u0131ld\u0131z kanat oyuncusunun s\u00f6zle\u015fme detaylar\u0131 belli oldu.<\/p>\n","protected":false},"author":1,"featured_media":109330,"comment_status":"open","ping_status":"open","sticky":false,"template":"","format":"standard","meta":{"footnotes":""},"categories":[7],"tags":[],"class_list":["post-109329","post","type-post","status-publish","format-standard","has-post-thumbnail","hentry","category-spor"],"_links":{"self":[{"href":"https:\/\/kamucalisani.net\/index.php\/wp-json\/wp\/v2\/posts\/109329","targetHints":{"allow":["GET"]}}],"collection":[{"href":"https:\/\/kamucalisani.net\/index.php\/wp-json\/wp\/v2\/posts"}],"about":[{"href":"https:\/\/kamucalisani.net\/index.php\/wp-json\/wp\/v2\/types\/post"}],"author":[{"embeddable":true,"href":"https:\/\/kamucalisani.net\/index.php\/wp-json\/wp\/v2\/users\/1"}],"replies":[{"embeddable":true,"href":"https:\/\/kamucalisani.net\/index.php\/wp-json\/wp\/v2\/comments?post=109329"}],"version-history":[{"count":1,"href":"https:\/\/kamucalisani.net\/index.php\/wp-json\/wp\/v2\/posts\/109329\/revisions"}],"predecessor-version":[{"id":109331,"href":"https:\/\/kamucalisani.net\/index.php\/wp-json\/wp\/v2\/posts\/109329\/revisions\/109331"}],"wp:featuredmedia":[{"embeddable":true,"href":"https:\/\/kamucalisani.net\/index.php\/wp-json\/wp\/v2\/media\/109330"}],"wp:attachment":[{"href":"https:\/\/kamucalisani.net\/index.php\/wp-json\/wp\/v2\/media?parent=109329"}],"wp:term":[{"taxonomy":"category","embeddable":true,"href":"https:\/\/kamucalisani.net\/index.php\/wp-json\/wp\/v2\/categories?post=109329"},{"taxonomy":"post_tag","embeddable":true,"href":"https:\/\/kamucalisani.net\/index.php\/wp-json\/wp\/v2\/tags?post=109329"}],"curies":[{"name":"wp","href":"https:\/\/api.w.org\/{rel}","templated":true}]}}